{"id":77765,"date":"2024-12-17T14:04:31","date_gmt":"2024-12-17T14:04:31","guid":{"rendered":"https:\/\/tvbrazilusa.com\/2024\/12\/17\/urgente-operacao-da-pf-prende-delgado-e-outros-policiais-da-civil\/"},"modified":"2024-12-17T14:04:33","modified_gmt":"2024-12-17T14:04:33","slug":"urgente-operacao-da-pf-prende-delgado-e-outros-policiais-da-civil","status":"publish","type":"post","link":"https:\/\/tvbrazilusa.com\/pt\/2024\/12\/17\/urgente-operacao-da-pf-prende-delgado-e-outros-policiais-da-civil\/","title":{"rendered":"URGENTE: Opera\u00e7\u00e3o da PF prende delgado e outros policiais da civil"},"content":{"rendered":"<p> <script async src=\"https:\/\/pagead2.googlesyndication.com\/pagead\/js\/adsbygoogle.js?client=ca-pub-8864793242727901\"\r\n     crossorigin=\"anonymous\"><\/script><br \/>\n<\/p>\n<div id=\"taboola-read-more\" style=\"display:block; width:100%\">\n<p>O delegado F\u00e1bio Baena est\u00e1 entre os presos na \u201cOpera\u00e7\u00e3o Tacitus\u201d, deflagrada na manh\u00e3 desta ter\u00e7a-feira (17) por policiais federais em conjunto com o Gaeco. Outros tr\u00eas policiais civis tamb\u00e9m foram detidos.\n<\/p>\n<div id=\"mid2\" class=\"custom__ad__element\" data-google-query-id=\"CNrujuXkrooDFe2IYQYdEpQByw\">F\u00e1bio Baena foi delatado pelo empres\u00e1rio Vinicius Gritzbach, executado na \u00e1rea de desembarque do Aeroporto de Guarulhos no dia 8 de novembro. Os policiais foram presos porque haviam sido delatados por Gritzbach.<\/p>\n<p>Com a dela\u00e7\u00e3o, a pol\u00edcia intensificou a investiga\u00e7\u00e3o contra eles depois da morte do empres\u00e1rio do PCC e conseguiu reunir ind\u00edcios apontando que eles haviam cometidos crimes.<\/p>\n<\/div>\n<div class=\"custom__ad__element\" data-google-query-id=\"CNrujuXkrooDFe2IYQYdEpQByw\">\n<p>Ainda n\u00e3o h\u00e1 comprova\u00e7\u00e3o da liga\u00e7\u00e3o dos policiais com a execu\u00e7\u00e3o de Vinicius, mas h\u00e1 uma suspeita sendo investigada. Para al\u00e9m das pris\u00f5es, o objetivo da opera\u00e7\u00e3o de hoje \u00e9 coletar provas que auxiliem na investiga\u00e7\u00e3o sobre a poss\u00edvel participa\u00e7\u00e3o de policiais na morte do empres\u00e1rio.<\/p>\n<p>Fonte: CNN Brasil\u00a0\n<\/p>\n<\/div><\/div>\n<p><br \/>\n<br \/><a href=\"https:\/\/diariodobrasilnoticias.com.br\/noticia\/urgente-operacao-da-pf-prende-delgado-e-outros-policiais-da-civil-67616d4da72c5\">Source link <\/a><\/p>","protected":false},"excerpt":{"rendered":"<p>O delegado F\u00e1bio Baena est\u00e1 entre os presos na \u201cOpera\u00e7\u00e3o Tacitus\u201d, deflagrada na manh\u00e3 desta ter\u00e7a-feira (17) por policiais federais em conjunto com o Gaeco. Outros tr\u00eas policiais civis tamb\u00e9m&hellip;<\/p>","protected":false},"author":1,"featured_media":77766,"comment_status":"closed","ping_status":"open","sticky":false,"template":"","format":"standard","meta":{"content-type":"","footnotes":""},"categories":[16],"tags":[123,2448,5313,1267],"class_list":["post-77765","post","type-post","status-publish","format-standard","has-post-thumbnail","hentry","category-noticias","tag-brasil","tag-diario","tag-noticia","tag-noticias"],"_links":{"self":[{"href":"https:\/\/tvbrazilusa.com\/pt\/wp-json\/wp\/v2\/posts\/77765","targetHints":{"allow":["GET"]}}],"collection":[{"href":"https:\/\/tvbrazilusa.com\/pt\/wp-json\/wp\/v2\/posts"}],"about":[{"href":"https:\/\/tvbrazilusa.com\/pt\/wp-json\/wp\/v2\/types\/post"}],"author":[{"embeddable":true,"href":"https:\/\/tvbrazilusa.com\/pt\/wp-json\/wp\/v2\/users\/1"}],"replies":[{"embeddable":true,"href":"https:\/\/tvbrazilusa.com\/pt\/wp-json\/wp\/v2\/comments?post=77765"}],"version-history":[{"count":1,"href":"https:\/\/tvbrazilusa.com\/pt\/wp-json\/wp\/v2\/posts\/77765\/revisions"}],"predecessor-version":[{"id":77767,"href":"https:\/\/tvbrazilusa.com\/pt\/wp-json\/wp\/v2\/posts\/77765\/revisions\/77767"}],"wp:featuredmedia":[{"embeddable":true,"href":"https:\/\/tvbrazilusa.com\/pt\/wp-json\/wp\/v2\/media\/77766"}],"wp:attachment":[{"href":"https:\/\/tvbrazilusa.com\/pt\/wp-json\/wp\/v2\/media?parent=77765"}],"wp:term":[{"taxonomy":"category","embeddable":true,"href":"https:\/\/tvbrazilusa.com\/pt\/wp-json\/wp\/v2\/categories?post=77765"},{"taxonomy":"post_tag","embeddable":true,"href":"https:\/\/tvbrazilusa.com\/pt\/wp-json\/wp\/v2\/tags?post=77765"}],"curies":[{"name":"wp","href":"https:\/\/api.w.org\/{rel}","templated":true}]}}