{"id":77782,"date":"2024-12-17T14:33:09","date_gmt":"2024-12-17T14:33:09","guid":{"rendered":"https:\/\/tvbrazilusa.com\/2024\/12\/17\/milei-facilita-o-acesso-a-armas-de-fogo-e-reduz-a-idade-minima-para-posse-de-armamentos-na-argentina\/"},"modified":"2024-12-17T14:33:10","modified_gmt":"2024-12-17T14:33:10","slug":"milei-facilita-o-acesso-a-armas-de-fogo-e-reduz-a-idade-minima-para-posse-de-armamentos-na-argentina","status":"publish","type":"post","link":"https:\/\/tvbrazilusa.com\/pt\/2024\/12\/17\/milei-facilita-o-acesso-a-armas-de-fogo-e-reduz-a-idade-minima-para-posse-de-armamentos-na-argentina\/","title":{"rendered":"Milei facilita o acesso a armas de fogo e reduz a idade m\u00ednima para posse de armamentos na Argentina"},"content":{"rendered":"<p> <script async src=\"https:\/\/pagead2.googlesyndication.com\/pagead\/js\/adsbygoogle.js?client=ca-pub-8864793242727901\"\r\n     crossorigin=\"anonymous\"><\/script><br \/>\n<\/p>\n<div id=\"taboola-read-more\" style=\"display:block; width:100%\">\n<p>Em conson\u00e2ncia com a ret\u00f3rica da extrema direita global, o governo de Javier Milei avan\u00e7a na desregulamenta\u00e7\u00e3o do acesso \u00e0s armas de fogo na Argentina. Na \u00faltima segunda-feira, o presidente decretou a redu\u00e7\u00e3o da idade m\u00ednima para o uso de armas: sem debate ou participa\u00e7\u00e3o do Congresso, Milei decidiu diminuir a exig\u00eancia de 21 para 18 anos. Enquanto altos funcion\u00e1rios exibem-se nas redes sociais praticando tiro ou posando com pistolas e rifles, o Executivo tamb\u00e9m promove uma lei para \u201cincentivar e facilitar\u201d a posse de armas, entre outras medidas que flexibilizam os controles atuais.\n<\/p>\n<p>O principal argumento do governo para reduzir a idade m\u00ednima para posse de armas \u00e9 que, desde 2009, a maioridade na Argentina \u00e9 atingida aos 18 anos, e n\u00e3o mais aos 21. A Rede Argentina para o Desarmamento adverte que o discurso e as decis\u00f5es do governo sugerem a viol\u00eancia como solu\u00e7\u00e3o para conflitos e aumentam os riscos para a popula\u00e7\u00e3o. Na Argentina, com uma popula\u00e7\u00e3o de 46 milh\u00f5es de pessoas, h\u00e1 pouco mais de 1 milh\u00e3o de usu\u00e1rios de armas registrados, com 1,7 milh\u00e3o de armas autorizadas. Especialistas em seguran\u00e7a estimam, no entanto, que as armas n\u00e3o registradas s\u00e3o o dobro desse n\u00famero.<\/p>\n<p>\u201cA partir de agora, maiores de 18 anos podem ser usu\u00e1rios leg\u00edtimos de armas\u201d, celebrou no X a ministra da Seguran\u00e7a de Milei, Patricia Bullrich, ao anunciar o decreto presidencial. \u201cAos 16 anos, eles podem votar. Aos 18, podem ir para a guerra, formar uma fam\u00edlia ou integrar for\u00e7as de seguran\u00e7a. E, por incr\u00edvel que pare\u00e7a, em qualquer idade eles podem escolher uma mudan\u00e7a de sexo que os marcar\u00e1 para sempre. Ent\u00e3o, por que aos 18 anos n\u00e3o poderiam ser usu\u00e1rios ou portadores leg\u00edtimos de uma arma?\u201d, questionou Bullrich, que tamb\u00e9m defende a redu\u00e7\u00e3o da idade de imputabilidade penal para 13 anos.\n<\/p>\n<p>\u2014 Embora a medida esteja alinhada \u00e0 mudan\u00e7a na maioridade, tamb\u00e9m \u00e9 uma mensagem simb\u00f3lica muito perigosa \u2014 diz Mar\u00eda Pia Devoto, coordenadora da Rede de Seguran\u00e7a Humana na Am\u00e9rica Latina e no Caribe e diretora da Associa\u00e7\u00e3o para a An\u00e1lise de Pol\u00edticas P\u00fablicas. \u2014 Em um momento em que o discurso p\u00fablico nas redes sociais e na m\u00eddia \u00e9 dominado pela agressividade e pelo desprezo ao pensamento divergente, essa medida pode levar muitas pessoas a se sentirem autorizadas a usar a viol\u00eancia. A decis\u00e3o contradiz as estat\u00edsticas, que mostram que as maiores v\u00edtimas de armas de fogo s\u00e3o homens jovens.\n<\/p>\n<p>Juli\u00e1n Alfie, membro da Rede Argentina para o Desarmamento, argumenta que a restri\u00e7\u00e3o de idade para o uso de armas n\u00e3o deveria estar vinculada \u00e0 maioridade legal, mas sim \u00e0 preven\u00e7\u00e3o de riscos. Para ele, n\u00e3o \u00e9 coincid\u00eancia que, em pa\u00edses como o Brasil, a idade m\u00ednima para ter acesso a uma arma de fogo seja de 25 anos \u2014 ou que, em alguns estados dos Estados Unidos, tenha sido elevada para 21 anos. Alfie alerta que, em sua vis\u00e3o, a medida ignora quest\u00f5es espec\u00edficas dessa faixa et\u00e1ria, como o maior risco de suic\u00eddio, acidentes e decis\u00f5es impulsivas, considerando que jovens dessa idade \u201ct\u00eam alto grau de vulnerabilidade\u201d.\n<\/p>\n<p>Mercado legal<br \/>O decreto de Milei n\u00e3o foi uma medida isolada. Quando ainda era deputado nacional, ele j\u00e1 manifestava apoio ao \u201clivre porte de armas\u201d. Embora tenha tentado moderar esse discurso durante a campanha eleitoral, a plataforma de seu partido, A Liberdade Avan\u00e7a, propunha a \u201cdesregulamenta\u00e7\u00e3o do mercado legal\u201d de armas de fogo, seguindo o mesmo caminho tomado por outros pol\u00edticos de extrema direita, como o republicano Donald Trump nos Estados Unidos ou o ex-presidente Jair Bolsonaro (2019-2022) no Brasil.\n<\/p>\n<p>A vice-presidente argentina, Victoria Villarruel, declarou ser uma \u201cusu\u00e1ria leg\u00edtima\u201d de armas e argumentou a favor de que \u201ccidad\u00e3os de bem possam se defender\u201d contra crimes. No m\u00eas passado, ela visitou a principal f\u00e1brica privada de armas da Argentina, a Bersa, e posou para fotos segurando um rifle. Antes de se desentenderem, Milei e Villarruel chegaram a aparecer juntos num tanque de guerra durante um desfile militar.\n<\/p>\n<p>A exibi\u00e7\u00e3o de armas de fogo \u00e9 comum entre integrantes do governo argentino, legisladores e militantes. O principal assessor de Milei, Santiago Caputo, foi visto nas redes sociais fazendo aulas de tiro. Tamb\u00e9m \u00e9 p\u00fablica a afinidade com armas do secret\u00e1rio da Cultura, Nahuel Sotelo, e de outros dirigentes libert\u00e1rios como Daniel Parisini, que recentemente lan\u00e7ou a organiza\u00e7\u00e3o As For\u00e7as do C\u00e9u, autodenominada \u201cbra\u00e7o armado\u201d de Milei.\n<\/p>\n<p>\u2018Sociedade violenta\u2019<br \/>Al\u00e9m da elimina\u00e7\u00e3o de alguns controles sobre os solicitantes e sobre aqueles que renovam as licen\u00e7as, a principal iniciativa do governo na \u00e1rea at\u00e9 agora foi um Projeto de Lei para \u201cpromover e facilitar o acesso legal \u00e0 posse de armas de fogo\u201d, segundo o Minist\u00e9rio da Seguran\u00e7a. A proposta, que j\u00e1 foi aprovada pela C\u00e2mara de Deputados e agora aguarda vota\u00e7\u00e3o no Senado, tem dois objetivos principais. Primeiro, prorrogar o plano de entrega volunt\u00e1ria de armas para destrui\u00e7\u00e3o, em vigor desde 2007, mas suspenso desde dezembro passado. Depois, regularizar armas de uso civil n\u00e3o registradas ou com registro vencido.\n<\/p>\n<p>O promotor Gabriel Gonz\u00e1lez da Silva, respons\u00e1vel pela Unidade Especializada na Investiga\u00e7\u00e3o de Crimes Relacionados a Armas de Fogo, alertou que o projeto poderia representar \u201cuma esp\u00e9cie de anistia penal\u201d para \u201cqualquer pessoa que tente \u2018regularizar\u2019 armas de fogo no pa\u00eds\u201d.\n<\/p>\n<p>\u2014 As decis\u00f5es do governo s\u00e3o preocupantes porque ocorrem num contexto de flexibiliza\u00e7\u00e3o no acesso \u00e0s armas de fogo \u2014 conclui Alfie. \u2014 A Argentina sempre teve uma pol\u00edtica restritiva para o acesso a armas, e nossa sociedade sempre compreendeu que a maior circula\u00e7\u00e3o de armas aumenta os n\u00edveis de viol\u00eancia e o risco de que qualquer conflito termine em morte ou ferimentos graves. Hoje vemos um governo promovendo o acesso a armas, quando o papel do Estado deveria ser conscientizar sobre seus riscos. O que est\u00e3o promovendo \u00e9 uma sociedade mais violenta.<\/p>\n<p>Fonte: O Globo              <\/p>\n<\/div>\n<p><br \/>\n<br \/><a href=\"https:\/\/diariodobrasilnoticias.com.br\/noticia\/milei-facilita-o-acesso-a-armas-de-fogo-e-reduz-a-idade-minima-para-posse-de-armamentos-na-argentina-67616e7058afd\">Source link <\/a><\/p>","protected":false},"excerpt":{"rendered":"<p>Em conson\u00e2ncia com a ret\u00f3rica da extrema direita global, o governo de Javier Milei avan\u00e7a na desregulamenta\u00e7\u00e3o do acesso \u00e0s armas de fogo na Argentina. Na \u00faltima segunda-feira, o presidente&hellip;<\/p>","protected":false},"author":1,"featured_media":77783,"comment_status":"closed","ping_status":"open","sticky":false,"template":"","format":"standard","meta":{"content-type":"","footnotes":""},"categories":[16],"tags":[123,2448,5313,1267],"class_list":["post-77782","post","type-post","status-publish","format-standard","has-post-thumbnail","hentry","category-noticias","tag-brasil","tag-diario","tag-noticia","tag-noticias"],"_links":{"self":[{"href":"https:\/\/tvbrazilusa.com\/pt\/wp-json\/wp\/v2\/posts\/77782","targetHints":{"allow":["GET"]}}],"collection":[{"href":"https:\/\/tvbrazilusa.com\/pt\/wp-json\/wp\/v2\/posts"}],"about":[{"href":"https:\/\/tvbrazilusa.com\/pt\/wp-json\/wp\/v2\/types\/post"}],"author":[{"embeddable":true,"href":"https:\/\/tvbrazilusa.com\/pt\/wp-json\/wp\/v2\/users\/1"}],"replies":[{"embeddable":true,"href":"https:\/\/tvbrazilusa.com\/pt\/wp-json\/wp\/v2\/comments?post=77782"}],"version-history":[{"count":1,"href":"https:\/\/tvbrazilusa.com\/pt\/wp-json\/wp\/v2\/posts\/77782\/revisions"}],"predecessor-version":[{"id":77784,"href":"https:\/\/tvbrazilusa.com\/pt\/wp-json\/wp\/v2\/posts\/77782\/revisions\/77784"}],"wp:featuredmedia":[{"embeddable":true,"href":"https:\/\/tvbrazilusa.com\/pt\/wp-json\/wp\/v2\/media\/77783"}],"wp:attachment":[{"href":"https:\/\/tvbrazilusa.com\/pt\/wp-json\/wp\/v2\/media?parent=77782"}],"wp:term":[{"taxonomy":"category","embeddable":true,"href":"https:\/\/tvbrazilusa.com\/pt\/wp-json\/wp\/v2\/categories?post=77782"},{"taxonomy":"post_tag","embeddable":true,"href":"https:\/\/tvbrazilusa.com\/pt\/wp-json\/wp\/v2\/tags?post=77782"}],"curies":[{"name":"wp","href":"https:\/\/api.w.org\/{rel}","templated":true}]}}