{"id":77791,"date":"2024-12-17T14:45:00","date_gmt":"2024-12-17T14:45:00","guid":{"rendered":"https:\/\/tvbrazilusa.com\/2024\/12\/17\/em-ato-de-desespero-homem-arremessa-garrafa-contra-viatura-da-pm-e-e-preso-quero-me-livrar-das-drogas-veja-video\/"},"modified":"2024-12-17T14:45:02","modified_gmt":"2024-12-17T14:45:02","slug":"em-ato-de-desespero-homem-arremessa-garrafa-contra-viatura-da-pm-e-e-preso-quero-me-livrar-das-drogas-veja-video","status":"publish","type":"post","link":"https:\/\/tvbrazilusa.com\/pt\/2024\/12\/17\/em-ato-de-desespero-homem-arremessa-garrafa-contra-viatura-da-pm-e-e-preso-quero-me-livrar-das-drogas-veja-video\/","title":{"rendered":"Em ato de desespero, homem arremessa garrafa contra viatura da PM e \u00e9 preso: &#8216;quero me livrar das drogas&#8217;; VEJA V\u00cdDEO"},"content":{"rendered":"<p> <script async src=\"https:\/\/pagead2.googlesyndication.com\/pagead\/js\/adsbygoogle.js?client=ca-pub-8864793242727901\"\r\n     crossorigin=\"anonymous\"><\/script><br \/>\n<\/p>\n<div id=\"taboola-read-more\" style=\"display:block; width:100%\">\n<p>Um homem de 24 anos foi preso ap\u00f3s arremessar uma garrafa contra uma viatura da Pol\u00edcia Militar, quebrando o para-brisa, na sexta-feira (13) em Divin\u00f3polis, Minas Gerais. Segundo a PM, ele declarou que queria ser preso para &#8220;largar as drogas&#8221;.<\/p>\n<p>Os policiais estavam a caminho de uma ocorr\u00eancia quando foram surpreendidos pelo ataque. Durante a abordagem, al\u00e9m de insultar os militares, o suspeito afirmou que enxergava na pris\u00e3o uma oportunidade para se livrar do v\u00edcio. Ele j\u00e1 havia se envolvido em outra ocorr\u00eancia ao tentar pagar um conserto de celular com um cigarro. O homem foi levado \u00e0 Pol\u00edcia Civil.\n<\/p>\n<p>ASSISTA:<\/p>\n<p>Fonte: Jovem Pan              <\/p>\n<\/div>\n<p><br \/>\n<br \/><a href=\"https:\/\/diariodobrasilnoticias.com.br\/noticia\/em-ato-de-desespero-homem-arremessa-garrafa-contra-viatura-da-pm-e-e-preso-quero-me-livrar-das-drogas-veja-video-67617887c372c\">Source link <\/a><\/p>","protected":false},"excerpt":{"rendered":"<p>Um homem de 24 anos foi preso ap\u00f3s arremessar uma garrafa contra uma viatura da Pol\u00edcia Militar, quebrando o para-brisa, na sexta-feira (13) em Divin\u00f3polis, Minas Gerais. Segundo a PM,&hellip;<\/p>","protected":false},"author":1,"featured_media":77792,"comment_status":"closed","ping_status":"open","sticky":false,"template":"","format":"standard","meta":{"content-type":"","footnotes":""},"categories":[16],"tags":[123,2448,5313,1267],"class_list":["post-77791","post","type-post","status-publish","format-standard","has-post-thumbnail","hentry","category-noticias","tag-brasil","tag-diario","tag-noticia","tag-noticias"],"_links":{"self":[{"href":"https:\/\/tvbrazilusa.com\/pt\/wp-json\/wp\/v2\/posts\/77791","targetHints":{"allow":["GET"]}}],"collection":[{"href":"https:\/\/tvbrazilusa.com\/pt\/wp-json\/wp\/v2\/posts"}],"about":[{"href":"https:\/\/tvbrazilusa.com\/pt\/wp-json\/wp\/v2\/types\/post"}],"author":[{"embeddable":true,"href":"https:\/\/tvbrazilusa.com\/pt\/wp-json\/wp\/v2\/users\/1"}],"replies":[{"embeddable":true,"href":"https:\/\/tvbrazilusa.com\/pt\/wp-json\/wp\/v2\/comments?post=77791"}],"version-history":[{"count":1,"href":"https:\/\/tvbrazilusa.com\/pt\/wp-json\/wp\/v2\/posts\/77791\/revisions"}],"predecessor-version":[{"id":77793,"href":"https:\/\/tvbrazilusa.com\/pt\/wp-json\/wp\/v2\/posts\/77791\/revisions\/77793"}],"wp:featuredmedia":[{"embeddable":true,"href":"https:\/\/tvbrazilusa.com\/pt\/wp-json\/wp\/v2\/media\/77792"}],"wp:attachment":[{"href":"https:\/\/tvbrazilusa.com\/pt\/wp-json\/wp\/v2\/media?parent=77791"}],"wp:term":[{"taxonomy":"category","embeddable":true,"href":"https:\/\/tvbrazilusa.com\/pt\/wp-json\/wp\/v2\/categories?post=77791"},{"taxonomy":"post_tag","embeddable":true,"href":"https:\/\/tvbrazilusa.com\/pt\/wp-json\/wp\/v2\/tags?post=77791"}],"curies":[{"name":"wp","href":"https:\/\/api.w.org\/{rel}","templated":true}]}}