{"id":77821,"date":"2024-12-17T15:24:16","date_gmt":"2024-12-17T15:24:16","guid":{"rendered":"https:\/\/tvbrazilusa.com\/2024\/12\/17\/atencao-ataque-de-abelhas-em-residencia-veja-video\/"},"modified":"2024-12-17T15:24:19","modified_gmt":"2024-12-17T15:24:19","slug":"atencao-ataque-de-abelhas-em-residencia-veja-video","status":"publish","type":"post","link":"https:\/\/tvbrazilusa.com\/pt\/2024\/12\/17\/atencao-ataque-de-abelhas-em-residencia-veja-video\/","title":{"rendered":"ATEN\u00c7\u00c3O: Ataque de abelhas em resid\u00eancia; VEJA V\u00cdDEO"},"content":{"rendered":"<p> <script async src=\"https:\/\/pagead2.googlesyndication.com\/pagead\/js\/adsbygoogle.js?client=ca-pub-8864793242727901\"\r\n     crossorigin=\"anonymous\"><\/script><br \/>\n<\/p>\n<div>\n<figure class=\"post-image\">\n<\/figure>\n<p>            <span style=\"font-size: 12px\"> Foto: Reprodu\u00e7\u00e3o\/GCM Ambiental Guaruj\u00e1<\/span><\/p>\n<p>            <!-- end metas --><br \/>\n            <!-- ADS --><\/p>\n<div id=\"taboola-read-more\" style=\"display:block; width:100%\">\n<p>O Grupamento de Defesa Ambiental (GDA) de Guaruj\u00e1, no litoral de S\u00e3o Paulo, retirou uma colmeia instalada em uma casa na Base A\u00e9rea de Santos. Conforme apurado pelo g1, nesta ter\u00e7a-feira (17), abelhas africanizadas (Apis mellifera) atacaram moradores e animais na resid\u00eancia.\n<\/p>\n<p>Conforme divulgado pela Guarda Civil Municipal (GCM), a colmeia estava dentro de um pequeno dep\u00f3sito nos fundos do im\u00f3vel. A resid\u00eancia no Jardim Cunhambebe, segundo a corpora\u00e7\u00e3o, foi ocupada recentemente por um oficial.<\/p>\n<p>Ainda de acordo com a GCM, o tamanho e estado da colmeia sugerem que ela estava no local h\u00e1 pelo menos dois anos.\n<\/p>\n<p><img decoding=\"async\" src=\"https:\/\/s2-g1.glbimg.com\/86mZBtE4sp_uq4bHbjbhyWZqoH4=\/0x0:1500x1000\/1000x0\/smart\/filters:strip_icc()\/i.s3.glbimg.com\/v1\/AUTH_59edd422c0c84a879bd37670ae4f538a\/internal_photos\/bs\/2024\/v\/j\/7NtrjsQJqAr7iTTCBHzw\/abelha.jpg\" alt=\"\" width=\"100%\"\/>\n<\/p>\n<p>Foto: Reprodu\u00e7\u00e3o\/GCM Ambiental Guaruj\u00e1\n<\/p>\n<p><strong>Prefeitura<\/strong>\n<\/p>\n<p>Em nota, a Prefeitura de Guaruj\u00e1 informou que a equipe do GDA realizou o manejo dos animais durante a noite do dia 5 de dezembro. Em seguida, as abelhas foram soltas em uma \u00e1rea de mata no Morro do Icanhema, dentro da nova \u00c1rea de Prote\u00e7\u00e3o Ambiental (APA) da Cabe\u00e7a do Drag\u00e3o.\n<\/p>\n<p>ASSISTA:\n<\/p>\n<p>Fonte: g1              <\/p>\n<\/div>\n<p>                        <!-- Scripts para conteudo --><\/p>\n<p>            <!-- .\/Scripts para conteudo --><br \/>\n            <!-- .\/Mat\u00e9ria --><\/p>\n<div class=\"row mt-3\">\n<div class=\"col-sm-6\">\n                <!-- Whatsapp channel 3--><br \/>\n                <a href=\"https:\/\/chat.whatsapp.com\/J6hwSKYns5B0XFowx2wZ0P\" target=\"_blank\"><br \/>\n                  <img decoding=\"async\" src=\"https:\/\/diariodobrasilnoticias.com.br\/assets-site\/images\/bot_whatsapp.png\"\/><\/a>\n              <\/div>\n<div class=\"col-sm-6\">\n                <a href=\"https:\/\/t.me\/+_4gTmi5LKo03OTM5\" target=\"_blank\"><br \/>\n                  <img decoding=\"async\" src=\"https:\/\/diariodobrasilnoticias.com.br\/assets-site\/images\/bot_telegram.png\"\/><\/a>\n              <\/div>\n<\/p><\/div>\n<p>            <!-- end post-navigation --><\/p>\n<p>              <!-- end row --><\/p>\n<p>              <!-- end col-12-->\n                      <\/div>\n<p><br \/>\n<br \/><a href=\"https:\/\/diariodobrasilnoticias.com.br\/noticia\/atencao-ataque-de-abelhas-em-residencia-veja-video-67617e46a7fed\">Source link <\/a><\/p>","protected":false},"excerpt":{"rendered":"<p>Foto: Reprodu\u00e7\u00e3o\/GCM Ambiental Guaruj\u00e1 O Grupamento de Defesa Ambiental (GDA) de Guaruj\u00e1, no litoral de S\u00e3o Paulo, retirou uma colmeia instalada em uma casa na Base A\u00e9rea de Santos. Conforme&hellip;<\/p>","protected":false},"author":1,"featured_media":77822,"comment_status":"closed","ping_status":"open","sticky":false,"template":"","format":"standard","meta":{"content-type":"","footnotes":""},"categories":[16],"tags":[123,2448,5313,1267],"class_list":["post-77821","post","type-post","status-publish","format-standard","has-post-thumbnail","hentry","category-noticias","tag-brasil","tag-diario","tag-noticia","tag-noticias"],"_links":{"self":[{"href":"https:\/\/tvbrazilusa.com\/pt\/wp-json\/wp\/v2\/posts\/77821","targetHints":{"allow":["GET"]}}],"collection":[{"href":"https:\/\/tvbrazilusa.com\/pt\/wp-json\/wp\/v2\/posts"}],"about":[{"href":"https:\/\/tvbrazilusa.com\/pt\/wp-json\/wp\/v2\/types\/post"}],"author":[{"embeddable":true,"href":"https:\/\/tvbrazilusa.com\/pt\/wp-json\/wp\/v2\/users\/1"}],"replies":[{"embeddable":true,"href":"https:\/\/tvbrazilusa.com\/pt\/wp-json\/wp\/v2\/comments?post=77821"}],"version-history":[{"count":1,"href":"https:\/\/tvbrazilusa.com\/pt\/wp-json\/wp\/v2\/posts\/77821\/revisions"}],"predecessor-version":[{"id":77823,"href":"https:\/\/tvbrazilusa.com\/pt\/wp-json\/wp\/v2\/posts\/77821\/revisions\/77823"}],"wp:featuredmedia":[{"embeddable":true,"href":"https:\/\/tvbrazilusa.com\/pt\/wp-json\/wp\/v2\/media\/77822"}],"wp:attachment":[{"href":"https:\/\/tvbrazilusa.com\/pt\/wp-json\/wp\/v2\/media?parent=77821"}],"wp:term":[{"taxonomy":"category","embeddable":true,"href":"https:\/\/tvbrazilusa.com\/pt\/wp-json\/wp\/v2\/categories?post=77821"},{"taxonomy":"post_tag","embeddable":true,"href":"https:\/\/tvbrazilusa.com\/pt\/wp-json\/wp\/v2\/tags?post=77821"}],"curies":[{"name":"wp","href":"https:\/\/api.w.org\/{rel}","templated":true}]}}