{"id":77834,"date":"2024-12-17T15:07:35","date_gmt":"2024-12-17T15:07:35","guid":{"rendered":"https:\/\/tvbrazilusa.com\/2024\/12\/17\/homem-preso-acusado-de-tentativa-de-homicidio-por-esfaqueamento-de-motorista-da-amazon-em-fort-lauderdale-wsvn-7news-noticias-de-miami-clima-esportes-fort-lauderdale\/"},"modified":"2024-12-17T15:41:43","modified_gmt":"2024-12-17T15:41:43","slug":"homem-preso-acusado-de-tentativa-de-homicidio-por-esfaqueamento-de-motorista-da-amazon-em-fort-lauderdale-wsvn-7news-noticias-de-miami-clima-esportes-fort-lauderdale","status":"publish","type":"post","link":"https:\/\/tvbrazilusa.com\/pt\/2024\/12\/17\/homem-preso-acusado-de-tentativa-de-homicidio-por-esfaqueamento-de-motorista-da-amazon-em-fort-lauderdale-wsvn-7news-noticias-de-miami-clima-esportes-fort-lauderdale\/","title":{"rendered":"Homem preso, acusado de tentativa de homic\u00eddio por esfaqueamento de motorista da Amazon em Fort Lauderdale &#8211; WSVN 7News | Not\u00edcias de Miami, clima, esportes | Fort Lauderdale"},"content":{"rendered":"<p> <script async src=\"https:\/\/pagead2.googlesyndication.com\/pagead\/js\/adsbygoogle.js?client=ca-pub-8864793242727901\"\r\n     crossorigin=\"anonymous\"><\/script><br \/>\n<\/p>\n<div itemprop=\"articleBody\">\n<p>FORT LAUDERDALE, Fl\u00f3rida. (WSVN) &#8211; Um homem de 33 anos foi preso em conex\u00e3o com o <a href=\"https:\/\/wsvn.com\/news\/local\/broward\/amazon-delivery-driver-stabbed-in-fort-lauderdale-taken-to-hospital-police-say-subject-on-the-loose\/\" data-type=\"link\" data-id=\"https:\/\/wsvn.com\/news\/local\/broward\/amazon-delivery-driver-stabbed-in-fort-lauderdale-taken-to-hospital-police-say-subject-on-the-loose\/\">esfaqueamento de um motorista de entrega da Amazon<\/a> na semana passada em Fort Lauderdale, disse a pol\u00edcia. <\/p>\n<p>Curtis Gardner, de Fort Lauderdale, foi levado sob cust\u00f3dia pela Unidade Fugitiva do Departamento de Pol\u00edcia de Fort Lauderdale na manh\u00e3 de segunda-feira, depois que os detetives obtiveram um mandado de pris\u00e3o. Ele \u00e9 acusado de tentativa de homic\u00eddio, roubo de carro \u00e0 m\u00e3o armada e roubo com agress\u00e3o, segundo a pol\u00edcia.<\/p>\n<p>O incidente ocorreu na noite de 7 de dezembro no bloco 1100 do NW 10th Terrace. <\/p>\n<p>Os investigadores disseram que o ve\u00edculo do motorista da Amazon foi desativado devido a um pneu furado quando Gardner supostamente se aproximou, brandiu uma faca e esfaqueou o motorista. <\/p>\n<p>O suspeito tamb\u00e9m cometeu um roubo durante o ataque, disse a pol\u00edcia.<\/p>\n<p>O motorista sofreu ferimentos graves, mas deve se recuperar, disseram autoridades. A pol\u00edcia descreveu o incidente como aleat\u00f3rio, sem nenhuma evid\u00eancia de que o pneu furado tenha sido intencional.<\/p>\n<p>A investiga\u00e7\u00e3o continua em andamento e a pol\u00edcia insta qualquer pessoa com informa\u00e7\u00f5es adicionais a se apresentar.<\/p>\n<p><em>Copyright 2024 Sunbeam Television Corp. Todos os direitos reservados. Este material n\u00e3o pode ser publicado, transmitido, reescrito ou redistribu\u00eddo.<\/em><\/p>\n<div class=\"wp-block-newsletter\">\n\t<strong class=\"wp-block-newsletter__title\">Cadastre-se em nosso boletim informativo para receber as \u00faltimas not\u00edcias diretamente em sua caixa de entrada<\/strong><\/p>\n<\/div><\/div>\n<p><br \/>\n<br \/><a href=\"https:\/\/wsvn.com\/news\/local\/broward\/man-arrested-charged-with-attempted-murder-in-stabbing-of-amazon-driver-in-fort-lauderdale\/\">Source link <\/a><\/p>","protected":false},"excerpt":{"rendered":"<p>FORT LAUDERDALE, Fl\u00f3rida. (WSVN) &#8211; Um homem de 33 anos foi preso em conex\u00e3o com o esfaqueamento de um motorista de entrega da Amazon na semana passada em Fort Lauderdale,&hellip;<\/p>","protected":false},"author":1,"featured_media":77835,"comment_status":"closed","ping_status":"open","sticky":false,"template":"","format":"standard","meta":{"content-type":"","footnotes":""},"categories":[1],"tags":[],"class_list":["post-77834","post","type-post","status-publish","format-standard","has-post-thumbnail","hentry","category-uncategorized"],"_links":{"self":[{"href":"https:\/\/tvbrazilusa.com\/pt\/wp-json\/wp\/v2\/posts\/77834","targetHints":{"allow":["GET"]}}],"collection":[{"href":"https:\/\/tvbrazilusa.com\/pt\/wp-json\/wp\/v2\/posts"}],"about":[{"href":"https:\/\/tvbrazilusa.com\/pt\/wp-json\/wp\/v2\/types\/post"}],"author":[{"embeddable":true,"href":"https:\/\/tvbrazilusa.com\/pt\/wp-json\/wp\/v2\/users\/1"}],"replies":[{"embeddable":true,"href":"https:\/\/tvbrazilusa.com\/pt\/wp-json\/wp\/v2\/comments?post=77834"}],"version-history":[{"count":1,"href":"https:\/\/tvbrazilusa.com\/pt\/wp-json\/wp\/v2\/posts\/77834\/revisions"}],"predecessor-version":[{"id":77836,"href":"https:\/\/tvbrazilusa.com\/pt\/wp-json\/wp\/v2\/posts\/77834\/revisions\/77836"}],"wp:featuredmedia":[{"embeddable":true,"href":"https:\/\/tvbrazilusa.com\/pt\/wp-json\/wp\/v2\/media\/77835"}],"wp:attachment":[{"href":"https:\/\/tvbrazilusa.com\/pt\/wp-json\/wp\/v2\/media?parent=77834"}],"wp:term":[{"taxonomy":"category","embeddable":true,"href":"https:\/\/tvbrazilusa.com\/pt\/wp-json\/wp\/v2\/categories?post=77834"},{"taxonomy":"post_tag","embeddable":true,"href":"https:\/\/tvbrazilusa.com\/pt\/wp-json\/wp\/v2\/tags?post=77834"}],"curies":[{"name":"wp","href":"https:\/\/api.w.org\/{rel}","templated":true}]}}