{"id":77856,"date":"2024-12-17T16:01:42","date_gmt":"2024-12-17T16:01:42","guid":{"rendered":"https:\/\/tvbrazilusa.com\/2024\/12\/17\/clt-para-trabalhadores-de-aplicativo-poderia-reduzir-ate-r-331-bilhoes-do-pib\/"},"modified":"2024-12-17T16:01:43","modified_gmt":"2024-12-17T16:01:43","slug":"clt-para-trabalhadores-de-aplicativo-poderia-reduzir-ate-r-331-bilhoes-do-pib","status":"publish","type":"post","link":"https:\/\/tvbrazilusa.com\/pt\/2024\/12\/17\/clt-para-trabalhadores-de-aplicativo-poderia-reduzir-ate-r-331-bilhoes-do-pib\/","title":{"rendered":"CLT para trabalhadores de aplicativo poderia reduzir at\u00e9 R$ 33,1 bilh\u00f5es do PIB"},"content":{"rendered":"<p> <script async src=\"https:\/\/pagead2.googlesyndication.com\/pagead\/js\/adsbygoogle.js?client=ca-pub-8864793242727901\"\r\n     crossorigin=\"anonymous\"><\/script><br \/>\n<\/p>\n<div id=\"taboola-read-more\" style=\"display:block; width:100%\">\n<p>Uma eventual obrigatoriedade de incluir 1,7 milh\u00e3o de trabalhadores de aplicativo nas normas da CLT (Consolida\u00e7\u00e3o das Leis do Trabalho) deixaria de injetar at\u00e9 R$ 33,1 bilh\u00f5es no PIB (Produto Interno Bruto) brasileiro. Os dados s\u00e3o de um estudo da consultoria econ\u00f4mica Ecoa, realizado a pedido da Amobitec (Associa\u00e7\u00e3o Brasileira de Mobilidade e Tecnologia). Eis a \u00edntegra (PDF \u2013 439 kB).\n<\/p>\n<p>A CLT para esses trabalhadores tamb\u00e9m resultaria na exclus\u00e3o de 905 mil pessoas da atividade, diz o estudo. Desses, mais de 600 mil seriam motoristas (de empresas como Uber e 99) e cerca de 300 mil seriam entregadores (do iFood e Z\u00e9 Delivery, por exemplo).<\/p>\n<p>Ao aumentar os custos para as empresas, a ado\u00e7\u00e3o do regime CLT para os trabalhadores parceiros encareceria o pre\u00e7o m\u00e9dio das viagens para os consumidores de 19,7% a 32,5%. J\u00e1 no caso das entregas, o aumento m\u00e9dio \u00e9 estimado em 25,9%. Isso resultaria em diminui\u00e7\u00e3o da demanda e das oportunidades de emprego.\n<\/p>\n<p>\u201cDemanda menor significa redu\u00e7\u00e3o da oferta de trabalho e da remunera\u00e7\u00e3o, o que gera um choque negativo na renda das fam\u00edlias, com implica\u00e7\u00f5es sobre o n\u00edvel de consumo agregado da economia\u201d, afirmou a economista Silvia Fag\u00e1, respons\u00e1vel pela consultoria Ecoa.\n<\/p>\n<p>A metodologia usada pela Ecoa buscou identificar os impactos do reconhecimento de v\u00ednculo empregat\u00edcio e do consequente reenquadramento tribut\u00e1rio das plataformas (de empresas de tecnologia para empresas de transporte), considerando s\u00f3 receitas e custos gerados por essas mudan\u00e7as. A eleva\u00e7\u00e3o de custos trabalhistas e tribut\u00e1rios aumentar\u00e1 os pre\u00e7os das viagens e das entregas.\n<\/p>\n<p>\u201cCom base nesses novos valores, e nas elasticidades-pre\u00e7o espec\u00edficas para o servi\u00e7o de transporte de passageiros e de delivery, foi calculado o impacto na demanda pelos servi\u00e7os. O c\u00e1lculo da elasticidade-pre\u00e7o mede o quanto um aumento de pre\u00e7o pode impactar a demanda por determinado servi\u00e7o\u201d, diz a pesquisa.\n<\/p>\n<p>V\u00cdNCULO EMPREGAT\u00cdCIO<br \/>O STF (Supremo Tribunal Federal) concluiu em 10 de dezembro a audi\u00eancia p\u00fablica sobre v\u00ednculo de emprego entre motoristas de aplicativo e as plataformas digitais. Ao longo dos 2 dias, foram apresentados argumentos variados sobre o assunto por diversos advogados, representantes de \u00f3rg\u00e3os e entidades.\n<\/p>\n<p>H\u00e1 quem defenda que n\u00e3o deve haverv\u00ednculo,o alegando que as plataformas d\u00e3o maior flexibilidade aos trabalhadores. E h\u00e1 quem ache \u201cfalsa\u201d a ideia de que esses trabalhadores seriam aut\u00f4nomos, enquanto as plataformas atuam apenas como intermediadoras.\n<\/p>\n<p>O tema tem ganhado aten\u00e7\u00e3o recentemente com a populariza\u00e7\u00e3o do que ficou conhecido como \u201cuberiza\u00e7\u00e3o\u201d, que consiste, principalmente, na flexibiliza\u00e7\u00e3o dos modelos tradicionais de trabalho, que tendem a ser mais informais.\n<\/p>\n<p>No entanto, decis\u00f5es divergentes na Justi\u00e7a quanto ao reconhecimento de v\u00ednculo entre motoristas e apps fazem com que especialistas avaliem que eventual decis\u00e3o do STF quanto ao assunto trar\u00e1 maior seguran\u00e7a jur\u00eddica para todos os envolvidos, uma vez que criar\u00e1 uma refer\u00eancia no Judici\u00e1rio.<\/p>\n<p>Fonte: Poder360              <\/p>\n<\/div>\n<p><br \/>\n<br \/><a href=\"https:\/\/diariodobrasilnoticias.com.br\/noticia\/clt-para-trabalhadores-de-aplicativo-poderia-reduzir-ate-r-33-1-bilhoes-do-pib-6761817d53d9c\">Source link <\/a><\/p>","protected":false},"excerpt":{"rendered":"<p>Uma eventual obrigatoriedade de incluir 1,7 milh\u00e3o de trabalhadores de aplicativo nas normas da CLT (Consolida\u00e7\u00e3o das Leis do Trabalho) deixaria de injetar at\u00e9 R$ 33,1 bilh\u00f5es no PIB (Produto&hellip;<\/p>","protected":false},"author":1,"featured_media":77857,"comment_status":"closed","ping_status":"open","sticky":false,"template":"","format":"standard","meta":{"content-type":"","footnotes":""},"categories":[16],"tags":[123,2448,5313,1267],"class_list":["post-77856","post","type-post","status-publish","format-standard","has-post-thumbnail","hentry","category-noticias","tag-brasil","tag-diario","tag-noticia","tag-noticias"],"_links":{"self":[{"href":"https:\/\/tvbrazilusa.com\/pt\/wp-json\/wp\/v2\/posts\/77856","targetHints":{"allow":["GET"]}}],"collection":[{"href":"https:\/\/tvbrazilusa.com\/pt\/wp-json\/wp\/v2\/posts"}],"about":[{"href":"https:\/\/tvbrazilusa.com\/pt\/wp-json\/wp\/v2\/types\/post"}],"author":[{"embeddable":true,"href":"https:\/\/tvbrazilusa.com\/pt\/wp-json\/wp\/v2\/users\/1"}],"replies":[{"embeddable":true,"href":"https:\/\/tvbrazilusa.com\/pt\/wp-json\/wp\/v2\/comments?post=77856"}],"version-history":[{"count":1,"href":"https:\/\/tvbrazilusa.com\/pt\/wp-json\/wp\/v2\/posts\/77856\/revisions"}],"predecessor-version":[{"id":77858,"href":"https:\/\/tvbrazilusa.com\/pt\/wp-json\/wp\/v2\/posts\/77856\/revisions\/77858"}],"wp:featuredmedia":[{"embeddable":true,"href":"https:\/\/tvbrazilusa.com\/pt\/wp-json\/wp\/v2\/media\/77857"}],"wp:attachment":[{"href":"https:\/\/tvbrazilusa.com\/pt\/wp-json\/wp\/v2\/media?parent=77856"}],"wp:term":[{"taxonomy":"category","embeddable":true,"href":"https:\/\/tvbrazilusa.com\/pt\/wp-json\/wp\/v2\/categories?post=77856"},{"taxonomy":"post_tag","embeddable":true,"href":"https:\/\/tvbrazilusa.com\/pt\/wp-json\/wp\/v2\/tags?post=77856"}],"curies":[{"name":"wp","href":"https:\/\/api.w.org\/{rel}","templated":true}]}}