{"id":77864,"date":"2024-12-17T16:13:47","date_gmt":"2024-12-17T16:13:47","guid":{"rendered":"https:\/\/tvbrazilusa.com\/2024\/12\/17\/pf-oferece-delacao-premiada-ao-rei-do-lixo-e-ve-potencial-para-uma-nova-lava-jato\/"},"modified":"2024-12-17T16:13:49","modified_gmt":"2024-12-17T16:13:49","slug":"pf-oferece-delacao-premiada-ao-rei-do-lixo-e-ve-potencial-para-uma-nova-lava-jato","status":"publish","type":"post","link":"https:\/\/tvbrazilusa.com\/pt\/2024\/12\/17\/pf-oferece-delacao-premiada-ao-rei-do-lixo-e-ve-potencial-para-uma-nova-lava-jato\/","title":{"rendered":"PF oferece dela\u00e7\u00e3o premiada ao &#8216;rei do lixo&#8217; e v\u00ea potencial para uma &#8216;nova Lava Jato&#8217;"},"content":{"rendered":"<p> <script async src=\"https:\/\/pagead2.googlesyndication.com\/pagead\/js\/adsbygoogle.js?client=ca-pub-8864793242727901\"\r\n     crossorigin=\"anonymous\"><\/script><br \/>\n<\/p>\n<div id=\"taboola-read-more\" style=\"display:block; width:100%\">\n<p>A Pol\u00edcia Federal vai oferecer um acordo de colabora\u00e7\u00e3o premiada ao empres\u00e1rio Marcos Moura, conhecido como \u201crei do lixo\u201d e preso na semana passada.\n<\/p>\n<p>Ele \u00e9 acusado de liderar um esquema de fraudes em licita\u00e7\u00f5es p\u00fablicas com recursos de emendas parlamentares.<\/p>\n<p>Reservadamente, investigadores e at\u00e9 integrantes do governo federal comentam sobre a possibilidade de o caso se tornar uma \u201cnova Lava Jato\u201d, devido \u00e0 abrang\u00eancia pol\u00edtica do esquema.\n<\/p>\n<p>Moura \u00e9 muito pr\u00f3ximo do ex-prefeito de Salvador ACM Neto, que o indicou para integrar o diret\u00f3rio nacional do Uni\u00e3o Brasil.\n<\/p>\n<p>Em outro flanco, a chefe de gabinete de outro pol\u00edtico influente, o senador Davi Alcolumbre (Uni\u00e3o-AP) tamb\u00e9m aparece nas investiga\u00e7\u00f5es.\n<\/p>\n<p>Em uma conversa entre empres\u00e1rios que lideram o esquema de fraudes nas licita\u00e7\u00f5es, Ana Paula Magalh\u00e3es de Albuquerque Lima \u00e9 apontada no relat\u00f3rio da PF como \u201cAna Paula Davi\u201d, em prov\u00e1vel refer\u00eancia a Alcolumbre. A PF suspeita que ela facilitava o processo de libera\u00e7\u00e3o de emendas.\n<\/p>\n<p>Al\u00e9m do \u201crei do lixo\u201d, a PF tamb\u00e9m quer oferecer acordo de colabora\u00e7\u00e3o premiada aos outros presos na opera\u00e7\u00e3o e que ajudavam a operacionalizar o esquema, como os irm\u00e3os Alex Parente e Fabio Parente.\n<\/p>\n<p>Documentos apreendidos na opera\u00e7\u00e3o at\u00e9 agora mostram capilaridade do esquema em munic\u00edpios de muitos estados, levando a percep\u00e7\u00e3o de que onde h\u00e1 um bra\u00e7o do partido Uni\u00e3o Brasil havia algu\u00e9m suscet\u00edvel a integrar o esquema.\n<\/p>\n<p>Cada um dos envolvidos ficava respons\u00e1vel pela operacionaliza\u00e7\u00e3o do esquema, que funcionava por meio da remessa pelo parlamentar de recursos via emendas para a prefeitura que tinha que devolver 10% do valor ao emiss\u00e1rio das emendas.\n<\/p>\n<p>As planilhas apreendidas mostram que o esquema movimento mais de R$ 1 bilh\u00e3o em todo o Brasil.<\/p>\n<p>Fonte: CNN Brasil              <\/p>\n<\/div>\n<p><br \/>\n<br \/><a href=\"https:\/\/diariodobrasilnoticias.com.br\/noticia\/pf-oferece-delacao-premiada-ao-rei-do-lixo-e-ve-potencial-para-uma-nova-lava-jato-676182427f119\">Source link <\/a><\/p>","protected":false},"excerpt":{"rendered":"<p>A Pol\u00edcia Federal vai oferecer um acordo de colabora\u00e7\u00e3o premiada ao empres\u00e1rio Marcos Moura, conhecido como \u201crei do lixo\u201d e preso na semana passada. Ele \u00e9 acusado de liderar um&hellip;<\/p>","protected":false},"author":1,"featured_media":77865,"comment_status":"closed","ping_status":"open","sticky":false,"template":"","format":"standard","meta":{"content-type":"","footnotes":""},"categories":[16],"tags":[123,2448,5313,1267],"class_list":["post-77864","post","type-post","status-publish","format-standard","has-post-thumbnail","hentry","category-noticias","tag-brasil","tag-diario","tag-noticia","tag-noticias"],"_links":{"self":[{"href":"https:\/\/tvbrazilusa.com\/pt\/wp-json\/wp\/v2\/posts\/77864","targetHints":{"allow":["GET"]}}],"collection":[{"href":"https:\/\/tvbrazilusa.com\/pt\/wp-json\/wp\/v2\/posts"}],"about":[{"href":"https:\/\/tvbrazilusa.com\/pt\/wp-json\/wp\/v2\/types\/post"}],"author":[{"embeddable":true,"href":"https:\/\/tvbrazilusa.com\/pt\/wp-json\/wp\/v2\/users\/1"}],"replies":[{"embeddable":true,"href":"https:\/\/tvbrazilusa.com\/pt\/wp-json\/wp\/v2\/comments?post=77864"}],"version-history":[{"count":1,"href":"https:\/\/tvbrazilusa.com\/pt\/wp-json\/wp\/v2\/posts\/77864\/revisions"}],"predecessor-version":[{"id":77866,"href":"https:\/\/tvbrazilusa.com\/pt\/wp-json\/wp\/v2\/posts\/77864\/revisions\/77866"}],"wp:featuredmedia":[{"embeddable":true,"href":"https:\/\/tvbrazilusa.com\/pt\/wp-json\/wp\/v2\/media\/77865"}],"wp:attachment":[{"href":"https:\/\/tvbrazilusa.com\/pt\/wp-json\/wp\/v2\/media?parent=77864"}],"wp:term":[{"taxonomy":"category","embeddable":true,"href":"https:\/\/tvbrazilusa.com\/pt\/wp-json\/wp\/v2\/categories?post=77864"},{"taxonomy":"post_tag","embeddable":true,"href":"https:\/\/tvbrazilusa.com\/pt\/wp-json\/wp\/v2\/tags?post=77864"}],"curies":[{"name":"wp","href":"https:\/\/api.w.org\/{rel}","templated":true}]}}