{"id":77873,"date":"2024-12-17T16:32:58","date_gmt":"2024-12-17T16:32:58","guid":{"rendered":"https:\/\/tvbrazilusa.com\/2024\/12\/17\/deterioracao-da-educacao-ufrj-tem-agua-e-luz-cortadas-esta-sem-seguranca-e-lugar-para-realizar-necessidades-basicas-de-eliminacoes-fisiologicas\/"},"modified":"2024-12-17T16:33:00","modified_gmt":"2024-12-17T16:33:00","slug":"deterioracao-da-educacao-ufrj-tem-agua-e-luz-cortadas-esta-sem-seguranca-e-lugar-para-realizar-necessidades-basicas-de-eliminacoes-fisiologicas","status":"publish","type":"post","link":"https:\/\/tvbrazilusa.com\/pt\/2024\/12\/17\/deterioracao-da-educacao-ufrj-tem-agua-e-luz-cortadas-esta-sem-seguranca-e-lugar-para-realizar-necessidades-basicas-de-eliminacoes-fisiologicas\/","title":{"rendered":"DETERIORA\u00c7\u00c3O DA EDUCA\u00c7\u00c3O: UFRJ tem \u00e1gua e luz cortadas, est\u00e1 sem seguran\u00e7a e lugar para realizar necessidades b\u00e1sicas de elimina\u00e7\u00f5es fisiol\u00f3gicas"},"content":{"rendered":"<p> <script async src=\"https:\/\/pagead2.googlesyndication.com\/pagead\/js\/adsbygoogle.js?client=ca-pub-8864793242727901\"\r\n     crossorigin=\"anonymous\"><\/script><br \/>\n<\/p>\n<div id=\"taboola-read-more\" style=\"display:block; width:100%\">\n<p>Alunos do curso de educa\u00e7\u00e3o f\u00edsica da UFRJ (Universidade Federal do Rio de Janeiro) n\u00e3o t\u00eam onde tomar banho depois das aulas pr\u00e1ticas. Para trocar de roupa, precisam se esconder atr\u00e1s de toalhas. Em algumas aulas, 70 alunos dividem dois banheiros.\n<\/p>\n<p>Em setembro de 2023, a marquise da escola desabou e danificou quatro salas de aula. Em maio deste ano, um beiral cedeu e rompeu as paredes de um gin\u00e1sio e de salas.<\/p>\n<p>Por causa dos problemas estruturais, os cursos de gradua\u00e7\u00e3o de educa\u00e7\u00e3o f\u00edsica e dan\u00e7a n\u00e3o ter\u00e3o novos alunos no primeiro semestre do ano que vem. As vagas s\u00f3 v\u00e3o abrir para o segundo semestre.\n<\/p>\n<p>No observat\u00f3rio de astronomia, aparelhos de ar-condicionado respons\u00e1veis por refrigerar computadores de alta capacidade de processamento apresentaram problemas. Diretores do espa\u00e7o pagaram a manuten\u00e7\u00e3o dos equipamentos \u00e0s pressas a fim de evitar o esgotamento dos processadores.\n<\/p>\n<p>A astronomia corre risco de atrasar o pagamento de vigilantes, respons\u00e1veis pela seguran\u00e7a do im\u00f3vel que guarda equipamentos de milhares de reais.\n<\/p>\n<p>A UFRJ vive h\u00e1 anos uma crise or\u00e7ament\u00e1ria que causou, em novembro, cortes nos fornecimentos de \u00e1gua e luz e redu\u00e7\u00e3o no n\u00famero de funcion\u00e1rios da seguran\u00e7a.\n<\/p>\n<p>Termos como &#8220;colapso&#8221; e situa\u00e7\u00e3o &#8220;desesperadora&#8221; aparecem nas falas de conselheiros em reuni\u00f5es. &#8220;J\u00e1 cortamos na carne. Agora estamos cortando no osso&#8221;, diz \u00e0 Folha o reitor da UFRJ, Roberto Medronho.\n<\/p>\n<p>A UFRJ explica a crise pela queda no or\u00e7amento discricion\u00e1rio (custeio e investimento) desde 2012. Naquele ano, a universidade recebeu R$ 784 milh\u00f5es. Desde ent\u00e3o os repasses diminu\u00edram, segundo planilhas recebidas pela reportagem, chegando a R$ 347 milh\u00f5es em 2022 e R$ 314 milh\u00f5es em 2023, primeiro ano do governo Lula (PT).\n<\/p>\n<p>Neste ano, a UFRJ teve R$ 392 milh\u00f5es de or\u00e7amento, um leve mas insuficiente aumento, segundo diretores. As contas a pagar passam dos R$ 475 milh\u00f5es, deixando quase R$ 100 milh\u00f5es a descoberto.\n<\/p>\n<p>Universidades federais brasileiras sofrem com obras paradas, problemas de manuten\u00e7\u00e3o e pagamentos. Em junho houve greve. Logo depois, Lula anunciou um PAC (Programa de Acelera\u00e7\u00e3o do Crescimento) de R$ 5,5 bilh\u00f5es para essas institui\u00e7\u00f5es.\n<\/p>\n<p>Na UFRJ, os principais problemas s\u00e3o as contas de \u00e1gua e luz, despesas com alimenta\u00e7\u00e3o e seguran\u00e7a. Sem or\u00e7amento para tudo, a dire\u00e7\u00e3o escolhe qual d\u00edvida quitar.\n<\/p>\n<p>Em novembro, a Light cortou a luz de pr\u00e9dios e manteve s\u00f3 o essencial. A universidade chegara a uma d\u00edvida de R$ 35,7 milh\u00f5es. Sob reserva, diretores da Light afirmam que o corte foi para pressionar um pagamento, ainda que parcial. A Justi\u00e7a Federal suspendeu o corte de luz.\n<\/p>\n<p>Parte da d\u00edvida foi quitada e a energia foi normalizada, mas a UFRJ ainda deve R$ 26 milh\u00f5es \u00e0 concession\u00e1ria.\n<\/p>\n<p>Com a \u00c1guas do Rio a d\u00edvida chegou a R$ 14 milh\u00f5es, segundo documentos encontrados pela reportagem \u2014a concession\u00e1ria n\u00e3o informa publicamente o valor. Houve corte no abastecimento de \u00e1gua em alguns pr\u00e9dios.\n<\/p>\n<p>Em nota, a concession\u00e1ria disse que o abastecimento est\u00e1 normal, &#8220;no entanto, nenhum pagamento foi realizado desde a \u00faltima interrup\u00e7\u00e3o&#8221;.\n<\/p>\n<p>Segundo o reitor, at\u00e9 as \u00e1rvores da Cidade Universit\u00e1ria, na ilha do Fund\u00e3o, tiveram as podas diminu\u00eddas. &#8220;Quando n\u00e3o poda, a \u00e1rvore pode cair e derrubar uma edifica\u00e7\u00e3o, um carro&#8221;, diz Medronho. &#8220;\u00c9 uma escolha de Sofia&#8221;.\n<\/p>\n<p>A UFRJ foi fundada em 1920 e \u00e9 a primeira do Brasil. Sua funda\u00e7\u00e3o foi a reuni\u00e3o de outras escolas que j\u00e1 existiam desde a \u00e9poca do Imp\u00e9rio e do in\u00edcio da Rep\u00fablica, como a Escola de Engenharia, de 1810, a Faculdade de Medicina, de 1832, e a Faculdade de Direito, de 1891.\n<\/p>\n<p>A infraestrutura tem 19 im\u00f3veis, alguns centen\u00e1rios e at\u00e9 bicenten\u00e1rios, como o Museu Nacional, de 1818. O museu pegou fogo em 2019, acidente considerado pelos diretores da UFRJ como principal retrato da queda no financiamento \u2014o MEC (Minist\u00e9rio da Educa\u00e7\u00e3o) afirma ter repassado R$ 50,5 milh\u00f5es para a reconstru\u00e7\u00e3o. Outros im\u00f3veis est\u00e3o em risco, segundo a reitoria.\n<\/p>\n<p>No pr\u00e9dio do CCS (Centro de Ci\u00eancias da Sa\u00fade), na Cidade Universit\u00e1ria, uma parte do teto desabou no momento em que estudantes circulavam pelo corredor, em setembro. Ningu\u00e9m se feriu. No campus da Praia Vermelha, na zona sul, h\u00e1 relatos de infesta\u00e7\u00e3o de cupins.\n<\/p>\n<p>No Departamento de Microbiologia M\u00e9dica h\u00e1 goteiras e infiltra\u00e7\u00f5es em laborat\u00f3rios ocupados por materiais que precisam de limpeza e isolamento.\n<\/p>\n<p>&#8220;A estimativa \u00e9 de mais de R$ 1 bilh\u00e3o para fazer a recupera\u00e7\u00e3o de todas as edifica\u00e7\u00f5es da UFRJ&#8221;, afirma Medronho.\n<\/p>\n<p>&#8220;\u00c9 uma universidade centen\u00e1ria e imensa. Tem muitos alunos, projetos, p\u00f3s-gradua\u00e7\u00e3o, laborat\u00f3rios, museu, hospital. Para manter a excel\u00eancia ela demanda um or\u00e7amento muito robusto&#8221; afirma Mayra Goulart, presidente da AdUFRJ, associa\u00e7\u00e3o que representa os professores da universidade.\n<\/p>\n<p>&#8220;O colapso j\u00e1 existe e a universidade se mant\u00e9m aberta produzindo forma\u00e7\u00e3o e pesquisa de excel\u00eancia. O que a mant\u00e9m funcionando s\u00e3o professores que atuam de maneira messi\u00e2nica.&#8221;\n<\/p>\n<p>O reitor afirma que o MEC \u00e9 solid\u00e1rio \u00e0 causa da UFRJ, mas que a pr\u00f3pria pasta &#8220;tamb\u00e9m tem seu limite&#8221;. Diretores da universidade responsabilizam o Congresso pela falta de apoio \u00e0s universidades p\u00fablicas.\n<\/p>\n<p>&#8220;Tenho muitos amigos trancando a matr\u00edcula ou procurando transfer\u00eancia para universidades particulares&#8221;, diz Melaine Caires, 20, estudante de educa\u00e7\u00e3o f\u00edsica e presidente do centro acad\u00eamico.\n<\/p>\n<p>Em nota, o MEC disse que os problemas de or\u00e7amento para a manuten\u00e7\u00e3o das universidades federais &#8220;n\u00e3o \u00e9 um problema atual e decorre da pol\u00edtica implementada nos \u00faltimos anos, desde 2016, que reduziu drasticamente os valores&#8221;.\n<\/p>\n<p>&#8220;O MEC tem trabalhado, desde janeiro de 2023, para recompor\/mitigar as redu\u00e7\u00f5es or\u00e7ament\u00e1rias&#8221;, disse a pasta, &#8220;a fim de garantir o pleno funcionamento das institui\u00e7\u00f5es&#8221;.<\/p>\n<p>Fonte: Folha de S. Paulo              <\/p>\n<\/div>\n<p><br \/>\n<br \/><a href=\"https:\/\/diariodobrasilnoticias.com.br\/noticia\/deterioracao-da-educacao-ufrj-tem-agua-e-luz-cortadas-esta-sem-seguranca-e-lugar-para-realizar-necessidades-basicas-de-eliminacoes-fisiologicas-676183ea23e59\">Source link <\/a><\/p>","protected":false},"excerpt":{"rendered":"<p>Alunos do curso de educa\u00e7\u00e3o f\u00edsica da UFRJ (Universidade Federal do Rio de Janeiro) n\u00e3o t\u00eam onde tomar banho depois das aulas pr\u00e1ticas. Para trocar de roupa, precisam se esconder&hellip;<\/p>","protected":false},"author":1,"featured_media":77874,"comment_status":"closed","ping_status":"open","sticky":false,"template":"","format":"standard","meta":{"content-type":"","footnotes":""},"categories":[16],"tags":[123,2448,5313,1267],"class_list":["post-77873","post","type-post","status-publish","format-standard","has-post-thumbnail","hentry","category-noticias","tag-brasil","tag-diario","tag-noticia","tag-noticias"],"_links":{"self":[{"href":"https:\/\/tvbrazilusa.com\/pt\/wp-json\/wp\/v2\/posts\/77873","targetHints":{"allow":["GET"]}}],"collection":[{"href":"https:\/\/tvbrazilusa.com\/pt\/wp-json\/wp\/v2\/posts"}],"about":[{"href":"https:\/\/tvbrazilusa.com\/pt\/wp-json\/wp\/v2\/types\/post"}],"author":[{"embeddable":true,"href":"https:\/\/tvbrazilusa.com\/pt\/wp-json\/wp\/v2\/users\/1"}],"replies":[{"embeddable":true,"href":"https:\/\/tvbrazilusa.com\/pt\/wp-json\/wp\/v2\/comments?post=77873"}],"version-history":[{"count":1,"href":"https:\/\/tvbrazilusa.com\/pt\/wp-json\/wp\/v2\/posts\/77873\/revisions"}],"predecessor-version":[{"id":77875,"href":"https:\/\/tvbrazilusa.com\/pt\/wp-json\/wp\/v2\/posts\/77873\/revisions\/77875"}],"wp:featuredmedia":[{"embeddable":true,"href":"https:\/\/tvbrazilusa.com\/pt\/wp-json\/wp\/v2\/media\/77874"}],"wp:attachment":[{"href":"https:\/\/tvbrazilusa.com\/pt\/wp-json\/wp\/v2\/media?parent=77873"}],"wp:term":[{"taxonomy":"category","embeddable":true,"href":"https:\/\/tvbrazilusa.com\/pt\/wp-json\/wp\/v2\/categories?post=77873"},{"taxonomy":"post_tag","embeddable":true,"href":"https:\/\/tvbrazilusa.com\/pt\/wp-json\/wp\/v2\/tags?post=77873"}],"curies":[{"name":"wp","href":"https:\/\/api.w.org\/{rel}","templated":true}]}}