{"id":77892,"date":"2024-12-17T16:59:14","date_gmt":"2024-12-17T16:59:14","guid":{"rendered":"https:\/\/tvbrazilusa.com\/2024\/12\/17\/mesmo-com-deficit-gigante-lula-planeja-aumento-a-servidores-publicos\/"},"modified":"2024-12-17T16:59:15","modified_gmt":"2024-12-17T16:59:15","slug":"mesmo-com-deficit-gigante-lula-planeja-aumento-a-servidores-publicos","status":"publish","type":"post","link":"https:\/\/tvbrazilusa.com\/pt\/2024\/12\/17\/mesmo-com-deficit-gigante-lula-planeja-aumento-a-servidores-publicos\/","title":{"rendered":"Mesmo com d\u00e9ficit gigante Lula planeja aumento a servidores p\u00fablicos"},"content":{"rendered":"<p> <script async src=\"https:\/\/pagead2.googlesyndication.com\/pagead\/js\/adsbygoogle.js?client=ca-pub-8864793242727901\"\r\n     crossorigin=\"anonymous\"><\/script><br \/>\n<\/p>\n<div id=\"taboola-read-more\" style=\"display:block; width:100%\">\n<p>A gest\u00e3o do presidente Luiz In\u00e1cio Lula da Silva (PT) est\u00e1 finalizando uma MP (medida provis\u00f3ria) para conceder reajuste a funcion\u00e1rios p\u00fablicos a partir de janeiro. A porcentagem do aumento vai variar de acordo com a categoria. As informa\u00e7\u00f5es s\u00e3o da Folha de S.Paulo.\n<\/p>\n<p>Conforme a publica\u00e7\u00e3o, o texto foi elaborado pelo Minist\u00e9rio da Gest\u00e3o e da Inova\u00e7\u00e3o em Servi\u00e7os P\u00fablicos. Est\u00e1 agora na Casa Civil e n\u00e3o h\u00e1 previs\u00e3o de quando a MP ser\u00e1 assinada por Lula e publicada.<\/p>\n<p>O reajuste passaria a valer assim que a MP for publicada no DOU (Di\u00e1rio Oficial da Uni\u00e3o). Mas, para que o novo valor j\u00e1 vigore em janeiro, o Congresso teria de aprovar a LDO (Lei de Diretrizes Or\u00e7ament\u00e1rias). A expectativa \u00e9 de que a vota\u00e7\u00e3o seja realizada nesta semana.\n<\/p>\n<p>O Minist\u00e9rio da Gest\u00e3o e da Inova\u00e7\u00e3o em Servi\u00e7os P\u00fablicos assinou acordo com 45 categorias. Segundo a Folha de S.Paulo, ser\u00e3o realizados reajustes para 2025 e 2026.\n<\/p>\n<p>N\u00e3o houve reajuste salarial em 2024 para os funcion\u00e1rios p\u00fablicos federais, s\u00f3 de benef\u00edcios. Eles receberam aumentos no aux\u00edlio-alimenta\u00e7\u00e3o, nos recursos destinados \u00e0 assist\u00eancia \u00e0 sa\u00fade suplementar e na assist\u00eancia pr\u00e9-escola.\n<\/p>\n<p>O \u00faltimo reajuste salarial linear foi concedido em 2023, de 9%. Na \u00e9poca, houve tamb\u00e9m aumento no aux\u00edlio-alimenta\u00e7\u00e3o.\n<\/p>\n<p>A folha de sal\u00e1rios dos funcion\u00e1rios do Executivo federal representava, em 2022, 2,68% do PIB (Produto Interno Bruto). Em 2023, o percentual caiu para 2,61%. A proje\u00e7\u00e3o \u00e9 de queda para este ano, para 2,48% do PIB.\n<\/p>\n<p>No pr\u00f3ximo ano, a estimativa \u00e9 de 2,59% do PIB. Mesmo com os reajustes, o valor seria menor do que no \u00faltimo ano do governo do ex-presidente Jair Bolsonaro (PL), conforme t\u00e9cnicos do Minist\u00e9rio da Gest\u00e3o e da Inova\u00e7\u00e3o em Servi\u00e7os P\u00fablicos.\n<\/p>\n<p>Fonte: Poder360              <\/p>\n<\/div>\n<p><br \/>\n<br \/><a href=\"https:\/\/diariodobrasilnoticias.com.br\/noticia\/governo-se-prepara-para-conceder-reajuste-a-funcionarios-publicos-a-partir-de-janeiro-676186cb1a03d\">Source link <\/a><\/p>","protected":false},"excerpt":{"rendered":"<p>A gest\u00e3o do presidente Luiz In\u00e1cio Lula da Silva (PT) est\u00e1 finalizando uma MP (medida provis\u00f3ria) para conceder reajuste a funcion\u00e1rios p\u00fablicos a partir de janeiro. A porcentagem do aumento&hellip;<\/p>","protected":false},"author":1,"featured_media":77893,"comment_status":"closed","ping_status":"open","sticky":false,"template":"","format":"standard","meta":{"content-type":"","footnotes":""},"categories":[16],"tags":[123,2448,5313,1267],"class_list":["post-77892","post","type-post","status-publish","format-standard","has-post-thumbnail","hentry","category-noticias","tag-brasil","tag-diario","tag-noticia","tag-noticias"],"_links":{"self":[{"href":"https:\/\/tvbrazilusa.com\/pt\/wp-json\/wp\/v2\/posts\/77892","targetHints":{"allow":["GET"]}}],"collection":[{"href":"https:\/\/tvbrazilusa.com\/pt\/wp-json\/wp\/v2\/posts"}],"about":[{"href":"https:\/\/tvbrazilusa.com\/pt\/wp-json\/wp\/v2\/types\/post"}],"author":[{"embeddable":true,"href":"https:\/\/tvbrazilusa.com\/pt\/wp-json\/wp\/v2\/users\/1"}],"replies":[{"embeddable":true,"href":"https:\/\/tvbrazilusa.com\/pt\/wp-json\/wp\/v2\/comments?post=77892"}],"version-history":[{"count":1,"href":"https:\/\/tvbrazilusa.com\/pt\/wp-json\/wp\/v2\/posts\/77892\/revisions"}],"predecessor-version":[{"id":77894,"href":"https:\/\/tvbrazilusa.com\/pt\/wp-json\/wp\/v2\/posts\/77892\/revisions\/77894"}],"wp:featuredmedia":[{"embeddable":true,"href":"https:\/\/tvbrazilusa.com\/pt\/wp-json\/wp\/v2\/media\/77893"}],"wp:attachment":[{"href":"https:\/\/tvbrazilusa.com\/pt\/wp-json\/wp\/v2\/media?parent=77892"}],"wp:term":[{"taxonomy":"category","embeddable":true,"href":"https:\/\/tvbrazilusa.com\/pt\/wp-json\/wp\/v2\/categories?post=77892"},{"taxonomy":"post_tag","embeddable":true,"href":"https:\/\/tvbrazilusa.com\/pt\/wp-json\/wp\/v2\/tags?post=77892"}],"curies":[{"name":"wp","href":"https:\/\/api.w.org\/{rel}","templated":true}]}}