{"id":77898,"date":"2024-12-17T17:11:54","date_gmt":"2024-12-17T17:11:54","guid":{"rendered":"https:\/\/tvbrazilusa.com\/2024\/12\/17\/seguranca-do-cantor-gusttavo-lima-e-procurado-pela-pf\/"},"modified":"2024-12-17T17:11:57","modified_gmt":"2024-12-17T17:11:57","slug":"seguranca-do-cantor-gusttavo-lima-e-procurado-pela-pf","status":"publish","type":"post","link":"https:\/\/tvbrazilusa.com\/pt\/2024\/12\/17\/seguranca-do-cantor-gusttavo-lima-e-procurado-pela-pf\/","title":{"rendered":"Seguran\u00e7a do cantor Gusttavo Lima \u00e9 procurado pela PF"},"content":{"rendered":"<p> <script async src=\"https:\/\/pagead2.googlesyndication.com\/pagead\/js\/adsbygoogle.js?client=ca-pub-8864793242727901\"\r\n     crossorigin=\"anonymous\"><\/script><br \/>\n<\/p>\n<div id=\"taboola-read-more\" style=\"display:block; width:100%\">\n<p>O policial civil Rog\u00e9rio de Almeida Fel\u00edcio, o Rogerinho, \u00e9 procurado pela Pol\u00edcia Federal na opera\u00e7\u00e3o realizada nesta ter\u00e7a-feira (17), em S\u00e3o Paulo, que mira policiais suspeitos de liga\u00e7\u00e3o com a fac\u00e7\u00e3o criminosa Primeiro Comando da Capital (PCC).\n<\/p>\n<p>A opera\u00e7\u00e3o em conjunto com o Minist\u00e9rio P\u00fablico de S\u00e3o Paulo j\u00e1 prendeu sete pessoas, incluindo um delegado e mais tr\u00eas policiais civis suspeitos de atuar para o grupo criminoso.<\/p>\n<p>Integrante do grupo que faz seguran\u00e7a para o cantor sertanejo Gusttavo Lima, Rogerinho est\u00e1 foragido e foi um dos citados na dela\u00e7\u00e3o do empres\u00e1rio Vin\u00edcius Gritzbach, executado com dez tiros na sa\u00edda do Aeroporto Internacional de S\u00e3o Paulo, em Guarulhos, no m\u00eas passado.\n<\/p>\n<p>Segundo a dela\u00e7\u00e3o, Rogerio \u00e9 suspeito de ter ficado com um rel\u00f3gio do Gritzbach. O delator do PCC tinha prints das redes sociais onde o policial ostentava o rel\u00f3gio, supostamente fruto de negocia\u00e7\u00f5es ilegais entre os dois.\n<\/p>\n<p>Com sal\u00e1rio de pouco mais de R$ 7 mil na Pol\u00edcia Civil, ele \u00e9 apontado pelos investigadores como s\u00f3cio de uma cl\u00ednica de est\u00e9tica, de uma empresa de seguran\u00e7a privada e de uma construtora em S\u00e3o Paulo.\n<\/p>\n<p>Na manh\u00e3 desta ter\u00e7a (17), a PF fez buscas nos endere\u00e7os ligados ao policial civil, mas n\u00e3o o encontrou.\n<\/p>\n<p>Segundo as investiga\u00e7\u00f5es, o esquema criminoso envolveria manipula\u00e7\u00e3o e vazamento de investiga\u00e7\u00f5es policiais, venda de prote\u00e7\u00e3o a criminosos e corrup\u00e7\u00e3o para beneficiar um esquema de lavagem de dinheiro do PCC.\n<\/p>\n<p><strong>Opera\u00e7\u00e3o conjunta<\/strong>\n<\/p>\n<p>A a\u00e7\u00e3o \u00e9 realizada pela Pol\u00edcia Federal (PF) e promotores do Grupo de Atua\u00e7\u00e3o Especial de Repress\u00e3o ao Crime Organizado (Gaeco) do Minist\u00e9rio P\u00fablico de S\u00e3o Paulo (MP-SP), com apoio da Corregedoria da Pol\u00edcia Civil.\n<\/p>\n<p>A Justi\u00e7a decretou a pris\u00e3o tempor\u00e1ria dos investigados, buscas e apreens\u00f5es em endere\u00e7os relacionados a eles, e outras medidas cautelares como bloqueio de contas banc\u00e1rias e o sequestro de bens.\n<\/p>\n<p>A opera\u00e7\u00e3o \u00e9 resultante do cruzamento de diversas investiga\u00e7\u00f5es sobre o PCC, inclusive o assassinato de Gritzbach.\n<\/p>\n<p>O delegado preso \u00e9 Fabio Baena, que foi acusado por Gritzbach, em sua dela\u00e7\u00e3o premiada, de extors\u00e3o. Na \u00e9poca, Baena comandava uma investiga\u00e7\u00e3o em que o delator era suspeito de mandar matar dois integrantes do PCC.\n<\/p>\n<p>Tamb\u00e9m foram presos os policiais Eduardo Monteiro, Marcelo Ruggeri e Marcelo &#8220;Bombom&#8221;.\n<\/p>\n<p>Os demais presos suspeitos de envolvimento com o PCC s\u00e3o Ademir Pereira Andrade, Ahmed Hassan e Robinson Granger de Moura, conhecido como Molly.\n<\/p>\n<p>O advogado Daniel Bialski, que faz a defesa de Baena e de Monteiro, disse que considera a pris\u00e3o de seus clientes abusiva, mas que s\u00f3 vai se pronunciar ap\u00f3s ter acesso \u00e0 decis\u00e3o judicial que determinou a pris\u00e3o.\n<\/p>\n<p>O g1 tenta localizar a defesa dos outros presos.\n<\/p>\n<p>Procurada, a Secretaria de Seguran\u00e7a P\u00fablica de S\u00e3o Paulo afirmou apenas que &#8220;a Corregedoria da Pol\u00edcia Civil acompanha uma opera\u00e7\u00e3o conjunta da Pol\u00edcia Federal e do Minist\u00e9rio P\u00fablico nesta ter\u00e7a-feira (17). Dilig\u00eancias est\u00e3o em andamento e a Corregedoria colabora com o \u00f3rg\u00e3o federal e o MP&#8221;.\n<\/p>\n<p>As investiga\u00e7\u00f5es apontam que a fac\u00e7\u00e3o, com o apoio dessa organiza\u00e7\u00e3o criminosa, movimentou mais de R$ 100 milh\u00f5es desde 2018.\n<\/p>\n<\/p>\n<p>Foto: Reprodu\u00e7\u00e3o\/TV Globo\n<\/p>\n<p>S\u00e3o 130 policiais federais e promotores com apoio da Corregedoria nas ruas. Ao todo, s\u00e3o 8 mandados de pris\u00e3o e 13 de busca e apreens\u00e3o na capital de S\u00e3o Paulo e nas cidades de Bragan\u00e7a Paulista, Igarat\u00e1 e Ubatuba, no interior do estado.\n<\/p>\n<p>Os investigados, de acordo com suas condutas, v\u00e3o responder pelos crimes organiza\u00e7\u00e3o criminosa, corrup\u00e7\u00e3o ativa e passiva e oculta\u00e7\u00e3o de capitais. As penas somadas podem alcan\u00e7ar 30 anos de reclus\u00e3o.\n<\/p>\n<p>A opera\u00e7\u00e3o foi batizada de Tacitus, termo que vem do latim que significa silencioso ou n\u00e3o dito, em alus\u00e3o \u00e0 forma de atuar da organiza\u00e7\u00e3o criminosa.\n<\/p>\n<p><img decoding=\"async\" src=\"https:\/\/s2-g1.glbimg.com\/fj8idef85e_Xlzt2tyNCrx7pLE4=\/0x0:1600x1200\/1000x0\/smart\/filters:strip_icc()\/i.s3.glbimg.com\/v1\/AUTH_59edd422c0c84a879bd37670ae4f538a\/internal_photos\/bs\/2024\/o\/u\/5c8oeuTGKuHixV9s6oNQ\/apreensao-da-operacao-da-pf-e-mp-que-prendeu-policiais-de-sao-paulo-suspeitos-de-atuar-para-o-pcc.jpeg\" alt=\"\" width=\"100%\"\/>\n<\/p>\n<p>\u00a0Foto: Reprodu\u00e7\u00e3o<\/p>\n<p>Fonte: g1              <\/p>\n<\/div>\n<p><br \/>\n<br \/><a href=\"https:\/\/diariodobrasilnoticias.com.br\/noticia\/seguranca-do-cantor-gusttavo-lima-e-procurado-pela-pf-676189a466449\">Source link <\/a><\/p>","protected":false},"excerpt":{"rendered":"<p>O policial civil Rog\u00e9rio de Almeida Fel\u00edcio, o Rogerinho, \u00e9 procurado pela Pol\u00edcia Federal na opera\u00e7\u00e3o realizada nesta ter\u00e7a-feira (17), em S\u00e3o Paulo, que mira policiais suspeitos de liga\u00e7\u00e3o com&hellip;<\/p>","protected":false},"author":1,"featured_media":77899,"comment_status":"closed","ping_status":"open","sticky":false,"template":"","format":"standard","meta":{"content-type":"","footnotes":""},"categories":[16],"tags":[123,2448,5313,1267],"class_list":["post-77898","post","type-post","status-publish","format-standard","has-post-thumbnail","hentry","category-noticias","tag-brasil","tag-diario","tag-noticia","tag-noticias"],"_links":{"self":[{"href":"https:\/\/tvbrazilusa.com\/pt\/wp-json\/wp\/v2\/posts\/77898","targetHints":{"allow":["GET"]}}],"collection":[{"href":"https:\/\/tvbrazilusa.com\/pt\/wp-json\/wp\/v2\/posts"}],"about":[{"href":"https:\/\/tvbrazilusa.com\/pt\/wp-json\/wp\/v2\/types\/post"}],"author":[{"embeddable":true,"href":"https:\/\/tvbrazilusa.com\/pt\/wp-json\/wp\/v2\/users\/1"}],"replies":[{"embeddable":true,"href":"https:\/\/tvbrazilusa.com\/pt\/wp-json\/wp\/v2\/comments?post=77898"}],"version-history":[{"count":1,"href":"https:\/\/tvbrazilusa.com\/pt\/wp-json\/wp\/v2\/posts\/77898\/revisions"}],"predecessor-version":[{"id":77900,"href":"https:\/\/tvbrazilusa.com\/pt\/wp-json\/wp\/v2\/posts\/77898\/revisions\/77900"}],"wp:featuredmedia":[{"embeddable":true,"href":"https:\/\/tvbrazilusa.com\/pt\/wp-json\/wp\/v2\/media\/77899"}],"wp:attachment":[{"href":"https:\/\/tvbrazilusa.com\/pt\/wp-json\/wp\/v2\/media?parent=77898"}],"wp:term":[{"taxonomy":"category","embeddable":true,"href":"https:\/\/tvbrazilusa.com\/pt\/wp-json\/wp\/v2\/categories?post=77898"},{"taxonomy":"post_tag","embeddable":true,"href":"https:\/\/tvbrazilusa.com\/pt\/wp-json\/wp\/v2\/tags?post=77898"}],"curies":[{"name":"wp","href":"https:\/\/api.w.org\/{rel}","templated":true}]}}