{"id":77904,"date":"2024-12-17T17:09:51","date_gmt":"2024-12-17T17:09:51","guid":{"rendered":"https:\/\/tvbrazilusa.com\/2024\/12\/17\/prefeito-de-everett-ganha-us-11-milhao-em-acordo-por-difamacao-jornal-local-concorda-em-fechar\/"},"modified":"2024-12-17T17:18:17","modified_gmt":"2024-12-17T17:18:17","slug":"prefeito-de-everett-ganha-us-11-milhao-em-acordo-por-difamacao-jornal-local-concorda-em-fechar","status":"publish","type":"post","link":"https:\/\/tvbrazilusa.com\/pt\/2024\/12\/17\/prefeito-de-everett-ganha-us-11-milhao-em-acordo-por-difamacao-jornal-local-concorda-em-fechar\/","title":{"rendered":"Prefeito de Everett ganha US$ 1,1 milh\u00e3o em acordo por difama\u00e7\u00e3o, jornal local concorda em fechar"},"content":{"rendered":"<p> <script async src=\"https:\/\/pagead2.googlesyndication.com\/pagead\/js\/adsbygoogle.js?client=ca-pub-8864793242727901\"\r\n     crossorigin=\"anonymous\"><\/script><br \/>\n<\/p>\n<div id=\"\">\n<header class=\"m-article-header m-article-header--standard\">\n\t\t\t\t\t\t\t\t\t\t\t\t<span id=\"article-header-primary-term\"><br \/>\n\t\t\t\t\t\t\t\t<a class=\"a-term a-term--primary\" href=\"https:\/\/www.boston.com\/tag\/local-news\/\"><\/p>\n<p>\t\t\t\t\t\t\t\tNot\u00edcias locais\t\t\t\t\t\t\t\t<\/a><br \/>\n\t\t\t\t\t\t\t<\/span><\/p>\n<h2 class=\"m-article-header__sub-headline\">O prefeito de Everett, Carlo DeMaria, alegou que o Everett Leader Herald fabricou cita\u00e7\u00f5es intencionalmente e publicou falsas acusa\u00e7\u00f5es contra ele.<\/h2>\n<figure class=\"a-photo m-article-header__photo\"><figcaption class=\"a-photo__caption\">\n<p>\tO prefeito de Everett, Carlo DeMaria, e sua esposa Stacy em uma entrevista coletiva na segunda-feira.<br \/>\n<em> Suzanne Kreiter\/Boston Globe <\/em>\t<\/figcaption><\/figure>\n<\/header>\n<p>O prefeito de Everett, Carlo DeMaria, e seus advogados <a href=\"https:\/\/www.saul.com\/insights\/press-release\/saul-ewing-llp-secures-1-1-million-defamation-settlement-everett-mass-0\">anunciado <\/a>Segunda-feira que eles haviam resolvido um processo por difama\u00e7\u00e3o contra<em> O Arauto do L\u00edder Everett<\/em> por US$ 1,1 milh\u00e3o. O jornal de 139 anos dever\u00e1 cessar definitivamente a publica\u00e7\u00e3o como resultado do acordo por difama\u00e7\u00e3o. <\/p>\n<p>H\u00e1 tr\u00eas anos, DeMaria alegou que o <em>L\u00edder Arauto<\/em> trabalhou deliberadamente para menosprezar sua reputa\u00e7\u00e3o durante v\u00e1rios anos. Atrav\u00e9s da descoberta, descobriu-se que o editor e editor do jornal, Joshua Resnek, admitiu ter fabricado cita\u00e7\u00f5es e relatado conscientemente informa\u00e7\u00f5es falsas sobre DeMaria. <\/p>\n<p>Resnek e <em>L\u00edder Arauto<\/em> o propriet\u00e1rio Mathew Philbin estabeleceu uma \u201cconspira\u00e7\u00e3o extraordinariamente flagrante\u201d, onde eles falsamente e conscientemente publicaram artigos afirmando falsamente que DeMaria havia recebido subornos, propinas e se envolvido em extors\u00e3o, alegou DeMaria em uma reclama\u00e7\u00e3o alterada apresentada em 2022.<\/p>\n<p>\u201cMesmo que os termos do acordo me justifiquem no que tenho dito, e o fazem, nunca ser\u00e1 poss\u00edvel reparar os danos emocionais e de reputa\u00e7\u00e3o que foram causados \u200b\u200baqui\u201d, disse DeMaria em confer\u00eancia de imprensa. <\/p>\n<p>Um dos principais objetivos da conspira\u00e7\u00e3o, alegou DeMaria na den\u00fancia, era destitu\u00ed-lo do cargo e proteger os interesses comerciais de Philbin. Resnek admitiu sob juramento que, em 2021, o <em>L\u00edder Arauto<\/em> trabalhou para \u201clan\u00e7ar bombas\u201d sobre DeMaria, usando o jornal para acus\u00e1-lo falsamente de conduta criminosa. Isto foi feito imediatamente antes das prim\u00e1rias para prefeito, numa aparente tentativa de \u201cinclinar a elei\u00e7\u00e3o e remover\u201d DeMaria. <\/p>\n<p>Resnek admitiu coordenar diariamente com os inimigos pol\u00edticos de DeMaria em Everett durante esse per\u00edodo. Hist\u00f3rias falsas foram enviadas a outras empresas de propriedade de Philbin para serem revisadas, editadas e aprovadas de acordo com seus interesses comerciais antes da publica\u00e7\u00e3o, de acordo com a den\u00fancia. <\/p>\n<p>\u201cToda semana, 52 vezes por ano, eu invento o <em>L\u00edder Arauto<\/em> \u2026 O prefeito \u00e9 meu inimigo\u2026 Levo dois dias longe de escrever importantes todas as semanas para criar essa merda\u201d, escreveu Resnek a um colega, de acordo com a den\u00fancia. <\/p>\n<p>Um julgamento estava programado para come\u00e7ar em 21 de janeiro no Tribunal Superior de Middlesex, mas DeMaria concordou em n\u00e3o prosseguir com o julgamento como parte do acordo. O acordo real est\u00e1 sendo mantido em sigilo. <\/p>\n<p>Ao ser contatado por um <a href=\"https:\/\/www.bostonglobe.com\/2024\/12\/16\/business\/everett-mayor-defamation-leader-herald-closing\/\"><em>Globo de Boston<\/em><\/a>  rep\u00f3rter e perguntou se o <em>L\u00edder Arauto<\/em> tem dinheiro para pagar a a\u00e7\u00e3o, Resnek se recusou a comentar e acrescentou: \u201cN\u00e3o poderia ter havido um acordo sem pagamento\u201d.<\/p>\n<p>Os advogados de DeMaria disseram que o acordo para fechar o <em>L\u00edder Arauto<\/em> n\u00e3o se deve ao pagamento de US$ 1,1 milh\u00e3o, mas a uma condi\u00e7\u00e3o separada do acordo. <\/p>\n<p>Resnek celebrou um acordo com Philbin em 2017 que, al\u00e9m de um sal\u00e1rio fixo, receberia uma parte dos lucros do jornal. O <em>L\u00edder Arauto<\/em> estava sendo distribu\u00eddo gratuitamente e era sustentado por receitas de publicidade. O jornal sofreu perdas anuais a partir de 2018, e Resnek admitiu estar consciente dos seus interesses financeiros no jornal enquanto reportava e escrevia artigos.<\/p>\n<p>  Resnek e Philbin ficaram zangados com DeMaria por se recusar a usar o dinheiro do contribuinte de Everett para comprar an\u00fancios no jornal. Eles acreditavam que DeMaria tamb\u00e9m era respons\u00e1vel por outros anunciantes em potencial permanecerem longe do jornal, de acordo com a den\u00fancia. <\/p>\n<p>Eles rotularam DeMaria de \u201cKickback Carlo\u201d e publicaram repetidamente relatos sabidamente falsos de como o prefeito estava supostamente infringindo a lei, alegou DeMaria. <\/p>\n<p>\u201c[I] acho que tenho esse f-er gordo. Tenho trabalhado h\u00e1 tr\u00eas anos para derrub\u00e1-lo\u201d, escreveu Resnek em um email de setembro de 2021 para Philbin, de acordo com a den\u00fancia. \u201cSinto que estou prestes a esmagar o prefeito de Everett duas semanas antes das prim\u00e1rias altamente disputadas\u201d, escreveu ele em outro e-mail naquele dia. <\/p>\n<p>O <em>L\u00edder Arauto<\/em> <a href=\"https:\/\/everettleader.com\/\">site<\/a> estava inacess\u00edvel ao p\u00fablico na manh\u00e3 de ter\u00e7a-feira. Everett \u00e9 o lar de dois outros meios de comunica\u00e7\u00e3o semanais, o <a href=\"https:\/\/advocatenews.net\/everett\/\">Advogado de Everett<\/a> e o <a href=\"https:\/\/everettindependent.com\/\">Everett independente<\/a>. <\/p>\n<p>Em uma postagem no blog, o professor de jornalismo nordestino e estudioso de m\u00eddia local Dan Kennedy comentou sobre o <em>L\u00edder Arauto<\/em> acordo e comparou-o com um recentemente alcan\u00e7ado entre <a href=\"https:\/\/www.cnn.com\/2024\/12\/14\/politics\/trump-abc-news-defamation-lawsuit-settle\/index.html\">ABC News e o presidente eleito Donald Trump<\/a>. A ABC News concordou em pagar US$ 15 milh\u00f5es \u00e0 \u201cfunda\u00e7\u00e3o e museu presidencial\u201d de Trump para resolver a reclama\u00e7\u00e3o de difama\u00e7\u00e3o.  <\/p>\n<p>\u201cAo contr\u00e1rio da quest\u00e3o de Trump e da ABC, n\u00e3o encontraremos um exemplo mais claro de <a href=\"https:\/\/protectdemocracy.org\/work\/the-actual-malice-standard-explained\/\">mal\u00edcia real<\/a>\u201dDo que o caso envolvendo DeMaria, escreveu Kennedy.<\/p>\n<div class=\"o-author-single no-avatar\">\n<header class=\"m-author-card\">\n<div class=\"m-author-card__text\">\n<h3 class=\"m-author-card__title\"><a href=\"https:\/\/www.boston.com\/author\/ross.cristantiello\">Ross Cristantiello<\/a><\/h3>\n<p><span class=\"m-author-card__subtitle\">Redator da equipe<\/span>\t<\/div>\n<\/header>\n<section class=\"author-info\">\n<div class=\"m-author__section\">\n<p>Ross Cristantiello, rep\u00f3rter de not\u00edcias gerais do Boston.com desde 2022, cobre pol\u00edtica local, crime, meio ambiente e muito mais.<\/p>\n<\/div>\n<\/section>\n<\/div>\n<div class=\"m-block m-generic-cta\t m-generic-cta--post-content\t m-generic-cta--dark\t m-generic-cta--homepage\t m-generic-cta--email-signup\t\t m-generic-cta-block-style--default \tt-amp__generic-cta\"><\/p>\n<div class=\"m-generic-cta__wrap\">\n<div class=\"m-generic-cta__content\">\n<h3 class=\"m-generic-cta__title\">Boston.com hoje<\/h3>\n<p class=\"m-generic-cta__subtitle\">Inscreva-se para receber as \u00faltimas manchetes em sua caixa de entrada todas as manh\u00e3s.<\/p>\n<\/p><\/div>\n<\/p><\/div>\n<\/div><\/div>\n<p><script>\n\t\tvar consent=\"grant\";\n\t\t\/* The above code is parsing the JSON data from the local storage and storing it in a variable. *\/\n\t\t\t\t\tconst onetrustStorageConsent = JSON.parse(localStorage.getItem( 'consent_one_trust_bdc' ) );\n\t\t\tif ( ( onetrustStorageConsent !== null ) ) {\n\t\t\t\t\/* Checking to see if the user has consented to the use of cookies.\n\t\t\t\t* If they have not, it is deleting the cookie.\n\t\t\t\t* This will comment for now, until further notice.\n\t\t\t\t*\/\n\t\t\t\t\/\/if ( onetrustStorageConsent.C0002 === false ) {\n\t\t\t\t\/\/\tdocument.cookie=\"_fbp=;expires=Thu, 01 Jan 2010 00:00:00 UTC; path=\/; domain=.boston.com\";\n\t\t\t\t\/\/}\n\t\t\t\t\/* Checking if the user has given consent for the cookie C0002.\n\t\t\t\t* If the user has given consent, the variable consent will be set to 'grant'.\n\t\t\t\t* If the user has not given consent,the variable consent will be set to 'revoke'.\n\t\t\t\t* Documentation https:\/\/developers.facebook.com\/docs\/meta-pixel\/implementation\/gdpr\n\t\t\t\t*\/\n\t\t\t\tif ( onetrustStorageConsent.C0002 !== true ) {\n\t\t\t\t\tconsent=\"revoke\";\n\t\t\t\t}\n\t\t\t}\n\t\t\t\t!function(f,b,e,v,n,t,s)\n\t\t{if(f.fbq)return;n=f.fbq=function(){n.callMethod?\n\t\tn.callMethod.apply(n,arguments):n.queue.push(arguments)};\n\t\tif(!f._fbq)f._fbq=n;n.push=n;n.loaded=!0;n.version='2.0';\n\t\tn.queue=[];t=b.createElement(e);t.async=!0;\n\t\tt.src=v;s=b.getElementsByTagName(e)[0];\n\t\ts.parentNode.insertBefore(t,s)}(window, document,'script',\n\t\t'https:\/\/connect.facebook.net\/en_US\/fbevents.js');\n\t\tfbq('consent', consent);\n\t\tfbq('init', '989222871864976');\n\t\tfbq('track', 'PageView');\n\t<\/script><script type=\"module\">\n\t\tvar consent=\"grant\";\n\t\t\/* The above code is parsing the JSON data from the local storage and storing it in a variable. *\/\n\t\t\tconst onetrustStorageConsent = JSON.parse(localStorage.getItem( 'consent_one_trust_bdc' ) );\n\t\t\t\/* Checking to see if the user has consented to the use of cookies.\n\t\t\t* If they have not, it is deleting the cookie.\n\t\t\t* This will comment for now, until further notice.\n\t\t\t*\/\n\t\t\t\/\/if ( onetrustStorageConsent.C0002 === false ) {\n\t\t\t\/\/\tdocument.cookie=\"_fbp=;expires=Thu, 01 Jan 2010 00:00:00 UTC; path=\/; domain=.boston.com\";\n\t\t\t\/\/}\n\t\t\t\/* Checking if the user has given consent for the cookie C0002.\n\t\t\t* If the user has given consent, the variable consent will be set to 'grant'.\n\t\t\t* If the user has not given consent,the variable consent will be set to 'revoke'.\n\t\t\t* Documentation https:\/\/developers.facebook.com\/docs\/meta-pixel\/implementation\/gdpr\n\t\t\t*\/\n\t\t\tif ( ( onetrustStorageConsent !== null ) && (onetrustStorageConsent.C0002 !== true ) ) {\n\t\t\t\tconsent=\"revoke\";\n\t\t\t}\n\t\t\t\t!function(f,b,e,v,n,t,s){if(f.fbq)return;n=f.fbq=function()\n\t\t{n.callMethod? n.callMethod.apply(n,arguments):n.queue.push(arguments)}\n\t\t;if(!f._fbq)f._fbq=n;\n\t\tn.push=n;n.loaded=!0;n.version='2.0';n.queue=[];t=b.createElement(e);t.async=!0;\n\t\tt.src=v;s=b.getElementsByTagName(e)[0];s.parentNode.insertBefore(t,s)}(window,\n\t\tdocument,'script','https:\/\/connect.facebook.net\/en_US\/fbevents.js');\n\t\tfbq('consent', consent);\n\t\tfbq('init', '813236348753005');\n\t\tfbq('track', \"PageView\");\n\t<\/script><br \/>\n<br \/><br \/>\n<br \/><a href=\"https:\/\/www.boston.com\/news\/local-news\/2024\/12\/17\/everett-mayor-wins-1-1m-in-defamation-settlement-local-paper-agrees-to-shut-down\/\">Source link <\/a><\/p>","protected":false},"excerpt":{"rendered":"<p>Not\u00edcias locais O prefeito de Everett, Carlo DeMaria, alegou que o Everett Leader Herald fabricou cita\u00e7\u00f5es intencionalmente e publicou falsas acusa\u00e7\u00f5es contra ele. O prefeito de Everett, Carlo DeMaria, e&hellip;<\/p>","protected":false},"author":1,"featured_media":77905,"comment_status":"closed","ping_status":"open","sticky":false,"template":"","format":"standard","meta":{"content-type":"","footnotes":""},"categories":[1],"tags":[],"class_list":["post-77904","post","type-post","status-publish","format-standard","has-post-thumbnail","hentry","category-uncategorized"],"_links":{"self":[{"href":"https:\/\/tvbrazilusa.com\/pt\/wp-json\/wp\/v2\/posts\/77904","targetHints":{"allow":["GET"]}}],"collection":[{"href":"https:\/\/tvbrazilusa.com\/pt\/wp-json\/wp\/v2\/posts"}],"about":[{"href":"https:\/\/tvbrazilusa.com\/pt\/wp-json\/wp\/v2\/types\/post"}],"author":[{"embeddable":true,"href":"https:\/\/tvbrazilusa.com\/pt\/wp-json\/wp\/v2\/users\/1"}],"replies":[{"embeddable":true,"href":"https:\/\/tvbrazilusa.com\/pt\/wp-json\/wp\/v2\/comments?post=77904"}],"version-history":[{"count":1,"href":"https:\/\/tvbrazilusa.com\/pt\/wp-json\/wp\/v2\/posts\/77904\/revisions"}],"predecessor-version":[{"id":77906,"href":"https:\/\/tvbrazilusa.com\/pt\/wp-json\/wp\/v2\/posts\/77904\/revisions\/77906"}],"wp:featuredmedia":[{"embeddable":true,"href":"https:\/\/tvbrazilusa.com\/pt\/wp-json\/wp\/v2\/media\/77905"}],"wp:attachment":[{"href":"https:\/\/tvbrazilusa.com\/pt\/wp-json\/wp\/v2\/media?parent=77904"}],"wp:term":[{"taxonomy":"category","embeddable":true,"href":"https:\/\/tvbrazilusa.com\/pt\/wp-json\/wp\/v2\/categories?post=77904"},{"taxonomy":"post_tag","embeddable":true,"href":"https:\/\/tvbrazilusa.com\/pt\/wp-json\/wp\/v2\/tags?post=77904"}],"curies":[{"name":"wp","href":"https:\/\/api.w.org\/{rel}","templated":true}]}}