{"id":77907,"date":"2024-12-17T17:25:23","date_gmt":"2024-12-17T17:25:23","guid":{"rendered":"https:\/\/tvbrazilusa.com\/2024\/12\/17\/brasileiro-diz-ser-vitima-de-trafico-humano-na-asia-e-revela-sua-condicao-para-ser-liberado\/"},"modified":"2024-12-17T17:25:24","modified_gmt":"2024-12-17T17:25:24","slug":"brasileiro-diz-ser-vitima-de-trafico-humano-na-asia-e-revela-sua-condicao-para-ser-liberado","status":"publish","type":"post","link":"https:\/\/tvbrazilusa.com\/pt\/2024\/12\/17\/brasileiro-diz-ser-vitima-de-trafico-humano-na-asia-e-revela-sua-condicao-para-ser-liberado\/","title":{"rendered":"Brasileiro diz ser v\u00edtima de tr\u00e1fico humano na \u00c1sia e revela sua condi\u00e7\u00e3o para ser liberado"},"content":{"rendered":"<p> <script async src=\"https:\/\/pagead2.googlesyndication.com\/pagead\/js\/adsbygoogle.js?client=ca-pub-8864793242727901\"\r\n     crossorigin=\"anonymous\"><\/script><br \/>\n<\/p>\n<div id=\"taboola-read-more\" style=\"display:block; width:100%\">\n<p>O paulistano Luckas Viana dos Santos, de 31 anos, contatou a fam\u00edlia no Brasil relatando estar preso em um centro de cibercrimes na divisa entre Mianmar e Tail\u00e2ndia desde o in\u00edcio de outubro, v\u00edtima de uma suposta rede de tr\u00e1fico humano. A m\u00e3e do rapaz, Cleide Viana, afirma que ele foi aliciado por uma falsa proposta de emprego e, desde ent\u00e3o, est\u00e1 sob o controle de criminosos que exigem cerca de R$ 120 mil para sua liberta\u00e7\u00e3o.\n<\/p>\n<p>O caso de Luckas, descrito pela m\u00e3e, segue um padr\u00e3o crescente de aliciamento de pessoas para trabalho for\u00e7ado em pa\u00edses do Sudeste Asi\u00e1tico. O jovem teria sido capturado por uma rede de tr\u00e1fico que utiliza v\u00edtimas como m\u00e3o de obra em esquemas de golpes virtuais, envolvendo criptomoedas, jogos de azar e investimentos fraudulentos.<\/p>\n<p>\u201cMeu filho est\u00e1 sendo explorado, torturado e for\u00e7ado a cometer crimes contra sua vontade\u201d, escreveu Cleide na internet. Ela ainda relatou que a fam\u00edlia busca ajuda no Itamaraty, na Pol\u00edcia Federal e no Minist\u00e9rio P\u00fablico Federal (MPF) para tentar resgat\u00e1-lo.\n<\/p>\n<p>O brasileiro havia viajado \u00e0 Tail\u00e2ndia para trabalhar como volunt\u00e1rio em um hostel em Bangkok. No in\u00edcio de outubro, ele aceitou uma outra proposta de emprego, mas, a caminho do local, entendeu que havia se tornado mais uma v\u00edtima de tr\u00e1fico humano na \u00c1sia. Desde ent\u00e3o, ele fez poucos contatos com a fam\u00edlia.\n<\/p>\n<p>Na \u00faltima liga\u00e7\u00e3o para sua m\u00e3e, no dia 8 de dezembro, Luckas informou que os criminosos estavam pedindo cerca de R$ 120 mil por sua liberta\u00e7\u00e3o. Cleide tenta arrecadar o valor, mas luta contra o tempo: \u201cCada segundo conta. A dor \u00e9 imensa, mas a f\u00e9 \u00e9 maior\u201d.\n<\/p>\n<p>Procurado pelo GLOBO, o MPF disse que &#8220;o procedimento em curso referente a Luckas Viana Santos corre em sigilo e, por isso, as informa\u00e7\u00f5es n\u00e3o ser\u00e3o fornecidas neste momento&#8221;. A reportagem tamb\u00e9m procurou o Itamaraty e a Pol\u00edcia Federal, mas ainda n\u00e3o obteve resposta. O espa\u00e7o segue aberto para manifesta\u00e7\u00e3o.\n<\/p>\n<p><strong>Aumento de casos entre brasileiros<\/strong><br \/>A situa\u00e7\u00e3o de Luckas n\u00e3o configura um caso isolado. Dados do Relat\u00f3rio Nacional sobre Tr\u00e1fico de Pessoas (2021-2023), divulgado pelo Minist\u00e9rio da Justi\u00e7a em junho de 2024, mostram que, em 2022, 109 brasileiros foram v\u00edtimas de tr\u00e1fico humano na \u00c1sia. Segundo o relat\u00f3rio, \u201ca vulnerabilidade socioecon\u00f4mica aumenta a suscetibilidade\u201d das v\u00edtimas, enquanto plataformas digitais facilitam o aliciamento.\n<\/p>\n<p>O documento tamb\u00e9m destaca que a pandemia de Covid-19 intensificou o problema, com o fechamento de cassinos f\u00edsicos e a migra\u00e7\u00e3o para ambientes digitais de fraude. \u201cAs plataformas digitais expandiram significativamente o alcance territorial dos perpetradores\u201d, informou o relat\u00f3rio.\n<\/p>\n<div class=\"mc-column content-text active-extra-styles\" data-block-type=\"unstyled\" data-block-weight=\"47\">\n<p class=\"content-text__container\" data-track-category=\"Link no Texto\" data-track-links=\"data-track-links\">Cleide faz um apelo: \u201cMinha \u00fanica motiva\u00e7\u00e3o \u00e9 salvar a vida do meu filho. Ele foi levado contra sua vontade e est\u00e1 em perigo constante\u201d. Al\u00e9m de Luckas, outro brasileiro, identificado como Phelipe, estaria preso no mesmo local e mant\u00e9m contato com a fam\u00edlia para atualizar informa\u00e7\u00f5es.\n<\/p>\n<\/div>\n<div class=\"mc-column content-text active-extra-styles\" data-block-type=\"unstyled\" data-block-weight=\"14\">\n<p class=\"content-text__container\" data-track-category=\"Link no Texto\" data-track-links=\"data-track-links\">\u201cPrometo que vou lutar at\u00e9 o fim para trazer meu filho para casa\u201d,\u00a0finalizou Cleide.\n<\/p>\n<\/div>\n<div class=\"mc-column content-text active-extra-styles\" data-block-type=\"raw\" data-block-weight=\"8\">\n<p class=\"content-text__container\">\u00a0\n<\/p>\n<p><h2>Veja o relato completo da m\u00e3e de Luckas<\/h2>\n<\/p>\n<\/div>\n<div class=\"mc-column content-text active-extra-styles\" data-block-type=\"unstyled\" data-block-weight=\"113\">\n<p class=\"content-text__container\" data-track-category=\"Link no Texto\" data-track-links=\"data-track-links\"><em>&#8220;Meu filho est\u00e1 preso nas redes cru\u00e9is do tr\u00e1fico humano, sendo explorado, torturado e for\u00e7ado a cometer crimes contra sua vontade. H\u00e1 mais de dois meses, sua vida se tornou um pesadelo constante, e o meu maior medo \u00e9 n\u00e3o conseguir tir\u00e1-lo de l\u00e1 a tempo. Eu sou apenas uma m\u00e3e, lutando com todas as for\u00e7as para reunir recursos e agir rapidamente. Cada segundo conta, sei que o caminho para a liberdade exige apoio financeiro para despesas legais e investiga\u00e7\u00e3o privada. Recentemente, recebi uma liga\u00e7\u00e3o do meu filho (08\/12), dizendo que pediram o valor de 20 mil d\u00f3lares para liberarem ele (cerca de 122 mil reais + a taxa do site de 6%).<\/em>\n<\/p>\n<\/div>\n<div class=\"mc-column content-text active-extra-styles\" data-block-type=\"unstyled\" data-block-weight=\"51\">\n<p class=\"content-text__container\" data-track-category=\"Link no Texto\" data-track-links=\"data-track-links\"><em>N\u00e3o vou desistir at\u00e9 ter meu filho de volta. A dor \u00e9 imensa, mas a f\u00e9 \u00e9 maior. Por todas essas movimenta\u00e7\u00f5es, estou em contato com uma fam\u00edlia de um jovem que tamb\u00e9m est\u00e1 com o Luckas, o Phelipe. O mesmo est\u00e1 em contato compartilhando como pode toda as atualiza\u00e7\u00f5es.<\/em>\n<\/p>\n<\/div>\n<div class=\"mc-column content-text active-extra-styles\" data-block-type=\"unstyled\" data-block-weight=\"36\">\n<p class=\"content-text__container\" data-track-category=\"Link no Texto\" data-track-links=\"data-track-links\"><em>O prazo est\u00e1 cada vez mais acirrado, pois agora \u00e9 o momento que mais preciso das colabora\u00e7\u00f5es de todos para poder conseguir trazer o Luckas ainda em condi\u00e7\u00f5es de vida de volta para meus bra\u00e7os.<\/em>\n<\/p>\n<\/div>\n<div class=\"mc-column content-text active-extra-styles\" data-block-type=\"unstyled\" data-block-weight=\"44\">\n<p class=\"content-text__container\" data-track-category=\"Link no Texto\" data-track-links=\"data-track-links\"><em>Ele foi levado contra sua vontade para Myanmar e est\u00e1 preso em uma rede de tr\u00e1fico humano, ap\u00f3s ser enganado com promessas de oportunidade de emprego. Desde que descobri, minha vida tem sido uma luta constante para encontr\u00e1-lo e traz\u00ea-lo de volta para casa.<\/em>\n<\/p>\n<\/div>\n<div class=\"mc-column content-text active-extra-styles\" data-block-type=\"unstyled\" data-block-weight=\"49\">\n<p class=\"content-text__container\" data-track-category=\"Link no Texto\" data-track-links=\"data-track-links\"><em>A dor de uma m\u00e3e ao saber que seu filho est\u00e1 em perigo \u00e9 indescrit\u00edvel. Cada dia que passa sem not\u00edcias concretas \u00e9 uma eternidade. Por\u00e9m, n\u00e3o posso desistir. Os custos para localiz\u00e1-lo e traz\u00ea-lo de volta s\u00e3o altos: passagens, apoio jur\u00eddico, tradu\u00e7\u00f5es e, infelizmente, at\u00e9 negocia\u00e7\u00f5es com intermedi\u00e1rios.<\/em>\n<\/p>\n<\/div>\n<div class=\"mc-column content-text active-extra-styles\" data-block-type=\"unstyled\" data-block-weight=\"42\">\n<p class=\"content-text__container\" data-track-category=\"Link no Texto\" data-track-links=\"data-track-links\"><em>Minha \u00fanica motiva\u00e7\u00e3o \u00e9 salvar a vida do meu filho e dar a ele a chance de viver com dignidade e seguran\u00e7a novamente. Ele n\u00e3o \u00e9 apenas meu filho, mas uma pessoa com sonhos, esperan\u00e7as e um futuro que foi brutalmente interrompido.<\/em>\n<\/p>\n<\/div>\n<div data-track-category=\"multicontent\" data-track-action=\"ultimo chunk conteudo\" data-track-noninteraction=\"false\" data-track-scroll=\"view\">\n<div class=\"mc-column content-text active-extra-styles\" data-block-type=\"unstyled\" data-block-weight=\"11\">\n<p class=\"content-text__container\" data-track-category=\"Link no Texto\" data-track-links=\"data-track-links\"><em>Prometo que vou lutar at\u00e9 o fim para trazer meu filho\u00a0para\u00a0casa.&#8221;<\/em>\n<\/p>\n<p class=\"content-text__container\" data-track-category=\"Link no Texto\" data-track-links=\"data-track-links\">\u00a0\n<\/p>\n<p class=\"content-text__container\" data-track-category=\"Link no Texto\" data-track-links=\"data-track-links\">Fonte: O Globo\n<\/p>\n<\/div>\n<\/div><\/div>\n<p><br \/>\n<br \/><a href=\"https:\/\/diariodobrasilnoticias.com.br\/noticia\/brasileiro-diz-ser-vitima-de-trafico-humano-na-asia-e-revela-sua-condicao-para-ser-liberado-67618bab9208c\">Source link <\/a><\/p>","protected":false},"excerpt":{"rendered":"<p>O paulistano Luckas Viana dos Santos, de 31 anos, contatou a fam\u00edlia no Brasil relatando estar preso em um centro de cibercrimes na divisa entre Mianmar e Tail\u00e2ndia desde o&hellip;<\/p>","protected":false},"author":1,"featured_media":77908,"comment_status":"closed","ping_status":"open","sticky":false,"template":"","format":"standard","meta":{"content-type":"","footnotes":""},"categories":[16],"tags":[123,2448,5313,1267],"class_list":["post-77907","post","type-post","status-publish","format-standard","has-post-thumbnail","hentry","category-noticias","tag-brasil","tag-diario","tag-noticia","tag-noticias"],"_links":{"self":[{"href":"https:\/\/tvbrazilusa.com\/pt\/wp-json\/wp\/v2\/posts\/77907","targetHints":{"allow":["GET"]}}],"collection":[{"href":"https:\/\/tvbrazilusa.com\/pt\/wp-json\/wp\/v2\/posts"}],"about":[{"href":"https:\/\/tvbrazilusa.com\/pt\/wp-json\/wp\/v2\/types\/post"}],"author":[{"embeddable":true,"href":"https:\/\/tvbrazilusa.com\/pt\/wp-json\/wp\/v2\/users\/1"}],"replies":[{"embeddable":true,"href":"https:\/\/tvbrazilusa.com\/pt\/wp-json\/wp\/v2\/comments?post=77907"}],"version-history":[{"count":1,"href":"https:\/\/tvbrazilusa.com\/pt\/wp-json\/wp\/v2\/posts\/77907\/revisions"}],"predecessor-version":[{"id":77909,"href":"https:\/\/tvbrazilusa.com\/pt\/wp-json\/wp\/v2\/posts\/77907\/revisions\/77909"}],"wp:featuredmedia":[{"embeddable":true,"href":"https:\/\/tvbrazilusa.com\/pt\/wp-json\/wp\/v2\/media\/77908"}],"wp:attachment":[{"href":"https:\/\/tvbrazilusa.com\/pt\/wp-json\/wp\/v2\/media?parent=77907"}],"wp:term":[{"taxonomy":"category","embeddable":true,"href":"https:\/\/tvbrazilusa.com\/pt\/wp-json\/wp\/v2\/categories?post=77907"},{"taxonomy":"post_tag","embeddable":true,"href":"https:\/\/tvbrazilusa.com\/pt\/wp-json\/wp\/v2\/tags?post=77907"}],"curies":[{"name":"wp","href":"https:\/\/api.w.org\/{rel}","templated":true}]}}