{"id":77922,"date":"2024-12-17T17:43:14","date_gmt":"2024-12-17T17:43:14","guid":{"rendered":"https:\/\/tvbrazilusa.com\/2024\/12\/17\/arvore-de-natal-pega-fogo-dois-dias-apos-inauguracao-em-praca-veja-video\/"},"modified":"2024-12-17T17:43:18","modified_gmt":"2024-12-17T17:43:18","slug":"arvore-de-natal-pega-fogo-dois-dias-apos-inauguracao-em-praca-veja-video","status":"publish","type":"post","link":"https:\/\/tvbrazilusa.com\/pt\/2024\/12\/17\/arvore-de-natal-pega-fogo-dois-dias-apos-inauguracao-em-praca-veja-video\/","title":{"rendered":"\u00c1rvore de Natal pega fogo dois dias ap\u00f3s inaugura\u00e7\u00e3o em pra\u00e7a; VEJA V\u00cdDEO"},"content":{"rendered":"<p> <script async src=\"https:\/\/pagead2.googlesyndication.com\/pagead\/js\/adsbygoogle.js?client=ca-pub-8864793242727901\"\r\n     crossorigin=\"anonymous\"><\/script><br \/>\n<\/p>\n<div id=\"taboola-read-more\" style=\"display:block; width:100%\">\n<p>A \u00e1rvore de Natal que fica no meio da Pra\u00e7a do Pal\u00e1cio Rio Branco, no Centro da capital, pegou fogo na madrugada desta ter\u00e7a-feira (17), dois dias ap\u00f3s a inaugura\u00e7\u00e3o das luzes natalinas. Os bombeiros foram acionados para conter as chamas e ningu\u00e9m ficou ferido no inc\u00eandio.\n<\/p>\n<p>O inc\u00eandio ocorreu horas ap\u00f3s a Cantata de Natal, na noite de segunda (16), que reuniu centenas de pessoas para acompanhar a apresenta\u00e7\u00e3o dos alunos da Escola de M\u00fasica do Acre (Emac). O evento, que era para ter acontecido no domingo (15), precisou ser remarcado por conta da forte chuva.<\/p>\n<p>Segundo o Corpo de Bombeiros (CBMAC), a ocorr\u00eancia foi registrada por volta de 1h25. O fogo foi contido e apenas uma parte externa da \u00e1rvore foi atingida. O atendimento foi feito pelo 1\u00ba Batalh\u00e3o dos Bombeiros, que fica pr\u00f3ximo ao local.\n<\/p>\n<p>&#8220;O inc\u00eandio foi atendido rapidamente por uma equipe do Corpo de Bombeiros, acionada pelo sentinela que fica de plant\u00e3o no pal\u00e1cio, ao perceber uma fuma\u00e7a saindo da decora\u00e7\u00e3o&#8221;, disse o comandante do Corpo de Bombeiros Militar do Acre, coronel Charles Santos, por meio de nota.\n<\/p>\n<\/p>\n<p>Foto: Reprodu\u00e7\u00e3o\n<\/p>\n<p>A equipe do Corpo de Bombeiros segue no local apurando a causa do incidente, e a Secretaria de Estado de Obras P\u00fablicas (Seop) trabalha para realizar o reparo da decora\u00e7\u00e3o.\n<\/p>\n<p>A suspeita \u00e9 de que tenha ocorrido um curto-circuito ao desligar a \u00e1rvore, j\u00e1 que o inc\u00eandio aconteceu na madrugada. Segundo os bombeiros, a parte queimada foi o revestimento verde que fica por fora, que \u00e9 um material semelhante ao pl\u00e1stico.\n<\/p>\n<p><img decoding=\"async\" src=\"https:\/\/s2-g1.glbimg.com\/G46crps56pHV0halqqUzet3e39c=\/0x0:3024x4032\/1000x0\/smart\/filters:strip_icc()\/i.s3.glbimg.com\/v1\/AUTH_59edd422c0c84a879bd37670ae4f538a\/internal_photos\/bs\/2024\/A\/K\/klz6xNTe2hGblappsGjg\/whatsapp-image-2024-12-17-at-08.11.51.jpeg\" alt=\"\" width=\"100%\"\/>\n<\/p>\n<p>Foto: Reprodu\u00e7\u00e3o\n<\/p>\n<p>O secret\u00e1rio Estadual de Obras (Seop), \u00cdtalo Lopes, revela que foram investidos R$ 2,3 milh\u00f5es na ornamenta\u00e7\u00e3o natalina, tanto em Rio Branco como em Cruzeiro do Sul, sendo que a capital recebeu o montante de R$ 2 milh\u00f5es.\n<\/p>\n<p>As luzes de Natal seguem para visita\u00e7\u00e3o at\u00e9 6 de janeiro, com a colabora\u00e7\u00e3o de diversas secretarias do governo. Uma dessas parcerias \u00e9 com a Funda\u00e7\u00e3o de Cultura Elias Mansour (FEM), que ficou respons\u00e1vel por todas as atividades l\u00fadicas para o p\u00fablico, que ocorrer\u00e3o entre os dias 20 a 23 de dezembro.\n<\/p>\n<p>ASSISTA:\n<\/p>\n<p>Fonte: g1              <\/p>\n<\/div>\n<p><br \/>\n<br \/><a href=\"https:\/\/diariodobrasilnoticias.com.br\/noticia\/-arvore-de-natal-pega-fogo-dois-dias-apos-inauguracao-em-praca-veja-video-67618d20794ff\">Source link <\/a><\/p>","protected":false},"excerpt":{"rendered":"<p>A \u00e1rvore de Natal que fica no meio da Pra\u00e7a do Pal\u00e1cio Rio Branco, no Centro da capital, pegou fogo na madrugada desta ter\u00e7a-feira (17), dois dias ap\u00f3s a inaugura\u00e7\u00e3o&hellip;<\/p>","protected":false},"author":1,"featured_media":77923,"comment_status":"closed","ping_status":"open","sticky":false,"template":"","format":"standard","meta":{"content-type":"","footnotes":""},"categories":[16],"tags":[123,2448,5313,1267],"class_list":["post-77922","post","type-post","status-publish","format-standard","has-post-thumbnail","hentry","category-noticias","tag-brasil","tag-diario","tag-noticia","tag-noticias"],"_links":{"self":[{"href":"https:\/\/tvbrazilusa.com\/pt\/wp-json\/wp\/v2\/posts\/77922","targetHints":{"allow":["GET"]}}],"collection":[{"href":"https:\/\/tvbrazilusa.com\/pt\/wp-json\/wp\/v2\/posts"}],"about":[{"href":"https:\/\/tvbrazilusa.com\/pt\/wp-json\/wp\/v2\/types\/post"}],"author":[{"embeddable":true,"href":"https:\/\/tvbrazilusa.com\/pt\/wp-json\/wp\/v2\/users\/1"}],"replies":[{"embeddable":true,"href":"https:\/\/tvbrazilusa.com\/pt\/wp-json\/wp\/v2\/comments?post=77922"}],"version-history":[{"count":1,"href":"https:\/\/tvbrazilusa.com\/pt\/wp-json\/wp\/v2\/posts\/77922\/revisions"}],"predecessor-version":[{"id":77924,"href":"https:\/\/tvbrazilusa.com\/pt\/wp-json\/wp\/v2\/posts\/77922\/revisions\/77924"}],"wp:featuredmedia":[{"embeddable":true,"href":"https:\/\/tvbrazilusa.com\/pt\/wp-json\/wp\/v2\/media\/77923"}],"wp:attachment":[{"href":"https:\/\/tvbrazilusa.com\/pt\/wp-json\/wp\/v2\/media?parent=77922"}],"wp:term":[{"taxonomy":"category","embeddable":true,"href":"https:\/\/tvbrazilusa.com\/pt\/wp-json\/wp\/v2\/categories?post=77922"},{"taxonomy":"post_tag","embeddable":true,"href":"https:\/\/tvbrazilusa.com\/pt\/wp-json\/wp\/v2\/tags?post=77922"}],"curies":[{"name":"wp","href":"https:\/\/api.w.org\/{rel}","templated":true}]}}