{"id":77931,"date":"2024-12-17T17:43:33","date_gmt":"2024-12-17T17:43:33","guid":{"rendered":"https:\/\/tvbrazilusa.com\/2024\/12\/17\/diga-nos-como-voce-avaliaria-o-mbta\/"},"modified":"2024-12-17T17:47:47","modified_gmt":"2024-12-17T17:47:47","slug":"diga-nos-como-voce-avaliaria-o-mbta","status":"publish","type":"post","link":"https:\/\/tvbrazilusa.com\/pt\/2024\/12\/17\/diga-nos-como-voce-avaliaria-o-mbta\/","title":{"rendered":"Diga-nos: como voc\u00ea avaliaria o MBTA?"},"content":{"rendered":"<p> <script async src=\"https:\/\/pagead2.googlesyndication.com\/pagead\/js\/adsbygoogle.js?client=ca-pub-8864793242727901\"\r\n     crossorigin=\"anonymous\"><\/script><br \/>\n<\/p>\n<div id=\"\">\n<header class=\"m-article-header m-article-header--standard\">\n\t\t\t\t\t\t\t\t\t\t\t\t<span id=\"article-header-primary-term\"><br \/>\n\t\t\t\t\t\t\t\t<a class=\"a-term a-term--primary\" href=\"https:\/\/www.boston.com\/tag\/tell-us\/\"><\/p>\n<p>\t\t\t\t\t\t\t\tConte-nos\t\t\t\t\t\t\t\t<\/a><br \/>\n\t\t\t\t\t\t\t<\/span><\/p>\n<h2 class=\"m-article-header__sub-headline\">Na sexta-feira, a MBTA estar\u00e1 livre de zonas lentas pela primeira vez em mais de duas d\u00e9cadas. Como voc\u00ea avaliaria a ag\u00eancia de transporte p\u00fablico?<\/h2>\n<figure class=\"a-photo m-article-header__photo\"><figcaption class=\"a-photo__caption\">\n<p>\tAo contr\u00e1rio da maioria das autoridades municipais e estaduais, Phil Eng, gerente geral da MBTA, usa o T para se locomover.<em> (Lane Turner\/equipe da Globe)<\/em>\t<\/figcaption><\/figure>\n<div class=\"m-article-header__meta\">\n<div class=\"m-article-header__byline\">\n<p class=\"m-article-header__author\">\n<p>\t\t\t\t\t\t\t\tPor <a class=\"a-link a-link--inline\" href=\"https:\/\/www.boston.com\/author\/annie-jonas\/\">Ana Jonas<\/a>\t\t\t\t\t\t\t<\/p>\n<p>\t\t\t\t\t\t\t\t\t\t\t\t\t\t\t<time class=\"m-article-header__date\"><\/p>\n<p>\t\t\t\t\t\t\t\t\t17 de dezembro de 2024 | 12h43\t\t\t\t\t\t\t\t<\/time><\/p>\n<p><span>1 minuto para ler<\/span><\/p>\n<\/p><\/div>\n<\/p><\/div>\n<\/header>\n<p>O aparentemente imposs\u00edvel se tornar\u00e1 poss\u00edvel esta semana, \u00e0 medida que o <a href=\"https:\/\/www.boston.com\/tag\/mbta\/\">MBTA<\/a>As restri\u00e7\u00f5es de velocidade da empresa chegar\u00e3o ao fim pela primeira vez em mais de duas d\u00e9cadas, de acordo com o gerente geral Phil Eng.<\/p>\n<div class=\"m-block t-amp__list-container m-article-list-container m-article-list-container--frame-border a-border-frame  a-list-header__headline--red m-article-list--alternative--default  m-article-list--floated\">\n<ul class=\"t-amp__list a-list--no-style m-article-list m-article-list--recirculation m-article-list--has-images\">\n<li class=\"m-article-list__item m-article-list__item--featured\">\n\t\t\t<a class=\"m-article-list__link-wrapper\" href=\"https:\/\/www.boston.com\/news\/transportation\/2024\/12\/16\/complete-slow-zone-elimination-is-just-days-away-says-eng\/?p1=article_recirc_inline_feature\" data-p1=\"article_recirc_inline_feature\"><br \/>\n\t\t\t\t<img fetchpriority=\"high\" decoding=\"async\" width=\"768\" height=\"432\" src=\"https:\/\/bdc2020.o0bc.com\/wp-content\/uploads\/2024\/11\/R4BUTK7B3LZNR4JIXPXK5JXUQQ-6744b3c45f4c0-768x432.jpg\" class=\"t-amp__list-image m-article-list__image m-article-list__image--full wp-post-image\" alt=\"\" aria-hidden=\"true\" srcset=\"https:\/\/bdc2020.o0bc.com\/wp-content\/uploads\/2024\/11\/R4BUTK7B3LZNR4JIXPXK5JXUQQ-6744b3c45f4c0-768x432.jpg?width=200 200w, https:\/\/bdc2020.o0bc.com\/wp-content\/uploads\/2024\/11\/R4BUTK7B3LZNR4JIXPXK5JXUQQ-6744b3c45f4c0-768x432.jpg?width=300 300w, https:\/\/bdc2020.o0bc.com\/wp-content\/uploads\/2024\/11\/R4BUTK7B3LZNR4JIXPXK5JXUQQ-6744b3c45f4c0-768x432.jpg?width=400 400w, https:\/\/bdc2020.o0bc.com\/wp-content\/uploads\/2024\/11\/R4BUTK7B3LZNR4JIXPXK5JXUQQ-6744b3c45f4c0-768x432.jpg?width=500 500w, https:\/\/bdc2020.o0bc.com\/wp-content\/uploads\/2024\/11\/R4BUTK7B3LZNR4JIXPXK5JXUQQ-6744b3c45f4c0-768x432.jpg?width=600 600w, https:\/\/bdc2020.o0bc.com\/wp-content\/uploads\/2024\/11\/R4BUTK7B3LZNR4JIXPXK5JXUQQ-6744b3c45f4c0-768x432.jpg?width=700 700w, https:\/\/bdc2020.o0bc.com\/wp-content\/uploads\/2024\/11\/R4BUTK7B3LZNR4JIXPXK5JXUQQ-6744b3c45f4c0-768x432.jpg?width=800 800w, https:\/\/bdc2020.o0bc.com\/wp-content\/uploads\/2024\/11\/R4BUTK7B3LZNR4JIXPXK5JXUQQ-6744b3c45f4c0-768x432.jpg?width=900 900w\" sizes=\"(max-width: 768px) 100vw, 768px\"\/>\t\t\t\t\t<\/p>\n<p><h4 class=\"m-article-list__headline t-amp__list-headline\">\n\t\t\t\t\t\t\t<span class=\"m-article-list__link a-link a-link--inline a-link--text-link a-link--text-link-dark\"><\/p>\n<p>\t\t\t\t\t\t\tA elimina\u00e7\u00e3o completa da zona lenta est\u00e1 a poucos dias de dist\u00e2ncia para o MBTA, diz Eng.\t\t\t\t\t\t\t<\/span><br \/>\n\t\t\t\t\t\t<\/h4>\n<\/p>\n<p>\t\t\t\t<\/a>\n\t\t\t<\/li>\n<li class=\"m-article-list__item\">\n\t\t\t\t\t<a class=\"m-article-list__link-wrapper\" href=\"https:\/\/www.boston.com\/news\/transportation\/2024\/12\/04\/mbta-major-bus-route-changes\/?p1=article_recirc_inline_feed\" data-p1=\"article_recirc_inline_feed\"><\/p>\n<p><h4 class=\"m-article-list__headline\">\n\t\t\t\t\t\t\t\t\t<span class=\"m-article-list__link a-link a-link--inline a-link--text-link a-link--text-link-dark\"><\/p>\n<p>\t\t\t\t\t\t\t\t\tA MBTA est\u00e1 implementando &#8216;grandes&#8217; mudan\u00e7as nas rotas de \u00f4nibus. Aqui est\u00e1 o que voc\u00ea deve saber.\t\t\t\t\t\t\t\t\t<\/span><br \/>\n\t\t\t\t\t\t\t\t<\/h4>\n<\/p>\n<p>\t\t\t\t\t\t<\/a>\n\t\t\t\t\t<\/li>\n<\/ul>\n<\/div>\n<p>\u201cEstamos trabalhando nas \u00faltimas restri\u00e7\u00f5es da Linha Verde\u201d, disse ele no WCVB&#8217;s <a href=\"https:\/\/www.wcvb.com\/article\/mbta-phil-eng-slow-zones-speed-restrictions-otr\/63185913\">\u201cNo registro\u201d<\/a> Domingo. \u201cO sistema estar\u00e1 livre de restri\u00e7\u00f5es pela primeira vez em mais de 22 anos \u2013 isso \u00e9 desde o in\u00edcio dos nossos registros.\u201d<\/p>\n<p>As \u00faltimas zonas lentas ser\u00e3o <a href=\"https:\/\/www.boston.com\/news\/transportation\/2024\/12\/02\/green-line-mbta-closures-december\/\">levantada na Linha Verde na sexta-feira<\/a> ap\u00f3s uma suspens\u00e3o de servi\u00e7o de duas semanas. Eng prometeu no ano passado eliminar as quase 200 zonas lentas do metr\u00f4 em todo o sistema de tr\u00e2nsito <a href=\"https:\/\/www.boston.com\/news\/transportation\/2024\/11\/20\/mbta-almost-free-of-slow-zones-can-success-last\/\">at\u00e9 o final de 2024<\/a>. <\/p>\n<p>O objetivo fazia parte de seu ambicioso Programa de Melhoria de Vias para atualizar a infraestrutura antiga do T, reparando e substituindo quil\u00f4metros de vias e instalando novos sistemas de sinal e energia.<\/p>\n<p>E o plano tem sido uma hist\u00f3ria de sucesso, apesar das cr\u00edticas e de alguns contratempos importantes \u2013 faltando ainda uma semana e meia para o prazo final do ano. <\/p>\n<p>Foi um ano e tanto para Eng e para a MBTA, para dizer n\u00e3o t\u00e3o levianamente. <\/p>\n<p>De <a href=\"https:\/\/www.boston.com\/news\/local-news\/2023\/12\/08\/mbta-worker-safety-incidents-reported-near-miss-third-rail\/\">incidentes de seguran\u00e7a quase acidentais<\/a> e <a href=\"https:\/\/www.boston.com\/news\/local-news\/2023\/04\/20\/feds-demand-worker-safety-changes-mbta-close-calls\/\">press\u00e3o dos federais<\/a>para <a href=\"https:\/\/www.boston.com\/news\/local-news\/2024\/03\/10\/mbta-investigating-green-line-train-derailed\/\">descarrilamentos de trem<\/a>interrup\u00e7\u00f5es de servi\u00e7o e esta\u00e7\u00f5es (<a href=\"https:\/\/www.boston.com\/community\/readers-say\/mbta-stations-where-infrastructure-is-crumbling\/\">literalmente<\/a>) desmoronando, houve muitos desafios que Eng. e pilotos enfrentaram desde que ele assumiu seu cargo em abril de 2023.<\/p>\n<p>Mas apesar de tudo, Boston.com <a href=\"https:\/\/www.boston.com\/community\/readers-say\/this-is-the-grade-readers-gave-phillip-engs-first-year-at-the-mbta\/\">os leitores deram a Eng um \u201cA\u201d em seu primeiro ano<\/a> com a MBTA quando perguntamos em abril.<\/p>\n<p>\u201cEle herdou uma bagun\u00e7a incontrol\u00e1vel\u201d, disse o leitor Chris, do bairro de Winter Hill, em Somerville. \u201cNo geral, o cara fez o trabalho de um empres\u00e1rio e tem meu voto para &#8216;Pessoa do Ano&#8217; local em 2024.\u201d<\/p>\n<h2 class=\"wp-block-heading\" id=\"h-as-the-year-and-slow-zones-come-to-a-close-we-want-to-know-how-would-you-grade-the-mbta\"><strong>\u00c0 medida que o ano e as zonas lentas chegam ao fim, queremos saber: Como voc\u00ea avaliaria o MBTA?<\/strong><\/h2>\n<p>Conte-nos preenchendo o formul\u00e1rio ou enviando um e-mail para <a href=\"http:\/\/www.boston.com\/cdn-cgi\/l\/email-protection#beddd1d3d3cbd0d7cac7fedcd1cdcad1d090ddd1d381cdcbdcd4dbddca83f6d1c99b8c8ec9d1cbd2da9b8c8ec7d1cb9b8c8ed9ccdfdadb9b8c8ecad6db9b8c8ef3fceaff81\"><span class=\"__cf_email__\" data-cfemail=\"24474b4949514a4d505d64464b57504b4a0a474b49\">[email\u00a0protected]<\/span><\/a>e sua resposta poder\u00e1 aparecer em um artigo futuro do Boston.com.<\/p>\n<div class=\"gf_browser_gecko gform_wrapper m-gforms-poll-block gravity-theme gpoll_enabled_wrapper gpoll_show_results_link_wrapper gpoll_wrapper\" data-overline=\"Readers weigh in\" data-overline-confirmation=\"Poll results\" id=\"gform_wrapper m-gforms-poll-block_4336\">\n<p><h2 class=\"gform_title\">Como voc\u00ea avaliaria o MBTA?<\/h2>\n<p>                            <span class=\"gform_description\"\/>\n                        <\/p>\n<\/p><\/div>\n<div class=\"o-author-single has-avatar\">\n<header class=\"m-author-card\">\n<div class=\"a-image a-image--square m-author-card__image\">\n\t\t<img decoding=\"async\" class=\"\" src=\"https:\/\/www.boston.com\/wp-content\/uploads\/2024\/10\/cropped-IMG_2875-671fb6f808237-671fb70325313.jpg\" alt=\"Imagem do perfil de Annie Jonas\"\/>\t<\/div>\n<\/header>\n<section class=\"author-info\">\n<div class=\"m-author__section\">\n<p>Annie Jonas \u00e9 redatora comunit\u00e1ria do Boston.com. Anteriormente, ela foi editora local na Patch e freelancer no Financial Times.<\/p>\n<\/div>\n<\/section>\n<\/div>\n<div class=\"m-block m-generic-cta\t m-generic-cta--post-content\t m-generic-cta--dark\t m-generic-cta--homepage\t m-generic-cta--email-signup\t\t m-generic-cta-block-style--default \tt-amp__generic-cta\"><\/p>\n<div class=\"m-generic-cta__wrap\">\n<div class=\"m-generic-cta__content\">\n<h3 class=\"m-generic-cta__title\">Boston.com hoje<\/h3>\n<p class=\"m-generic-cta__subtitle\">Inscreva-se para receber as \u00faltimas manchetes em sua caixa de entrada todas as manh\u00e3s.<\/p>\n<\/p><\/div>\n<\/p><\/div>\n<\/div><\/div>\n<p><script>\n\t\tvar consent=\"grant\";\n\t\t\/* The above code is parsing the JSON data from the local storage and storing it in a variable. *\/\n\t\t\t\t\tconst onetrustStorageConsent = JSON.parse(localStorage.getItem( 'consent_one_trust_bdc' ) );\n\t\t\tif ( ( onetrustStorageConsent !== null ) ) {\n\t\t\t\t\/* Checking to see if the user has consented to the use of cookies.\n\t\t\t\t* If they have not, it is deleting the cookie.\n\t\t\t\t* This will comment for now, until further notice.\n\t\t\t\t*\/\n\t\t\t\t\/\/if ( onetrustStorageConsent.C0002 === false ) {\n\t\t\t\t\/\/\tdocument.cookie=\"_fbp=;expires=Thu, 01 Jan 2010 00:00:00 UTC; path=\/; domain=.boston.com\";\n\t\t\t\t\/\/}\n\t\t\t\t\/* Checking if the user has given consent for the cookie C0002.\n\t\t\t\t* If the user has given consent, the variable consent will be set to 'grant'.\n\t\t\t\t* If the user has not given consent,the variable consent will be set to 'revoke'.\n\t\t\t\t* Documentation https:\/\/developers.facebook.com\/docs\/meta-pixel\/implementation\/gdpr\n\t\t\t\t*\/\n\t\t\t\tif ( onetrustStorageConsent.C0002 !== true ) {\n\t\t\t\t\tconsent=\"revoke\";\n\t\t\t\t}\n\t\t\t}\n\t\t\t\t!function(f,b,e,v,n,t,s)\n\t\t{if(f.fbq)return;n=f.fbq=function(){n.callMethod?\n\t\tn.callMethod.apply(n,arguments):n.queue.push(arguments)};\n\t\tif(!f._fbq)f._fbq=n;n.push=n;n.loaded=!0;n.version='2.0';\n\t\tn.queue=[];t=b.createElement(e);t.async=!0;\n\t\tt.src=v;s=b.getElementsByTagName(e)[0];\n\t\ts.parentNode.insertBefore(t,s)}(window, document,'script',\n\t\t'https:\/\/connect.facebook.net\/en_US\/fbevents.js');\n\t\tfbq('consent', consent);\n\t\tfbq('init', '989222871864976');\n\t\tfbq('track', 'PageView');\n\t<\/script><script type=\"module\">\n\t\tvar consent=\"grant\";\n\t\t\/* The above code is parsing the JSON data from the local storage and storing it in a variable. *\/\n\t\t\tconst onetrustStorageConsent = JSON.parse(localStorage.getItem( 'consent_one_trust_bdc' ) );\n\t\t\t\/* Checking to see if the user has consented to the use of cookies.\n\t\t\t* If they have not, it is deleting the cookie.\n\t\t\t* This will comment for now, until further notice.\n\t\t\t*\/\n\t\t\t\/\/if ( onetrustStorageConsent.C0002 === false ) {\n\t\t\t\/\/\tdocument.cookie=\"_fbp=;expires=Thu, 01 Jan 2010 00:00:00 UTC; path=\/; domain=.boston.com\";\n\t\t\t\/\/}\n\t\t\t\/* Checking if the user has given consent for the cookie C0002.\n\t\t\t* If the user has given consent, the variable consent will be set to 'grant'.\n\t\t\t* If the user has not given consent,the variable consent will be set to 'revoke'.\n\t\t\t* Documentation https:\/\/developers.facebook.com\/docs\/meta-pixel\/implementation\/gdpr\n\t\t\t*\/\n\t\t\tif ( ( onetrustStorageConsent !== null ) && (onetrustStorageConsent.C0002 !== true ) ) {\n\t\t\t\tconsent=\"revoke\";\n\t\t\t}\n\t\t\t\t!function(f,b,e,v,n,t,s){if(f.fbq)return;n=f.fbq=function()\n\t\t{n.callMethod? n.callMethod.apply(n,arguments):n.queue.push(arguments)}\n\t\t;if(!f._fbq)f._fbq=n;\n\t\tn.push=n;n.loaded=!0;n.version='2.0';n.queue=[];t=b.createElement(e);t.async=!0;\n\t\tt.src=v;s=b.getElementsByTagName(e)[0];s.parentNode.insertBefore(t,s)}(window,\n\t\tdocument,'script','https:\/\/connect.facebook.net\/en_US\/fbevents.js');\n\t\tfbq('consent', consent);\n\t\tfbq('init', '813236348753005');\n\t\tfbq('track', \"PageView\");\n\t<\/script><br \/>\n<br \/><br \/>\n<br \/><a href=\"https:\/\/www.boston.com\/community\/tell-us\/2024\/12\/17\/tell-us-how-would-you-grade-the-mbta\/\">Source link <\/a><\/p>","protected":false},"excerpt":{"rendered":"<p>Conte-nos Na sexta-feira, a MBTA estar\u00e1 livre de zonas lentas pela primeira vez em mais de duas d\u00e9cadas. Como voc\u00ea avaliaria a ag\u00eancia de transporte p\u00fablico? Ao contr\u00e1rio da maioria&hellip;<\/p>","protected":false},"author":1,"featured_media":77932,"comment_status":"closed","ping_status":"open","sticky":false,"template":"","format":"standard","meta":{"content-type":"","footnotes":""},"categories":[1],"tags":[],"class_list":["post-77931","post","type-post","status-publish","format-standard","has-post-thumbnail","hentry","category-uncategorized"],"_links":{"self":[{"href":"https:\/\/tvbrazilusa.com\/pt\/wp-json\/wp\/v2\/posts\/77931","targetHints":{"allow":["GET"]}}],"collection":[{"href":"https:\/\/tvbrazilusa.com\/pt\/wp-json\/wp\/v2\/posts"}],"about":[{"href":"https:\/\/tvbrazilusa.com\/pt\/wp-json\/wp\/v2\/types\/post"}],"author":[{"embeddable":true,"href":"https:\/\/tvbrazilusa.com\/pt\/wp-json\/wp\/v2\/users\/1"}],"replies":[{"embeddable":true,"href":"https:\/\/tvbrazilusa.com\/pt\/wp-json\/wp\/v2\/comments?post=77931"}],"version-history":[{"count":1,"href":"https:\/\/tvbrazilusa.com\/pt\/wp-json\/wp\/v2\/posts\/77931\/revisions"}],"predecessor-version":[{"id":77933,"href":"https:\/\/tvbrazilusa.com\/pt\/wp-json\/wp\/v2\/posts\/77931\/revisions\/77933"}],"wp:featuredmedia":[{"embeddable":true,"href":"https:\/\/tvbrazilusa.com\/pt\/wp-json\/wp\/v2\/media\/77932"}],"wp:attachment":[{"href":"https:\/\/tvbrazilusa.com\/pt\/wp-json\/wp\/v2\/media?parent=77931"}],"wp:term":[{"taxonomy":"category","embeddable":true,"href":"https:\/\/tvbrazilusa.com\/pt\/wp-json\/wp\/v2\/categories?post=77931"},{"taxonomy":"post_tag","embeddable":true,"href":"https:\/\/tvbrazilusa.com\/pt\/wp-json\/wp\/v2\/tags?post=77931"}],"curies":[{"name":"wp","href":"https:\/\/api.w.org\/{rel}","templated":true}]}}