{"id":77946,"date":"2024-12-17T18:08:39","date_gmt":"2024-12-17T18:08:39","guid":{"rendered":"https:\/\/tvbrazilusa.com\/2024\/12\/17\/apos-41-anos-caverna-do-dragao-ganha-episodio-final-assista\/"},"modified":"2024-12-17T18:08:42","modified_gmt":"2024-12-17T18:08:42","slug":"apos-41-anos-caverna-do-dragao-ganha-episodio-final-assista","status":"publish","type":"post","link":"https:\/\/tvbrazilusa.com\/pt\/2024\/12\/17\/apos-41-anos-caverna-do-dragao-ganha-episodio-final-assista\/","title":{"rendered":"Ap\u00f3s 41 anos, &#8216;Caverna do Drag\u00e3o&#8217; ganha epis\u00f3dio final; ASSISTA"},"content":{"rendered":"<p> <script async src=\"https:\/\/pagead2.googlesyndication.com\/pagead\/js\/adsbygoogle.js?client=ca-pub-8864793242727901\"\r\n     crossorigin=\"anonymous\"><\/script><br \/>\n<\/p>\n<div id=\"taboola-read-more\" style=\"display:block; width:100%\">\n<p>Enfim, a anima\u00e7\u00e3o Caverna do Drag\u00e3o encontrou o seu final. O desenho, criado em 1983 nos Estados Unidos, se tornou famoso por jamais exibir o seu \u00faltimo cap\u00edtulo. A obra, baseada no universo do jogo de RPG Dungeons &#038; Dragons, se tornou um sucesso no Brasil durante a d\u00e9cada de 1980, mas foi cancelada antes que o seu \u00faltimo epis\u00f3dio fosse produzido.\n<\/p>\n<p>Com isso, os f\u00e3s da saga tiveram de esperar 41 anos para que o desfecho das aventuras de Hank, Eric e companhia fossem revelados. Na tarde desta sexta-feira, 13, a conclus\u00e3o da hist\u00f3ria finalmente chegou. A Hasbro, em parceria com a Ogilvy Brasil e os est\u00fadios brasileiros Nonsense Creations e Os Bonequinhos, produziu o epis\u00f3dio final da anima\u00e7\u00e3o. Assista no topo da p\u00e1gina.<\/p>\n<p>Ao longo de tr\u00eas temporadas, o desenho acompanhou um grupo de adolescentes transportados para um reino medieval fant\u00e1stico. A anima\u00e7\u00e3o segue os desafios dos jovens para descobrir o que os levou at\u00e9 o novo mundo e o que deve ser feito para que eles possam retornar em seguran\u00e7a para casa.\n<\/p>\n<p>Intitulada O Epis\u00f3dio Perdido, a produ\u00e7\u00e3o nacional foi encabe\u00e7ada por Alexandre Ottoni e Deive Pazos \u2014 os fundadores do site Jovem Nerd. O cap\u00edtulo, que tem quase 15 minutos de dura\u00e7\u00e3o, foi roteirizado por Pazos e pelo escritor Fabio Yabu. Segundo os roteiristas, a narrativa foi inspirado nas in\u00fameras teorias criadas pelos f\u00e3s da obra ao longo das \u00faltimas quatro d\u00e9cadas.\n<\/p>\n<p>O desenho tamb\u00e9m conta com o retorno de todos os dubladores brasileiros originais da obra \u2014 Ricardo Schnetzer como Hank, Marlene Costa como Sheila, Mario Jorge como Eric, M\u00f4nica Rossi como Diana, Nizo Netto como Presto, Pedro Alc\u00e2ntara como Bobby, Glauco Marques como Vingador, Walter Cruz como Mestre dos Magos e Guilherme Briggs como Muk e Uni.\n<\/p>\n<p>A anima\u00e7\u00e3o, feita em stop motion, foi encenada com a linha de bonecos lan\u00e7ada pela Hasbro em 2022. \u00c0 \u00e9poca, a empresa de brinquedos reviveu a marca para promover o lan\u00e7amento do filme Dungeons &#038; Dragons: Honra Entre Rebeldes.\n<\/p>\n<p>ASSISTA:\n<\/p>\n<p>Fonte: Reda\u00e7\u00e3o Terra              <\/p>\n<\/div>\n<p><br \/>\n<br \/><a href=\"https:\/\/diariodobrasilnoticias.com.br\/noticia\/apos-41-anos-caverna-do-dragao-ganha-episodio-final-assista-676192c2cb2d0\">Source link <\/a><\/p>","protected":false},"excerpt":{"rendered":"<p>Enfim, a anima\u00e7\u00e3o Caverna do Drag\u00e3o encontrou o seu final. O desenho, criado em 1983 nos Estados Unidos, se tornou famoso por jamais exibir o seu \u00faltimo cap\u00edtulo. A obra,&hellip;<\/p>","protected":false},"author":1,"featured_media":77947,"comment_status":"closed","ping_status":"open","sticky":false,"template":"","format":"standard","meta":{"content-type":"","footnotes":""},"categories":[16],"tags":[123,2448,5313,1267],"class_list":["post-77946","post","type-post","status-publish","format-standard","has-post-thumbnail","hentry","category-noticias","tag-brasil","tag-diario","tag-noticia","tag-noticias"],"_links":{"self":[{"href":"https:\/\/tvbrazilusa.com\/pt\/wp-json\/wp\/v2\/posts\/77946","targetHints":{"allow":["GET"]}}],"collection":[{"href":"https:\/\/tvbrazilusa.com\/pt\/wp-json\/wp\/v2\/posts"}],"about":[{"href":"https:\/\/tvbrazilusa.com\/pt\/wp-json\/wp\/v2\/types\/post"}],"author":[{"embeddable":true,"href":"https:\/\/tvbrazilusa.com\/pt\/wp-json\/wp\/v2\/users\/1"}],"replies":[{"embeddable":true,"href":"https:\/\/tvbrazilusa.com\/pt\/wp-json\/wp\/v2\/comments?post=77946"}],"version-history":[{"count":1,"href":"https:\/\/tvbrazilusa.com\/pt\/wp-json\/wp\/v2\/posts\/77946\/revisions"}],"predecessor-version":[{"id":77948,"href":"https:\/\/tvbrazilusa.com\/pt\/wp-json\/wp\/v2\/posts\/77946\/revisions\/77948"}],"wp:featuredmedia":[{"embeddable":true,"href":"https:\/\/tvbrazilusa.com\/pt\/wp-json\/wp\/v2\/media\/77947"}],"wp:attachment":[{"href":"https:\/\/tvbrazilusa.com\/pt\/wp-json\/wp\/v2\/media?parent=77946"}],"wp:term":[{"taxonomy":"category","embeddable":true,"href":"https:\/\/tvbrazilusa.com\/pt\/wp-json\/wp\/v2\/categories?post=77946"},{"taxonomy":"post_tag","embeddable":true,"href":"https:\/\/tvbrazilusa.com\/pt\/wp-json\/wp\/v2\/tags?post=77946"}],"curies":[{"name":"wp","href":"https:\/\/api.w.org\/{rel}","templated":true}]}}