{"id":77988,"date":"2024-12-17T19:01:51","date_gmt":"2024-12-17T19:01:51","guid":{"rendered":"https:\/\/tvbrazilusa.com\/2024\/12\/17\/apos-atingir-r-620-bc-realiza-segundo-leilao-no-dia-e-dolar-recua\/"},"modified":"2024-12-17T19:01:54","modified_gmt":"2024-12-17T19:01:54","slug":"apos-atingir-r-620-bc-realiza-segundo-leilao-no-dia-e-dolar-recua","status":"publish","type":"post","link":"https:\/\/tvbrazilusa.com\/pt\/2024\/12\/17\/apos-atingir-r-620-bc-realiza-segundo-leilao-no-dia-e-dolar-recua\/","title":{"rendered":"Ap\u00f3s atingir R$ 6,20, BC realiza segundo leil\u00e3o no dia e d\u00f3lar recua"},"content":{"rendered":"<p> <script async src=\"https:\/\/pagead2.googlesyndication.com\/pagead\/js\/adsbygoogle.js?client=ca-pub-8864793242727901\"\r\n     crossorigin=\"anonymous\"><\/script><br \/>\n<\/p>\n<div id=\"taboola-read-more\" style=\"display:block; width:100%\">\n<p>O d\u00f3lar bateu o patamar hist\u00f3rico de R$ 6,20 no in\u00edcio da tarde desta ter\u00e7a-feira (17) conforme cresce a desconfian\u00e7a com a pol\u00edtica fiscal do governo Lula. Para conter a escalada da moeda, o Banco Central realizou, pela 4\u00aa sess\u00e3o consecutiva, leil\u00f5es de d\u00f3lares.\n<\/p>\n<p>\u00c1s 12h48, o d\u00f3lar \u00e0 vista subia 0,36%, a R$ 6,1714 na venda. No mesmo hor\u00e1rio, o Ibovespa, refer\u00eancia do mercado acion\u00e1rio brasileiro, avan\u00e7ava 0,41%, a 124.086,33 mil pontos.<\/p>\n<p>Com a alta da moeda, a autarquia fez uma segunda interven\u00e7\u00e3o na sess\u00e3o e vendeu um total de US$ 2,015 bilh\u00f5es. Mais cedo, a autarquia vendeu US$ 1,272 bilh\u00e3o \u00e0 vista.\n<\/p>\n<p>Pela manh\u00e3, o Comit\u00ea de Pol\u00edtica Monet\u00e1ria (Copom) divulgou ata de sua \u00faltima reuni\u00e3o em que indica a deteriora\u00e7\u00e3o das expectativas de infla\u00e7\u00e3o e o aumento da atividade econ\u00f4mica, mesmo em um cen\u00e1rio de pol\u00edtica monet\u00e1ria contracionista.\n<\/p>\n<p>Na segunda-feira (16), o d\u00f3lar encerrou a sess\u00e3o em alta e voltou a renovar a m\u00e1xima hist\u00f3rica, mesmo ap\u00f3s o Banco Central (BC) vender US$ 1,6 bilh\u00e3o em leil\u00e3o realizado pela manh\u00e3.\n<\/p>\n<p>Na manh\u00e3 desta ter\u00e7a, o Copom divulgou a ata da \u00faltima reuni\u00e3o e informou que a alta do d\u00f3lar e a percep\u00e7\u00e3o dos agentes sobre o pacote fiscal influenciaram a alta da taxa b\u00e1sica de juros em 1 ponto percentual.\n<\/p>\n<p>\u201cA percep\u00e7\u00e3o dos agentes econ\u00f4micos sobre o recente an\u00fancio fiscal afetou, de forma relevante, os pre\u00e7os de ativos e as expectativas dos agentes, especialmente o pr\u00eamio de risco, as expectativas de infla\u00e7\u00e3o e a taxa de c\u00e2mbio\u201d, diz a ata.\n<\/p>\n<p>\u201cAcho que ficou clara, mais uma vez, a transmiss\u00e3o de um \u2018recado\u2019 do BC ao governo, dizendo que as pol\u00edticas devem ser previs\u00edveis e antic\u00edclicas, al\u00e9m de uma cr\u00edtica velada a pol\u00edtica de gastos p\u00fablicos\u201d, disse Fernando Bergallo, diretor de opera\u00e7\u00f5es da FB Capital.\n<\/p>\n<p>No cen\u00e1rio externo, os mercados aguardam a decis\u00e3o do Federal Reserve na quarta-feira, em que se espera amplamente uma redu\u00e7\u00e3o de 0,25 ponto percentual na taxa de juros. O foco ser\u00e1 a divulga\u00e7\u00e3o das proje\u00e7\u00f5es das autoridades para os movimentos do pr\u00f3ximo ano.\n<\/p>\n<p>No cen\u00e1rio dom\u00e9stico, investidores acompanham a vota\u00e7\u00e3o da regulamenta\u00e7\u00e3o da reforma tribut\u00e1ria na C\u00e2mara, que est\u00e1 marcada para \u00e0s 14h00.\n<\/p>\n<p>Temor fiscal<br \/>O cen\u00e1rio fiscal era justamente o foco do pessimismo dos investidores nesta sess\u00e3o, com eles temendo a possibilidade de o governo n\u00e3o conseguir a aprova\u00e7\u00e3o de suas medidas de conten\u00e7\u00e3o de gastos at\u00e9 o fim do ano, uma vez que os parlamentares t\u00eam at\u00e9 sexta-feira para vot\u00e1-las devido ao recesso.\n<\/p>\n<p>Entre os principais obst\u00e1culos na tramita\u00e7\u00e3o do pacote fiscal est\u00e3o a aus\u00eancia do presidente Luiz In\u00e1cio Lula da Silva das articula\u00e7\u00f5es, \u00e0 medida que se recupera de uma cirurgia em S\u00e3o Paulo, e a quest\u00e3o do pagamento de emendas parlamentares, com investidores apostando que ambos devem travar as medidas.\n<\/p>\n<p>\u201cAtualmente, o que fortalece tend\u00eancia de valoriza\u00e7\u00e3o da moeda norte-americana frente ao real \u00e9 a grande expectativa do mercado para a vota\u00e7\u00e3o do pacote de corte de gastos\u201d, disse Jo\u00e3o Duarte, s\u00f3cio da One Investimentos.\n<\/p>\n<p><span class=\"tr-strong\">\u201cA agenda da semana ser\u00e1 apertada devido ao recesso parlamentar\u2026 Apesar do compromisso firmado pelo presidente do Senado, Rodrigo Pacheco, n\u00e3o temos garantias da concretiza\u00e7\u00e3o da vota\u00e7\u00e3o\u201d, completou.<\/span>\n<\/p>\n<p><em>*com informa\u00e7\u00f5es da Reuters.<\/em><\/p>\n<p><em>Fonte: CNN Brasil<\/em>              <\/p>\n<\/div>\n<p><br \/>\n<br \/><a href=\"https:\/\/diariodobrasilnoticias.com.br\/noticia\/apos-atingir-r-6-20-bc-realiza-segundo-leilao-no-dia-e-dolar-recua-6761a3b35d1f2\">Source link <\/a><\/p>","protected":false},"excerpt":{"rendered":"<p>O d\u00f3lar bateu o patamar hist\u00f3rico de R$ 6,20 no in\u00edcio da tarde desta ter\u00e7a-feira (17) conforme cresce a desconfian\u00e7a com a pol\u00edtica fiscal do governo Lula. Para conter a&hellip;<\/p>","protected":false},"author":1,"featured_media":77989,"comment_status":"closed","ping_status":"open","sticky":false,"template":"","format":"standard","meta":{"content-type":"","footnotes":""},"categories":[16],"tags":[123,2448,5313,1267],"class_list":["post-77988","post","type-post","status-publish","format-standard","has-post-thumbnail","hentry","category-noticias","tag-brasil","tag-diario","tag-noticia","tag-noticias"],"_links":{"self":[{"href":"https:\/\/tvbrazilusa.com\/pt\/wp-json\/wp\/v2\/posts\/77988","targetHints":{"allow":["GET"]}}],"collection":[{"href":"https:\/\/tvbrazilusa.com\/pt\/wp-json\/wp\/v2\/posts"}],"about":[{"href":"https:\/\/tvbrazilusa.com\/pt\/wp-json\/wp\/v2\/types\/post"}],"author":[{"embeddable":true,"href":"https:\/\/tvbrazilusa.com\/pt\/wp-json\/wp\/v2\/users\/1"}],"replies":[{"embeddable":true,"href":"https:\/\/tvbrazilusa.com\/pt\/wp-json\/wp\/v2\/comments?post=77988"}],"version-history":[{"count":1,"href":"https:\/\/tvbrazilusa.com\/pt\/wp-json\/wp\/v2\/posts\/77988\/revisions"}],"predecessor-version":[{"id":77990,"href":"https:\/\/tvbrazilusa.com\/pt\/wp-json\/wp\/v2\/posts\/77988\/revisions\/77990"}],"wp:featuredmedia":[{"embeddable":true,"href":"https:\/\/tvbrazilusa.com\/pt\/wp-json\/wp\/v2\/media\/77989"}],"wp:attachment":[{"href":"https:\/\/tvbrazilusa.com\/pt\/wp-json\/wp\/v2\/media?parent=77988"}],"wp:term":[{"taxonomy":"category","embeddable":true,"href":"https:\/\/tvbrazilusa.com\/pt\/wp-json\/wp\/v2\/categories?post=77988"},{"taxonomy":"post_tag","embeddable":true,"href":"https:\/\/tvbrazilusa.com\/pt\/wp-json\/wp\/v2\/tags?post=77988"}],"curies":[{"name":"wp","href":"https:\/\/api.w.org\/{rel}","templated":true}]}}