{"id":77997,"date":"2024-12-17T19:28:09","date_gmt":"2024-12-17T19:28:09","guid":{"rendered":"https:\/\/tvbrazilusa.com\/2024\/12\/17\/a-secretaria-do-rj-envia-a-moraes-documentos-em-defesa-de-daniel-silveira\/"},"modified":"2024-12-17T19:28:10","modified_gmt":"2024-12-17T19:28:10","slug":"a-secretaria-do-rj-envia-a-moraes-documentos-em-defesa-de-daniel-silveira","status":"publish","type":"post","link":"https:\/\/tvbrazilusa.com\/pt\/2024\/12\/17\/a-secretaria-do-rj-envia-a-moraes-documentos-em-defesa-de-daniel-silveira\/","title":{"rendered":"A Secretaria do RJ envia a Moraes documentos em defesa de Daniel Silveira"},"content":{"rendered":"<p> <script async src=\"https:\/\/pagead2.googlesyndication.com\/pagead\/js\/adsbygoogle.js?client=ca-pub-8864793242727901\"\r\n     crossorigin=\"anonymous\"><\/script><br \/>\n<\/p>\n<div id=\"taboola-read-more\" style=\"display:block; width:100%\">\n<p>Nesta ter\u00e7a-feira, 17, a Secretaria de Estado de Administra\u00e7\u00e3o Penitenci\u00e1ria do Rio de Janeiro (Seap-RJ) enviou ao ministro Alexandre de Moraes, do Supremo Tribunal Federal (STF), documentos em favor de Daniel Silveira.\n<\/p>\n<p>Conforme a Declara\u00e7\u00e3o de Boa Conduta e a Ficha de Transcri\u00e7\u00e3o Disciplinar de Silveira, o ex-deputado tem comportamento descrito como \u201cexcelente\u201d. Os pap\u00e9is foram obtidos em virtude dos esfor\u00e7os do advogado Paulo Faria, que cuida do caso de Silveira.<\/p>\n<p>Os relat\u00f3rios podem ajudar o ex-deputado a conseguir a liberdade condicional que tem pleiteado h\u00e1 meses. Atualmente, Silveira se encontra em uma col\u00f4nia agr\u00edcola em Mag\u00e9 (RJ).\n<\/p>\n<p>\u201cSilveira tem senso de responsabilidade e autodisciplina, junto ao corpo de servidores e coletivo carcer\u00e1rio desta unidade prisional, colaborando nos trabalhados realizados, cooperando para o bem-estar de todos, demonstrando obedi\u00eancia, zelo e desempenhado com qualidade tarefas a ele confiadas\u201d, informou o diretor da col\u00f4nia, Andr\u00e9 Pinto.\n<\/p>\n<p><strong>Moraes homologa dias de remi\u00e7\u00e3o de pena de Daniel Silveira<\/strong>\n<\/p>\n<p>A coluna revelou ontem que Moraes homologou dias para a remi\u00e7\u00e3o da pena de Silveira.\n<\/p>\n<p>Os advogados querem que o ex-deputado cumpra o restante da pena de oito anos e nove meses na casa onde morava, em Petr\u00f3polis, na regi\u00e3o serrana do RJ.\n<\/p>\n<p>Moraes considerou os seguintes elementos na decis\u00e3o publicada nesta segunda-feira, 16:\n<\/p>\n<p>Homologo, para fins de remi\u00e7\u00e3o, a carga hor\u00e1ria de estudos, de trabalho e de leitura apresentada pelo sentenciado, em um total de 98 dias, que dever\u00e3o ser remidos de sua pena;<br \/>Determino a expedi\u00e7\u00e3o de nova certid\u00e3o de pena a cumprir, observada a remi\u00e7\u00e3o ora homologada, com atualiza\u00e7\u00e3o dos c\u00e1lculos e ci\u00eancia ao sentenciado;<br \/>Determino ainda que se oficie a Seap para apresentar informa\u00e7\u00f5es atualizadas sobre a conduta carcer\u00e1ria.\n<\/p>\n<p>Fonte: Revista Oeste              <\/p>\n<\/div>\n<p><br \/>\n<br \/><a href=\"https:\/\/diariodobrasilnoticias.com.br\/noticia\/a-secretaria-do-rj-envia-a-moraes-documentos-em-defesa-de-daniel-silveira-6761b6bfca6b1\">Source link <\/a><\/p>","protected":false},"excerpt":{"rendered":"<p>Nesta ter\u00e7a-feira, 17, a Secretaria de Estado de Administra\u00e7\u00e3o Penitenci\u00e1ria do Rio de Janeiro (Seap-RJ) enviou ao ministro Alexandre de Moraes, do Supremo Tribunal Federal (STF), documentos em favor de&hellip;<\/p>","protected":false},"author":1,"featured_media":77998,"comment_status":"closed","ping_status":"open","sticky":false,"template":"","format":"standard","meta":{"content-type":"","footnotes":""},"categories":[16],"tags":[123,2448,5313,1267],"class_list":["post-77997","post","type-post","status-publish","format-standard","has-post-thumbnail","hentry","category-noticias","tag-brasil","tag-diario","tag-noticia","tag-noticias"],"_links":{"self":[{"href":"https:\/\/tvbrazilusa.com\/pt\/wp-json\/wp\/v2\/posts\/77997","targetHints":{"allow":["GET"]}}],"collection":[{"href":"https:\/\/tvbrazilusa.com\/pt\/wp-json\/wp\/v2\/posts"}],"about":[{"href":"https:\/\/tvbrazilusa.com\/pt\/wp-json\/wp\/v2\/types\/post"}],"author":[{"embeddable":true,"href":"https:\/\/tvbrazilusa.com\/pt\/wp-json\/wp\/v2\/users\/1"}],"replies":[{"embeddable":true,"href":"https:\/\/tvbrazilusa.com\/pt\/wp-json\/wp\/v2\/comments?post=77997"}],"version-history":[{"count":1,"href":"https:\/\/tvbrazilusa.com\/pt\/wp-json\/wp\/v2\/posts\/77997\/revisions"}],"predecessor-version":[{"id":77999,"href":"https:\/\/tvbrazilusa.com\/pt\/wp-json\/wp\/v2\/posts\/77997\/revisions\/77999"}],"wp:featuredmedia":[{"embeddable":true,"href":"https:\/\/tvbrazilusa.com\/pt\/wp-json\/wp\/v2\/media\/77998"}],"wp:attachment":[{"href":"https:\/\/tvbrazilusa.com\/pt\/wp-json\/wp\/v2\/media?parent=77997"}],"wp:term":[{"taxonomy":"category","embeddable":true,"href":"https:\/\/tvbrazilusa.com\/pt\/wp-json\/wp\/v2\/categories?post=77997"},{"taxonomy":"post_tag","embeddable":true,"href":"https:\/\/tvbrazilusa.com\/pt\/wp-json\/wp\/v2\/tags?post=77997"}],"curies":[{"name":"wp","href":"https:\/\/api.w.org\/{rel}","templated":true}]}}