{"id":78003,"date":"2024-12-17T19:39:57","date_gmt":"2024-12-17T19:39:57","guid":{"rendered":"https:\/\/tvbrazilusa.com\/2024\/12\/17\/correu-haddad-anuncia-ferias-em-meio-a-dolar-recorde-e-desajuste-fiscal\/"},"modified":"2024-12-17T19:39:58","modified_gmt":"2024-12-17T19:39:58","slug":"correu-haddad-anuncia-ferias-em-meio-a-dolar-recorde-e-desajuste-fiscal","status":"publish","type":"post","link":"https:\/\/tvbrazilusa.com\/pt\/2024\/12\/17\/correu-haddad-anuncia-ferias-em-meio-a-dolar-recorde-e-desajuste-fiscal\/","title":{"rendered":"&#8216;CORREU&#8217;: Haddad anuncia f\u00e9rias em meio a d\u00f3lar recorde e desajuste fiscal"},"content":{"rendered":"<p> <script async src=\"https:\/\/pagead2.googlesyndication.com\/pagead\/js\/adsbygoogle.js?client=ca-pub-8864793242727901\"\r\n     crossorigin=\"anonymous\"><\/script><br \/>\n<\/p>\n<div id=\"taboola-read-more\" style=\"display:block; width:100%\">\n<p>O ministro da Fazenda, Fernando Haddad, marcou f\u00e9rias para o in\u00edcio de 2025. Conforme publicado no Di\u00e1rio Oficial da Uni\u00e3o desta ter\u00e7a-feira, 17, ele vai ficar afastado das atividades entre os dias 2 e 21 de janeiro.\n<\/p>\n<p>As f\u00e9rias de Haddad acontecem em um momento conturbado no \u00e2mbito econ\u00f4mico do Brasil.<\/p>\n<p>Na parte fiscal, a C\u00e2mara e o Senado ainda n\u00e3o votaram o t\u00e3o esperado pacote de corte de gastos do governo federal, apresentado no m\u00eas passado, e que pode ficar para o ano que vem. O projeto estima uma economia de R$ 70 bilh\u00f5es em dois anos e tem o objetivo de tentar reequilibrar as contas p\u00fablicas.\n<\/p>\n<p>Al\u00e9m disso, o Congresso Nacional corre contra o tempo para votar antes do recesso o projeto de Lei de Diretrizes Or\u00e7ament\u00e1rias e a proposta de Or\u00e7amento da Uni\u00e3o para 2025.\n<\/p>\n<p>Enquanto Haddad descansa, d\u00f3lar supera os R$ 6<br \/>Enquanto isso, o c\u00e2mbio tamb\u00e9m preocupa: nesta ter\u00e7a-feira, 17, o d\u00f3lar caminha para um novo recorde nominal e atingiu o pico de R$ 6,20 \u00e0s 12h16.\n<\/p>\n<div id=\"hd80s9wa1h892edh8192\" class=\"entry-content break-word select-none\">\n<p>Mas tudo isso parece n\u00e3o ser motivo suficiente para Haddad adiar as f\u00e9rias. Ali\u00e1s, o ministro j\u00e1 se antecipou e programou um segundo per\u00edodo de descanso \u2014 de 11 a 20 de julho. O presidente Luiz In\u00e1cio Lula da Silva (PT) emitiu um despacho com a autoriza\u00e7\u00e3o para as datas.\n<\/p>\n<\/div>\n<footer class=\"border-t-2 border-gray-100 mt-7 pt-8\"\/>\n<footer class=\"border-t-2 border-gray-100 mt-7 pt-8\">Fonte: Revista Oeste<\/footer>\n<\/p><\/div>\n<p><br \/>\n<br \/><a href=\"https:\/\/diariodobrasilnoticias.com.br\/noticia\/-correu-haddad-anuncia-ferias-em-meio-a-dolar-recorde-e-desajuste-fiscal-6761b73adfaa7\">Source link <\/a><\/p>","protected":false},"excerpt":{"rendered":"<p>O ministro da Fazenda, Fernando Haddad, marcou f\u00e9rias para o in\u00edcio de 2025. Conforme publicado no Di\u00e1rio Oficial da Uni\u00e3o desta ter\u00e7a-feira, 17, ele vai ficar afastado das atividades entre&hellip;<\/p>","protected":false},"author":1,"featured_media":78004,"comment_status":"closed","ping_status":"open","sticky":false,"template":"","format":"standard","meta":{"content-type":"","footnotes":""},"categories":[16],"tags":[123,2448,5313,1267],"class_list":["post-78003","post","type-post","status-publish","format-standard","has-post-thumbnail","hentry","category-noticias","tag-brasil","tag-diario","tag-noticia","tag-noticias"],"_links":{"self":[{"href":"https:\/\/tvbrazilusa.com\/pt\/wp-json\/wp\/v2\/posts\/78003","targetHints":{"allow":["GET"]}}],"collection":[{"href":"https:\/\/tvbrazilusa.com\/pt\/wp-json\/wp\/v2\/posts"}],"about":[{"href":"https:\/\/tvbrazilusa.com\/pt\/wp-json\/wp\/v2\/types\/post"}],"author":[{"embeddable":true,"href":"https:\/\/tvbrazilusa.com\/pt\/wp-json\/wp\/v2\/users\/1"}],"replies":[{"embeddable":true,"href":"https:\/\/tvbrazilusa.com\/pt\/wp-json\/wp\/v2\/comments?post=78003"}],"version-history":[{"count":1,"href":"https:\/\/tvbrazilusa.com\/pt\/wp-json\/wp\/v2\/posts\/78003\/revisions"}],"predecessor-version":[{"id":78005,"href":"https:\/\/tvbrazilusa.com\/pt\/wp-json\/wp\/v2\/posts\/78003\/revisions\/78005"}],"wp:featuredmedia":[{"embeddable":true,"href":"https:\/\/tvbrazilusa.com\/pt\/wp-json\/wp\/v2\/media\/78004"}],"wp:attachment":[{"href":"https:\/\/tvbrazilusa.com\/pt\/wp-json\/wp\/v2\/media?parent=78003"}],"wp:term":[{"taxonomy":"category","embeddable":true,"href":"https:\/\/tvbrazilusa.com\/pt\/wp-json\/wp\/v2\/categories?post=78003"},{"taxonomy":"post_tag","embeddable":true,"href":"https:\/\/tvbrazilusa.com\/pt\/wp-json\/wp\/v2\/tags?post=78003"}],"curies":[{"name":"wp","href":"https:\/\/api.w.org\/{rel}","templated":true}]}}