{"id":78015,"date":"2024-12-17T19:54:58","date_gmt":"2024-12-17T19:54:58","guid":{"rendered":"https:\/\/tvbrazilusa.com\/2024\/12\/17\/agora-marinha-exclui-video-sobre-privilegios-apos-reclamacoes-de-lula\/"},"modified":"2024-12-17T19:54:59","modified_gmt":"2024-12-17T19:54:59","slug":"agora-marinha-exclui-video-sobre-privilegios-apos-reclamacoes-de-lula","status":"publish","type":"post","link":"https:\/\/tvbrazilusa.com\/pt\/2024\/12\/17\/agora-marinha-exclui-video-sobre-privilegios-apos-reclamacoes-de-lula\/","title":{"rendered":"AGORA: Marinha exclui v\u00eddeo sobre privil\u00e9gios ap\u00f3s reclama\u00e7\u00f5es de Lula"},"content":{"rendered":"<p> <script async src=\"https:\/\/pagead2.googlesyndication.com\/pagead\/js\/adsbygoogle.js?client=ca-pub-8864793242727901\"\r\n     crossorigin=\"anonymous\"><\/script><br \/>\n<\/p>\n<div id=\"taboola-read-more\" style=\"display:block; width:100%\">\n<p>A Marinha excluiu das redes sociais o v\u00eddeo em homenagem ao Dia do Marinheiro que ironizava uma suposta falta de privil\u00e9gios da carreira militar ap\u00f3s o comandante Marcos Sampaio Olsen ouvir reclama\u00e7\u00f5es do presidente Lula (PT) e do ministro da Defesa, Jos\u00e9 Mucio Monteiro.\n<\/p>\n<p>O almirante Olsen foi chamado a se explicar \u00e0s autoridades ap\u00f3s membros do governo apontarem quebra de acordo do almirante ao expor desaven\u00e7as entre o governo e os militares.<\/p>\n<p>A repercuss\u00e3o negativa gerou cr\u00edticas ao comandante da Marinha no governo e pedidos para que Olsen fosse demitido do cargo. O principal argumento \u00e9 de que o chefe da For\u00e7a Naval teria atuado de forma pol\u00edtica ao fazer cr\u00edticas veladas ao pacote fiscal do ministro Fernando Haddad (Fazenda), que altera a previd\u00eancia dos militares.\n<\/p>\n<p>A reportagem procurou a assessoria da Marinha e o almirante Olsen, mas n\u00e3o teve resposta.\n<\/p>\n<p>O v\u00eddeo divulgado pela Marinha contrastava cenas de marinheiros durante opera\u00e7\u00f5es de salvamento e treinamentos militares com imagens de pessoas em per\u00edodo de lazer aproveitando praias, festas e viagens.\n<\/p>\n<p>A grava\u00e7\u00e3o dizia que os militares na Marinha teriam de se &#8220;acostumar com uma vida de sacrif\u00edcios&#8221;. Ao final, uma marinheira dizia diretamente \u00e0 c\u00e2mera: &#8220;Privil\u00e9gios? Vem pra Marinha&#8221;.\n<\/p>\n<p>A filmagem foi divulgada em 1\u00ba de dezembro, um dia ap\u00f3s os comandantes se encontrarem com o presidente Lula, em almo\u00e7o no Pal\u00e1cio da Alvorada em um s\u00e1bado para exporem suas contrariedades ao pacote fiscal.\n<\/p>\n<p>Ministros ouvidos pela Folha consideraram o v\u00eddeo como inoportuno e motivo de grande constrangimento no governo. Em resposta, segundo relatos, Olsen justificou que precisava mostrar internamente que a Marinha n\u00e3o estava desamparada diante de ofensivas contra benef\u00edcios da carreira.\n<\/p>\n<p>Olsen esteve na segunda-feira (16) na Escola de Guerra Naval, no Rio de Janeiro, para um almo\u00e7o com capit\u00e3es de mar-e-guerra veteranos e almirantes da ativa e da reserva. Participaram cerca de 60 pessoas.\n<\/p>\n<p>O encontro ocorre todo fim do ano, como uma confraterniza\u00e7\u00e3o. \u00c9 uma forma do chefe da For\u00e7a ouvir as demandas de militares aposentados.\n<\/p>\n<p>De acordo com relatos feitos \u00e0 Folha, os principais assuntos da reuni\u00e3o foram a mudan\u00e7a nas aposentadorias e a repercuss\u00e3o negativa do v\u00eddeo no governo.\n<\/p>\n<p>Olsen relatou aos oficiais que ouviu as reclama\u00e7\u00f5es de Lula e precisou ser diplom\u00e1tico para reverter o cen\u00e1rio e conter danos. Ele disse que a For\u00e7a se sentia desamparada com os sucessivos cortes de gastos, reveses em seus projetos estrat\u00e9gicos e, mais recentemente, com as mudan\u00e7as na aposentadoria.\n<\/p>\n<p>Mesmo negando que a carreira tenha privil\u00e9gios, Olsen recebeu pouco mais de R$ 1 milh\u00e3o ao ir para a reserva em 2023.\n<\/p>\n<p>O valor \u00e9 composto por uma verba indenizat\u00f3ria de R$ 394 mil e f\u00e9rias atrasadas no valor de R$ 216 mil, pagas em janeiro do ano passado, al\u00e9m de outros recursos indenizat\u00f3rios de R$ 444,5 mil, recebidos no m\u00eas seguinte. As informa\u00e7\u00f5es s\u00e3o do Portal da Transpar\u00eancia.\n<\/p>\n<p>O montante inclui uma s\u00e9rie de benef\u00edcios acumulados durante a carreira, previstos na legisla\u00e7\u00e3o brasileira, como uma ajuda de custo para a passagem \u00e0 reserva que chega a R$ 300 mil.\n<\/p>\n<p>Os dois principais benef\u00edcios s\u00e3o o pagamento de oito vezes o sal\u00e1rio do militar ao deixar o servi\u00e7o ativo (o sal\u00e1rio bruto de Olsen \u00e9 de quase R$ 38 mil) e o pagamento das licen\u00e7as especiais.\n<\/p>\n<p>Este \u00faltimo benef\u00edcio foi extinto em 2001 pelo ex-presidente Fernando Henrique Cardoso. Ele previa que, a cada dez anos de trabalho, militares teriam 6 meses de folga \u2014caso n\u00e3o fossem tiradas, o benef\u00edcio seria recebido ao final da carreira.\n<\/p>\n<p>Como Olsen foi declarado guarda-marinha em 1982, ele teve direito ao pagamento de duas licen\u00e7as especiais ao se aposentar.\n<\/p>\n<p>A Marinha disse que o pagamento de militares no Pa\u00eds obedece rigorosamente o arcabou\u00e7o legal vigente e suas atualiza\u00e7\u00f5es, a seguir: Medida Provis\u00f3ria n\u00ba 2.215, de 31 de agosto de 2001, o Decreto n\u00ba 4.307, de 18 de julho de 2002 e a Lei n\u00ba 13.954, de 16 dezembro de 2019.\n<\/p>\n<p>Fonte: Folha de S.Paulo              <\/p>\n<\/div>\n<p><br \/>\n<br \/><a href=\"https:\/\/diariodobrasilnoticias.com.br\/noticia\/agora-marinha-exclui-video-sobre-privilegios-apos-reclamacoes-de-lula-6761b96e16661\">Source link <\/a><\/p>","protected":false},"excerpt":{"rendered":"<p>A Marinha excluiu das redes sociais o v\u00eddeo em homenagem ao Dia do Marinheiro que ironizava uma suposta falta de privil\u00e9gios da carreira militar ap\u00f3s o comandante Marcos Sampaio Olsen&hellip;<\/p>","protected":false},"author":1,"featured_media":78016,"comment_status":"closed","ping_status":"open","sticky":false,"template":"","format":"standard","meta":{"content-type":"","footnotes":""},"categories":[16],"tags":[123,2448,5313,1267],"class_list":["post-78015","post","type-post","status-publish","format-standard","has-post-thumbnail","hentry","category-noticias","tag-brasil","tag-diario","tag-noticia","tag-noticias"],"_links":{"self":[{"href":"https:\/\/tvbrazilusa.com\/pt\/wp-json\/wp\/v2\/posts\/78015","targetHints":{"allow":["GET"]}}],"collection":[{"href":"https:\/\/tvbrazilusa.com\/pt\/wp-json\/wp\/v2\/posts"}],"about":[{"href":"https:\/\/tvbrazilusa.com\/pt\/wp-json\/wp\/v2\/types\/post"}],"author":[{"embeddable":true,"href":"https:\/\/tvbrazilusa.com\/pt\/wp-json\/wp\/v2\/users\/1"}],"replies":[{"embeddable":true,"href":"https:\/\/tvbrazilusa.com\/pt\/wp-json\/wp\/v2\/comments?post=78015"}],"version-history":[{"count":1,"href":"https:\/\/tvbrazilusa.com\/pt\/wp-json\/wp\/v2\/posts\/78015\/revisions"}],"predecessor-version":[{"id":78017,"href":"https:\/\/tvbrazilusa.com\/pt\/wp-json\/wp\/v2\/posts\/78015\/revisions\/78017"}],"wp:featuredmedia":[{"embeddable":true,"href":"https:\/\/tvbrazilusa.com\/pt\/wp-json\/wp\/v2\/media\/78016"}],"wp:attachment":[{"href":"https:\/\/tvbrazilusa.com\/pt\/wp-json\/wp\/v2\/media?parent=78015"}],"wp:term":[{"taxonomy":"category","embeddable":true,"href":"https:\/\/tvbrazilusa.com\/pt\/wp-json\/wp\/v2\/categories?post=78015"},{"taxonomy":"post_tag","embeddable":true,"href":"https:\/\/tvbrazilusa.com\/pt\/wp-json\/wp\/v2\/tags?post=78015"}],"curies":[{"name":"wp","href":"https:\/\/api.w.org\/{rel}","templated":true}]}}