{"id":78161,"date":"2024-12-18T00:12:07","date_gmt":"2024-12-18T00:12:07","guid":{"rendered":"https:\/\/tvbrazilusa.com\/2024\/12\/18\/warren-quer-respostas-de-trump-sobre-os-conflitos-de-interesses-e-padroes-eticos-de-musk-como-chefe-do-doge\/"},"modified":"2024-12-18T00:21:20","modified_gmt":"2024-12-18T00:21:20","slug":"warren-quer-respostas-de-trump-sobre-os-conflitos-de-interesses-e-padroes-eticos-de-musk-como-chefe-do-doge","status":"publish","type":"post","link":"https:\/\/tvbrazilusa.com\/pt\/2024\/12\/18\/warren-quer-respostas-de-trump-sobre-os-conflitos-de-interesses-e-padroes-eticos-de-musk-como-chefe-do-doge\/","title":{"rendered":"Warren quer respostas de Trump sobre os \u2018conflitos de interesses\u2019 e padr\u00f5es \u00e9ticos de Musk como chefe do DOGE"},"content":{"rendered":"<p> <script async src=\"https:\/\/pagead2.googlesyndication.com\/pagead\/js\/adsbygoogle.js?client=ca-pub-8864793242727901\"\r\n     crossorigin=\"anonymous\"><\/script><br \/>\n<\/p>\n<div id=\"\">\n<header class=\"m-article-header m-article-header--standard\">\n\t\t\t\t\t\t\t\t\t\t\t\t<span id=\"article-header-primary-term\"><br \/>\n\t\t\t\t\t\t\t\t<a class=\"a-term a-term--primary\" href=\"https:\/\/www.boston.com\/tag\/politics\/\"><\/p>\n<p>\t\t\t\t\t\t\t\tPol\u00edtica\t\t\t\t\t\t\t\t<\/a><br \/>\n\t\t\t\t\t\t\t<\/span><\/p>\n<h2 class=\"m-article-header__sub-headline\">A senadora Elizabeth Warren, uma democrata progressista, chamou Musk de \u201cn\u00e3o um cidad\u00e3o comum\u201d numa carta enviada a Trump na segunda-feira.<\/h2>\n<figure class=\"a-photo m-article-header__photo\"><figcaption class=\"a-photo__caption\">\n<p>\tSenadora Elizabeth Warren (\u00e0 esquerda) e Elon Musk.<em> <\/em>\t<\/figcaption><\/figure>\n<\/header>\n<p>Massachussets <a href=\"https:\/\/www.boston.com\/tag\/elizabeth-warren\/\">Senadora Elizabeth Warren<\/a> est\u00e1 perguntando quais pap\u00e9is Elon Musk desempenha enquanto o presidente eleito Donald Trump se prepara para retomar seu lugar no Sal\u00e3o Oval.<\/p>\n<p>Warren, um democrata progressista, chamou Musk de \u201cn\u00e3o um cidad\u00e3o comum\u201d em uma carta enviada a Trump na segunda-feira. Musk \u00e9 o CEO bilion\u00e1rio de empresas como Tesla e SpaceX, que \u201ct\u00eam interesses significativos perante o governo federal\u201d, alerta Warren. <\/p>\n<p>Musk, juntamente com o ex-candidato presidencial republicano Vivek Ramaswamy, co-presidir\u00e1 o <a href=\"https:\/\/www.npr.org\/2024\/11\/12\/g-s1-33972\/trump-elon-musk-vivek-ramaswamy-doge-government-efficiency-deep-state\">Departamento de Efici\u00eancia Governamental<\/a>que n\u00e3o \u00e9 uma entidade governamental oficial. Musk esteve pr\u00f3ximo de Trump durante toda a campanha e desde a elei\u00e7\u00e3o, chegando a se autodenominar \u201c<a href=\"https:\/\/x.com\/elonmusk\/status\/1856073530137526564\">primeiro amigo<\/a>.\u201d<\/p>\n<p>&#8220;Senhor. Os substanciais interesses privados de Musk apresentam um enorme conflito de interesses com o papel que ele assumiu como seu \u2018copresidente n\u00e3o oficial&#8217;\u201d, escreveu Warren, referindo-se a um <em>Washington Post<\/em> <a href=\"https:\/\/www.washingtonpost.com\/politics\/2024\/11\/13\/elon-musk-trump-presidential-transition\/\">artigo<\/a>. \u201cAtualmente, o p\u00fablico americano n\u00e3o tem forma de saber se o conselho que ele lhe sussurra em segredo \u00e9 bom para o pa\u00eds \u2013 ou apenas bom para os seus pr\u00f3prios resultados financeiros.\u201d<\/p>\n<p>Alm\u00edscar <a href=\"https:\/\/x.com\/elonmusk\/status\/1869133454950228312\">respondeu no X<\/a> postando uma imagem de Warren gerada por IA em trajes de nativos americanos para promover sua empresa de IA, Grok.<\/p>\n<p>Em resposta, a porta-voz de Trump, Karoline Leavitt, chamou Warren de \u201cPocahontas\u201d, referindo-se a um <a href=\"https:\/\/www.bostonglobe.com\/news\/politics\/2018\/10\/15\/warren-addresses-native-american-issue\/YEUaGzsefB0gPBe2AbmSVO\/story.html\">controv\u00e9rsia<\/a> sobre suas reivindica\u00e7\u00f5es de uma linhagem nativa americana. Um teste de DNA indicou que sua composi\u00e7\u00e3o gen\u00e9tica est\u00e1 entre 1\/64 e 1\/1.024 de nativos americanos, <em>O Globo de Boston<\/em> <a href=\"https:\/\/www.bostonglobe.com\/news\/politics\/2018\/10\/15\/warren-addresses-native-american-issue\/YEUaGzsefB0gPBe2AbmSVO\/story.html\">relatado<\/a>; Warren desde ent\u00e3o <a href=\"https:\/\/www.boston.com\/news\/politics\/2019\/02\/05\/elizabeth-warren-apologizes-for-calling-herself-native-american\/\">pediu desculpas<\/a> \u00e0s comunidades nativas.<\/p>\n<p>\u201cO presidente Trump reuniu a equipe mais impressionante e qualificada de inovadores, empreendedores e g\u00eanios para aconselhar e equipar nosso governo\u201d, disse Leavitt em comunicado ao <a href=\"https:\/\/www.washingtonpost.com\/politics\/2024\/12\/17\/elizabeth-warren-trump-elon-musk-conflicts-interest\/\"><em>Publicar<\/em><\/a>. \u201cPocahontas pode jogar jogos pol\u00edticos e enviar cartas desdentadas, mas a transi\u00e7\u00e3o Trump-Vance continuar\u00e1 a ser realizada de acordo com os mais elevados padr\u00f5es \u00e9ticos e legais poss\u00edveis \u2013 um padr\u00e3o desconhecido para um pol\u00edtico de carreira cujo impacto social \u00e9 1\/1024 do de Elon Musk.\u201d<\/p>\n<h2 class=\"wp-block-heading\" id=\"h-warren-an-invitation-for-corruption-on-a-scale-not-seen-in-our-lifetimes\">Warren: &#8216;Um convite \u00e0 corrup\u00e7\u00e3o em uma escala nunca vista em nossas vidas&#8217;<\/h2>\n<p>O patrim\u00f4nio l\u00edquido de Musk j\u00e1 aumentou em US$ 170 bilh\u00f5es desde a elei\u00e7\u00e3o, depois de investir pelo menos US$ 277 milh\u00f5es nas campanhas de Trump e de outros candidatos republicanos. <em>Publicar<\/em> <a href=\"https:\/\/www.washingtonpost.com\/business\/2024\/12\/15\/elon-musk-trump-election-wealth\/\">relatado<\/a> essa semana. Warren apontou para o aumento das a\u00e7\u00f5es da Tesla p\u00f3s-Trump, que lhe rendeu US$ 70 bilh\u00f5es. <\/p>\n<p>A Administra\u00e7\u00e3o Nacional de Seguran\u00e7a de Tr\u00e1fego Rodovi\u00e1rio abriu cinco investiga\u00e7\u00f5es sobre Tesla, <a href=\"https:\/\/www.nytimes.com\/2024\/10\/20\/us\/politics\/elon-musk-federal-agencies-contracts.html#:~:text=The%20National%20Highway%20Traffic%20Safety%20Administration%20has%20opened%20five%20investigations%20of%20Tesla%2C%20including%20for%20complaints%20of%20unexpected%20braking%2C%20loss%20of%20steering%20control%20and%20crashes%20while%20cars%20were%20in%20%E2%80%9Cself%2Ddriving%E2%80%9D%20mode.\">de acordo com<\/a> para o <em>New York Times<\/em>enquanto Trump considera eliminar a exig\u00eancia de que as empresas relatem seus dados automatizados de acidentes, Reuters <a href=\"https:\/\/www.reuters.com\/business\/autos-transportation\/trump-transition-recommends-scrapping-car-crash-reporting-requirement-opposed-by-2024-12-13\/\">disse<\/a>.<\/p>\n<p>Warren tamb\u00e9m disse que Musk, a pessoa mais rica do mundo, \u201cpode ter conflitos de interesses claros\u201d. Ela apontou para investiga\u00e7\u00f5es da Comiss\u00e3o de Seguran\u00e7a e C\u00e2mbio, inclusive sobre <a href=\"https:\/\/www.cnbc.com\/2024\/12\/13\/elon-musk-says-sec-sent-settlement-demand-after-twitter-deal-probe.html\">potencial fraude de t\u00edtulos<\/a> quando ele comprou o Twitter, informou a CNBC, e entrou na Neuralink, a empresa de implantes cerebrais de Musk.<\/p>\n<p>\u201cComo membro da equipe de transi\u00e7\u00e3o, o Sr. Musk n\u00e3o \u00e9 um funcion\u00e1rio federal, mas os conflitos que enfrenta s\u00e3o enormes e a necessidade de estar sujeito a padr\u00f5es \u00e9ticos semelhantes \u00e9 \u00f3bvia\u201d, disse Warren.<\/p>\n<p>Warren listou sete perguntas para Trump responder at\u00e9 a pr\u00f3xima semana sobre o papel de Musk. Ela perguntou quais padr\u00f5es de \u00e9tica se aplicam a Musk, se ele j\u00e1 os cumpriu e se se recusou a participar de quaisquer discuss\u00f5es sobre o DOGE. Ela perguntou se ele se recusaria em assuntos relacionados aos seus neg\u00f3cios e sobre seu relacionamento com outros l\u00edderes empresariais.<\/p>\n<p>\u201cColocar Musk em posi\u00e7\u00e3o de influenciar bilh\u00f5es de d\u00f3lares em contratos governamentais e aplica\u00e7\u00e3o regulat\u00f3ria sem um acordo rigoroso de conflito de interesses \u00e9 um convite \u00e0 corrup\u00e7\u00e3o em uma escala nunca vista em nossas vidas\u201d, disse Warren. <\/p>\n<p>Leia o livro de Warren <a href=\"https:\/\/www.boston.com\/wp-content\/uploads\/2024\/12\/letter_to_trump_transition_reelonmuskconflictsofinterest-676209f4e41ad.pdf\">carta inteira aqui<\/a>.<\/p>\n<div class=\"o-author-single has-avatar\">\n<header class=\"m-author-card\">\n<div class=\"a-image a-image--square m-author-card__image\">\n\t\t<img decoding=\"async\" class=\"\" src=\"https:\/\/www.boston.com\/wp-content\/uploads\/2024\/10\/cropped-molly-farrar-6707200226887-6707200bea6c0-242x242.jpg\" alt=\"Imagem do perfil de Molly Farrar\"\/>\t<\/div>\n<\/header>\n<section class=\"author-info\">\n<div class=\"m-author__section\">\n<p>Molly Farrar \u00e9 rep\u00f3rter geral do Boston.com, com foco em educa\u00e7\u00e3o, pol\u00edtica, crime e muito mais.<\/p>\n<\/div>\n<\/section>\n<\/div>\n<div class=\"m-block m-generic-cta\t m-generic-cta--post-content\t m-generic-cta--dark\t m-generic-cta--homepage\t m-generic-cta--email-signup\t\t m-generic-cta-block-style--default \tt-amp__generic-cta\"><\/p>\n<div class=\"m-generic-cta__wrap\">\n<div class=\"m-generic-cta__content\">\n<h3 class=\"m-generic-cta__title\">Boston.com hoje<\/h3>\n<p class=\"m-generic-cta__subtitle\">Inscreva-se para receber as \u00faltimas manchetes em sua caixa de entrada todas as manh\u00e3s.<\/p>\n<\/p><\/div>\n<\/p><\/div>\n<\/div><\/div>\n<p><script>\n\t\tvar consent=\"grant\";\n\t\t\/* The above code is parsing the JSON data from the local storage and storing it in a variable. *\/\n\t\t\t\t\tconst onetrustStorageConsent = JSON.parse(localStorage.getItem( 'consent_one_trust_bdc' ) );\n\t\t\tif ( ( onetrustStorageConsent !== null ) ) {\n\t\t\t\t\/* Checking to see if the user has consented to the use of cookies.\n\t\t\t\t* If they have not, it is deleting the cookie.\n\t\t\t\t* This will comment for now, until further notice.\n\t\t\t\t*\/\n\t\t\t\t\/\/if ( onetrustStorageConsent.C0002 === false ) {\n\t\t\t\t\/\/\tdocument.cookie=\"_fbp=;expires=Thu, 01 Jan 2010 00:00:00 UTC; path=\/; domain=.boston.com\";\n\t\t\t\t\/\/}\n\t\t\t\t\/* Checking if the user has given consent for the cookie C0002.\n\t\t\t\t* If the user has given consent, the variable consent will be set to 'grant'.\n\t\t\t\t* If the user has not given consent,the variable consent will be set to 'revoke'.\n\t\t\t\t* Documentation https:\/\/developers.facebook.com\/docs\/meta-pixel\/implementation\/gdpr\n\t\t\t\t*\/\n\t\t\t\tif ( onetrustStorageConsent.C0002 !== true ) {\n\t\t\t\t\tconsent=\"revoke\";\n\t\t\t\t}\n\t\t\t}\n\t\t\t\t!function(f,b,e,v,n,t,s)\n\t\t{if(f.fbq)return;n=f.fbq=function(){n.callMethod?\n\t\tn.callMethod.apply(n,arguments):n.queue.push(arguments)};\n\t\tif(!f._fbq)f._fbq=n;n.push=n;n.loaded=!0;n.version='2.0';\n\t\tn.queue=[];t=b.createElement(e);t.async=!0;\n\t\tt.src=v;s=b.getElementsByTagName(e)[0];\n\t\ts.parentNode.insertBefore(t,s)}(window, document,'script',\n\t\t'https:\/\/connect.facebook.net\/en_US\/fbevents.js');\n\t\tfbq('consent', consent);\n\t\tfbq('init', '989222871864976');\n\t\tfbq('track', 'PageView');\n\t<\/script><script type=\"module\">\n\t\tvar consent=\"grant\";\n\t\t\/* The above code is parsing the JSON data from the local storage and storing it in a variable. *\/\n\t\t\tconst onetrustStorageConsent = JSON.parse(localStorage.getItem( 'consent_one_trust_bdc' ) );\n\t\t\t\/* Checking to see if the user has consented to the use of cookies.\n\t\t\t* If they have not, it is deleting the cookie.\n\t\t\t* This will comment for now, until further notice.\n\t\t\t*\/\n\t\t\t\/\/if ( onetrustStorageConsent.C0002 === false ) {\n\t\t\t\/\/\tdocument.cookie=\"_fbp=;expires=Thu, 01 Jan 2010 00:00:00 UTC; path=\/; domain=.boston.com\";\n\t\t\t\/\/}\n\t\t\t\/* Checking if the user has given consent for the cookie C0002.\n\t\t\t* If the user has given consent, the variable consent will be set to 'grant'.\n\t\t\t* If the user has not given consent,the variable consent will be set to 'revoke'.\n\t\t\t* Documentation https:\/\/developers.facebook.com\/docs\/meta-pixel\/implementation\/gdpr\n\t\t\t*\/\n\t\t\tif ( ( onetrustStorageConsent !== null ) && (onetrustStorageConsent.C0002 !== true ) ) {\n\t\t\t\tconsent=\"revoke\";\n\t\t\t}\n\t\t\t\t!function(f,b,e,v,n,t,s){if(f.fbq)return;n=f.fbq=function()\n\t\t{n.callMethod? n.callMethod.apply(n,arguments):n.queue.push(arguments)}\n\t\t;if(!f._fbq)f._fbq=n;\n\t\tn.push=n;n.loaded=!0;n.version='2.0';n.queue=[];t=b.createElement(e);t.async=!0;\n\t\tt.src=v;s=b.getElementsByTagName(e)[0];s.parentNode.insertBefore(t,s)}(window,\n\t\tdocument,'script','https:\/\/connect.facebook.net\/en_US\/fbevents.js');\n\t\tfbq('consent', consent);\n\t\tfbq('init', '813236348753005');\n\t\tfbq('track', \"PageView\");\n\t<\/script><br \/>\n<br \/><br \/>\n<br \/><a href=\"https:\/\/www.boston.com\/news\/politics\/2024\/12\/17\/warren-wants-answers-from-trump-about-musks-conflicts-of-interest-ethic-standards-as-head-of-doge\/\">Source link <\/a><\/p>","protected":false},"excerpt":{"rendered":"<p>Pol\u00edtica A senadora Elizabeth Warren, uma democrata progressista, chamou Musk de \u201cn\u00e3o um cidad\u00e3o comum\u201d numa carta enviada a Trump na segunda-feira. Senadora Elizabeth Warren (\u00e0 esquerda) e Elon Musk.&hellip;<\/p>","protected":false},"author":1,"featured_media":78162,"comment_status":"closed","ping_status":"open","sticky":false,"template":"","format":"standard","meta":{"content-type":"","footnotes":""},"categories":[1],"tags":[],"class_list":["post-78161","post","type-post","status-publish","format-standard","has-post-thumbnail","hentry","category-uncategorized"],"_links":{"self":[{"href":"https:\/\/tvbrazilusa.com\/pt\/wp-json\/wp\/v2\/posts\/78161","targetHints":{"allow":["GET"]}}],"collection":[{"href":"https:\/\/tvbrazilusa.com\/pt\/wp-json\/wp\/v2\/posts"}],"about":[{"href":"https:\/\/tvbrazilusa.com\/pt\/wp-json\/wp\/v2\/types\/post"}],"author":[{"embeddable":true,"href":"https:\/\/tvbrazilusa.com\/pt\/wp-json\/wp\/v2\/users\/1"}],"replies":[{"embeddable":true,"href":"https:\/\/tvbrazilusa.com\/pt\/wp-json\/wp\/v2\/comments?post=78161"}],"version-history":[{"count":1,"href":"https:\/\/tvbrazilusa.com\/pt\/wp-json\/wp\/v2\/posts\/78161\/revisions"}],"predecessor-version":[{"id":78163,"href":"https:\/\/tvbrazilusa.com\/pt\/wp-json\/wp\/v2\/posts\/78161\/revisions\/78163"}],"wp:featuredmedia":[{"embeddable":true,"href":"https:\/\/tvbrazilusa.com\/pt\/wp-json\/wp\/v2\/media\/78162"}],"wp:attachment":[{"href":"https:\/\/tvbrazilusa.com\/pt\/wp-json\/wp\/v2\/media?parent=78161"}],"wp:term":[{"taxonomy":"category","embeddable":true,"href":"https:\/\/tvbrazilusa.com\/pt\/wp-json\/wp\/v2\/categories?post=78161"},{"taxonomy":"post_tag","embeddable":true,"href":"https:\/\/tvbrazilusa.com\/pt\/wp-json\/wp\/v2\/tags?post=78161"}],"curies":[{"name":"wp","href":"https:\/\/api.w.org\/{rel}","templated":true}]}}