{"id":78182,"date":"2024-12-18T01:04:28","date_gmt":"2024-12-18T01:04:28","guid":{"rendered":"https:\/\/tvbrazilusa.com\/2024\/12\/18\/forbes-o-brasil-nao-suporta-mais-dois-anos-de-lula\/"},"modified":"2024-12-18T01:04:29","modified_gmt":"2024-12-18T01:04:29","slug":"forbes-o-brasil-nao-suporta-mais-dois-anos-de-lula","status":"publish","type":"post","link":"https:\/\/tvbrazilusa.com\/pt\/2024\/12\/18\/forbes-o-brasil-nao-suporta-mais-dois-anos-de-lula\/","title":{"rendered":"FORBES: O Brasil n\u00e3o suporta mais dois anos de Lula"},"content":{"rendered":"<p> <script async src=\"https:\/\/pagead2.googlesyndication.com\/pagead\/js\/adsbygoogle.js?client=ca-pub-8864793242727901\"\r\n     crossorigin=\"anonymous\"><\/script><br \/>\n<\/p>\n<div id=\"taboola-read-more\" style=\"display:block; width:100%\">\n<p>A economia brasileira enfrenta uma deteriora\u00e7\u00e3o acelerada e preocupante, marcada por indicadores alarmantes que afetam diretamente a vida de milh\u00f5es de cidad\u00e3os. Nesta ter\u00e7a-feira (17) o d\u00f3lar atingiu a marca de R$ 6,207 no momento de maior alta do dia. \u00c9 um recorde desde o in\u00edcio do Plano Real. Isso representa um derretimento de 28,2% apenas em 2024.\n<\/p>\n<p>O derretimento do real \u00e9 reflexo direto da perda de confian\u00e7a dos investidores, da falta de clareza na condu\u00e7\u00e3o econ\u00f4mica e do ambiente fiscal cada vez mais inst\u00e1vel.<\/p>\n<p>No entanto, o d\u00f3lar n\u00e3o \u00e9 o \u00fanico indicador de piora das expectativas. A taxa Selic j\u00e1 est\u00e1 em 12,25% ao ano. Em sua reuni\u00e3o mais recente, nos dias 10 e 11 de dezembro, o Comit\u00ea de Pol\u00edtica Monet\u00e1ria (Copom) elevou os juros em 1,00 ponto percentual.\n<\/p>\n<p>O Comit\u00ea confirmou mais duas altas do mesmo tamanho para as duas primeiras reuni\u00f5es agendadas para 2025. Isso vai encarecer ainda mais o cr\u00e9dito e impactar severamente o consumo e o investimento no pa\u00eds.\n<\/p>\n<p>Isso ocorre porque a infla\u00e7\u00e3o continua acima da meta. A edi\u00e7\u00e3o mais recente do Relat\u00f3rio Focus, divulgada pelo BC na segunda-feira (16), mostra uma expectativa de 4,89% para o IPCA de 2024 e de 4,60% para 2025. As duas proje\u00e7\u00f5es s\u00e3o de uma infla\u00e7\u00e3o acima do teto da meta de 4,50%. Isso corr\u00f3i o poder de compra das fam\u00edlias, principalmente das mais pobres.\n<\/p>\n<p>No mercado de trabalho, a queda da taxa de desemprego para 6,2% em outubro, a menor taxa da s\u00e9rie hist\u00f3rica segundo o Instituto Brasileiro de Geografia e Estat\u00edstica (IBGE), n\u00e3o traz al\u00edvio real. O pa\u00eds ainda enfrenta um cen\u00e1rio de informalidade elevada e empregos prec\u00e1rios, que mant\u00eam a renda dos brasileiros abaixo do necess\u00e1rio para acompanhar o custo de vida crescente.\n<\/p>\n<p>Sil\u00eancio e Complac\u00eancia: Os C\u00famplices Invis\u00edveis<br \/>Os n\u00fameros divulgados pelo pr\u00f3prio Banco Central confirmam a deteriora\u00e7\u00e3o das expectativas. Na primeira edi\u00e7\u00e3o de 2024, o Relat\u00f3rio Focus indicava proje\u00e7\u00f5es de infla\u00e7\u00e3o de 3,90% para este ano. Com sorte, o n\u00famero ser\u00e1 um ponto percentual acima disso. Pode ser mais.\n<\/p>\n<p>No in\u00edcio deste ano, os economistas dos bancos previam uma taxa Selic de 9,00% em dezembro, ante os 12,25%. E a piora das proje\u00e7\u00f5es para 2025 \u00e9 ainda mais expressiva. Em janeiro de 2025, o juro previsto para o fim do ano que vem era de 8,5%. Agora, essa estimativa \u00e9 de 14%. E quem conversa com os profissionais do sistema financeiro sabe que essa expectativa pode subir ainda mais.\n<\/p>\n<p>Diante desse cen\u00e1rio de r\u00e1pida deteriora\u00e7\u00e3o, chama a aten\u00e7\u00e3o o sil\u00eancio ensurdecedor de entidades que deveriam estar liderando um movimento de press\u00e3o para cobrar solu\u00e7\u00f5es urgentes. Onde est\u00e3o as associa\u00e7\u00f5es empresariais, os sindicatos, e a sociedade organizada? Por que o Congresso e o Executivo continuam agindo de forma reativa, ao inv\u00e9s de adotar medidas estruturais e corajosas?\n<\/p>\n<p>Tendo o sil\u00eancio como c\u00famplice, a complac\u00eancia das entidades diante dessa crise profunda apenas fortalece a sensa\u00e7\u00e3o de paralisia nacional. A falta de mobiliza\u00e7\u00e3o \u00e9 t\u00e3o assustadora quanto os n\u00fameros econ\u00f4micos que nos rodeiam. O pa\u00eds n\u00e3o pode mais esperar enquanto discursos vazios e solu\u00e7\u00f5es paliativas dominam o debate p\u00fablico.\n<\/p>\n<p>O Brasil N\u00e3o Suporta Mais Dois Anos<br \/>N\u00e3o \u00e9 mais tempo de discursos, promessas ou manobras pol\u00edticas. \u00c9 hora de agir com responsabilidade e pragmatismo. O governo Lula precisa assumir o controle da situa\u00e7\u00e3o com um plano econ\u00f4mico robusto, transparente e eficaz. A sociedade, por sua vez, precisa abandonar a in\u00e9rcia e cobrar, com vigor, a\u00e7\u00f5es que revertam esse quadro catastr\u00f3fico.\n<\/p>\n<p>Dois anos dessa in\u00e9rcia podem ser fatais. O Brasil, sua economia e o futuro das pr\u00f3ximas gera\u00e7\u00f5es dependem de uma rea\u00e7\u00e3o imediata. A pergunta que fica \u00e9: quando a sociedade romper\u00e1 o sil\u00eancio e exigir\u00e1 mudan\u00e7as reais? O rel\u00f3gio est\u00e1 correndo, e o pre\u00e7o da omiss\u00e3o ser\u00e1 pago por todos n\u00f3s.\n<\/p>\n<p>Fonte: Forbes              <\/p>\n<\/div>\n<p><br \/>\n<br \/><a href=\"https:\/\/diariodobrasilnoticias.com.br\/noticia\/o-brasil-nao-suporta-mais-dois-anos-de-lula-6761fdcf1139f\">Source link <\/a><\/p>","protected":false},"excerpt":{"rendered":"<p>A economia brasileira enfrenta uma deteriora\u00e7\u00e3o acelerada e preocupante, marcada por indicadores alarmantes que afetam diretamente a vida de milh\u00f5es de cidad\u00e3os. Nesta ter\u00e7a-feira (17) o d\u00f3lar atingiu a marca&hellip;<\/p>","protected":false},"author":1,"featured_media":78183,"comment_status":"closed","ping_status":"open","sticky":false,"template":"","format":"standard","meta":{"content-type":"","footnotes":""},"categories":[16],"tags":[123,2448,5313,1267],"class_list":["post-78182","post","type-post","status-publish","format-standard","has-post-thumbnail","hentry","category-noticias","tag-brasil","tag-diario","tag-noticia","tag-noticias"],"_links":{"self":[{"href":"https:\/\/tvbrazilusa.com\/pt\/wp-json\/wp\/v2\/posts\/78182","targetHints":{"allow":["GET"]}}],"collection":[{"href":"https:\/\/tvbrazilusa.com\/pt\/wp-json\/wp\/v2\/posts"}],"about":[{"href":"https:\/\/tvbrazilusa.com\/pt\/wp-json\/wp\/v2\/types\/post"}],"author":[{"embeddable":true,"href":"https:\/\/tvbrazilusa.com\/pt\/wp-json\/wp\/v2\/users\/1"}],"replies":[{"embeddable":true,"href":"https:\/\/tvbrazilusa.com\/pt\/wp-json\/wp\/v2\/comments?post=78182"}],"version-history":[{"count":1,"href":"https:\/\/tvbrazilusa.com\/pt\/wp-json\/wp\/v2\/posts\/78182\/revisions"}],"predecessor-version":[{"id":78184,"href":"https:\/\/tvbrazilusa.com\/pt\/wp-json\/wp\/v2\/posts\/78182\/revisions\/78184"}],"wp:featuredmedia":[{"embeddable":true,"href":"https:\/\/tvbrazilusa.com\/pt\/wp-json\/wp\/v2\/media\/78183"}],"wp:attachment":[{"href":"https:\/\/tvbrazilusa.com\/pt\/wp-json\/wp\/v2\/media?parent=78182"}],"wp:term":[{"taxonomy":"category","embeddable":true,"href":"https:\/\/tvbrazilusa.com\/pt\/wp-json\/wp\/v2\/categories?post=78182"},{"taxonomy":"post_tag","embeddable":true,"href":"https:\/\/tvbrazilusa.com\/pt\/wp-json\/wp\/v2\/tags?post=78182"}],"curies":[{"name":"wp","href":"https:\/\/api.w.org\/{rel}","templated":true}]}}