{"id":78217,"date":"2024-12-18T02:21:51","date_gmt":"2024-12-18T02:21:51","guid":{"rendered":"https:\/\/tvbrazilusa.com\/2024\/12\/18\/a-justica-que-prendeu-o-general-aliviou-lula-da-prisao-preventiva\/"},"modified":"2024-12-18T02:21:52","modified_gmt":"2024-12-18T02:21:52","slug":"a-justica-que-prendeu-o-general-aliviou-lula-da-prisao-preventiva","status":"publish","type":"post","link":"https:\/\/tvbrazilusa.com\/pt\/2024\/12\/18\/a-justica-que-prendeu-o-general-aliviou-lula-da-prisao-preventiva\/","title":{"rendered":"A Justi\u00e7a, que prendeu o general, &#8216;aliviou&#8217; Lula da pris\u00e3o preventiva"},"content":{"rendered":"<p> <script async src=\"https:\/\/pagead2.googlesyndication.com\/pagead\/js\/adsbygoogle.js?client=ca-pub-8864793242727901\"\r\n     crossorigin=\"anonymous\"><\/script><br \/>\n<\/p>\n<div id=\"taboola-read-more\" style=\"display:block; width:100%\">\n<p>Eu me lembro como fosse hoje, e n\u00e3o pelo fato em si, mas por tudo o que aconteceu naquela noite de quinta-feira, 16 de mar\u00e7o de 2016.\n<\/p>\n<p>Eu estava a caminho do est\u00e1dio Independ\u00eancia, em Belo Horizonte, para um jogo entre o Atl\u00e9tico e o Colo-Colo, do Chile. E o amigo leitor se lembra, n\u00e9? \u201cCaiu no Horto, t\u00e1 morto\u201d.<\/p>\n<p>Para quem n\u00e3o sabe, Horto \u00e9 o nome do bairro onde fica o est\u00e1dio 7 de Setembro, e o refr\u00e3o era cantado pela torcida atleticana por causa do n\u00famero absurdo de vit\u00f3rias por l\u00e1.\n<\/p>\n<p>Na gripe, virou Bessias<br \/>Do nada, no r\u00e1dio, a transmiss\u00e3o esportiva foi interrompida para a divulga\u00e7\u00e3o do \u00e1udio de uma liga\u00e7\u00e3o entre a ent\u00e3o presidente Dilma Rousseff e o investigad\u00edssimo Lula da Silva:\n<\/p>\n<p>Dilma: \u201cAl\u00f4.\u201d\n<\/p>\n<p>Lula: \u201cAl\u00f4.\u201d\n<\/p>\n<p>Dilma: \u201cLula, deixa eu te falar uma coisa.\u201d\n<\/p>\n<p>Lula: \u201cFala, querida. Ahn?\u201c\n<\/p>\n<p>Dilma: \u201cSeguinte, eu t\u00f4 mandando o \u2018Bessias\u2019 junto com o papel pra gente ter ele, e s\u00f3 usa em caso de necessidade, que \u00e9 o termo de posse, t\u00e1?!\u201c\n<\/p>\n<p>Lula: \u201cUhum. T\u00e1 bom, t\u00e1 bom.\u201d\n<\/p>\n<p>Dilma: \u201cS\u00f3 isso, voc\u00ea espera a\u00ed que ele t\u00e1 indo a\u00ed.\u201d\n<\/p>\n<p>Lula: \u201cT\u00e1 bom, eu t\u00f4 aqui, fico aguardando.\u201c\n<\/p>\n<p>Dilma: \u201cT\u00e1?!\u201c\n<\/p>\n<p>Lula: \u201cT\u00e1 bom.\u201c\n<\/p>\n<p>Dilma: \u201cTchau.\u201c\n<\/p>\n<p>Lula: \u201cTchau, querida.\u201c\n<\/p>\n<p>E o pau cantou<br \/>J\u00e1 a caminho do jogo, uma quantidade significativa de belo-horizontinos se aglutinava em protesto, na Pra\u00e7a da Liberdade, local tradicional de manifesta\u00e7\u00f5es p\u00fablicas.\n<\/p>\n<p>No est\u00e1dio, o clima era de pura revolta e os refr\u00f5es dirigidos \u00e0 dupla de trapaceiros, como \u201cEi, Dilma, vai tomate cru\u201d e \u201cLula, ladr\u00e3o, seu lugar \u00e9 na pris\u00e3o\u201d, tomaram conta do jogo.\n<\/p>\n<p>A ira era justificada, j\u00e1 que a ideia da nomea\u00e7\u00e3o de Lula para ministro era blindar o ex-presidente de uma poss\u00edvel pris\u00e3o preventiva. No caso, com a tramoia descoberta, a decreta\u00e7\u00e3o seria certa. Mas\u2026\n<\/p>\n<p>Aquele Gilmar<br \/>Acertadamente, Gilmar Mendes, a pedido do PSDB, determinou a suspens\u00e3o da nomea\u00e7\u00e3o por ferir o princ\u00edpio da moralidade da administra\u00e7\u00e3o p\u00fablica. Sim, leitor! Bons tempos aqueles.\n<\/p>\n<p>\u00c0 \u00e9poca, o ministro era tido como \u201clavajatista\u201d, e afirmou em sua decis\u00e3o: \u201cO objetivo da falsidade \u00e9 claro: impedir o cumprimento de ordem de pris\u00e3o de juiz de primeira inst\u00e2ncia\u201c.\n<\/p>\n<p>Eu sei, eu sei, \u00e9 dif\u00edcil acreditar que tenha sido ele mesmo, o Gilmarz\u00e3o v\u00e9i de guerra. E continuou: \u201cUma esp\u00e9cie de salvo conduto emitida pela Presidente da Rep\u00fablica\u201c. Ai, que saudade!\n<\/p>\n<p>Mas a preventiva, nada<br \/>Bem, diante de tal decis\u00e3o e da clareza solar dos fatos, o caminho seria a decreta\u00e7\u00e3o da pris\u00e3o preventiva de Lula, que n\u00e3o era mais nada sen\u00e3o \u201capenas um cidad\u00e3o comum\u201d.\n<\/p>\n<p>Imagino que tal pedido (pris\u00e3o preventiva) tenha sido discutido. N\u00e3o sei dizer quem capitulou: se a Pol\u00edcia Federal, o Minist\u00e9rio P\u00fablico Federal, Sergio Moro ou o STF.\n<\/p>\n<p>O fato \u00e9 que, mesmo diante de uma obstru\u00e7\u00e3o clara \u00e0 Justi\u00e7a, Lulinha paz e Amor n\u00e3o foi em cana. E quando foi, foi ap\u00f3s tr\u00eas inst\u00e2ncias, nove ju\u00edzes e centenas de recursos.\n<\/p>\n<p>\u00d3, Minas Gerais<br \/>Outro, que fez por merecer uma bela \u201cpreventiva\u201d, foi o atual deputado federal A\u00e9cio Neves (PSDB \u2013 MG) \u2013 aquele que mataria o \u201cprimo-mula\u201d, lembram-se? \u2013 tamb\u00e9m investigado pela Lava Jato.\n<\/p>\n<p>Ele ligou nada mais, nada menos, segundo a Pol\u00edcia Federal, \u00e0 \u00e9poca, 43 vezes para seu amigo e ministro \u2013 quem?!? \u2013 Gilmarpalooza, digo, Gilmar Mendes.\n<\/p>\n<p>Investigado, conversou com o supremo togado, inclusive no dia em que iria prestar um depoimento \u00e0 Pol\u00edcia Federal, suspenso por quem, por quem, hein, leitor amigo? Sim. Pelo pr\u00f3prio supremo togado!\n<\/p>\n<p>Pobre, preto e puta<br \/>A popula\u00e7\u00e3o carcer\u00e1ria brasileira ultrapassa os 660 mil presos, segundo dados da Secretaria Nacional de Pol\u00edticas Penais (Senappen). Um crescimento de 44% em dez anos.\n<\/p>\n<p>Cerca de 65% dos presos s\u00e3o pretos e pobres. Putas, eu n\u00e3o sei, mas sei que o leitor compreende minha cita\u00e7\u00e3o. Destes, cerca de 40% s\u00e3o presos provis\u00f3rios, ou seja, n\u00e3o foram condenados.\n<\/p>\n<p>O azar dessa turma \u00e9 ou n\u00e3o ter advogados estrelados, que frequentam tribunais superiores trajando \u201cchinelo e bermuda\u201d, ou n\u00e3o ser padrinho pol\u00edtico de \u201ccapa preta\u201d.\n<\/p>\n<p>General golpista<br \/>Braga Netto, general de 4 estrelas \u201ccom o C na m\u00e3o\u201d, como cantava Renato Russo, foi em cana no s\u00e1bado, 14, por, segundo a decis\u00e3o, interferir nas investiga\u00e7\u00f5es \u2013 assista aqui \u00e0 an\u00e1lise do caso com Felipe Moura Brasil e Duda Teixeira.\n<\/p>\n<p>A Pol\u00edcia Federal pediu sua pris\u00e3o \u00e0 Procuradoria-Geral da Rep\u00fablica, que concordou e encaminhou ao Supremo Tribunal Federal (STF), que acatou o pleito e determinou a tranca.\n<\/p>\n<p>Segundo a Justi\u00e7a, o general estaria coagindo testemunhas, a partir de telefonemas e mensagens ao pai do delator e ex-ajudante de ordens de Jair Bolsonaro, coronel Mauro Cid.\n<\/p>\n<p>O tempo passa<br \/>H\u00e1 uma discuss\u00e3o no mundo jur\u00eddico, na imprensa e nas redes sociais se a pris\u00e3o seria legal, j\u00e1 que os fatos narrados pela autoridade policial remetem h\u00e1 mais de dois anos.\n<\/p>\n<p>A meu ver, contudo, o judici\u00e1rio est\u00e1 correto. O que me incomoda \u00e9 o chamado \u201cduplo padr\u00e3o moral\u201d, n\u00e3o apenas da Suprema Corte, mas de certos ministros tamb\u00e9m.\n<\/p>\n<p>Se \u201cPau que d\u00e1 em Chico, d\u00e1 em Francisco\u201d, a preventiva que deu em Braga Netto faltou para Lula e A\u00e9cio \u2013 e n\u00e3o s\u00f3 para eles, \u00e9 claro. Mas sobrou farta para os tr\u00eas Ps citados acima, como sempre, ali\u00e1s.\n<\/p>\n<p>Em tempo<br \/>O Bessias, do telefonema de Dilma a Lula, \u00e9 Jorge Messias, atual advogado-geral da Uni\u00e3o, nomeado pela \u201calma mais honesta desse pa\u00eds\u201d, afinal, \u201cAqui se faz, aqui se paga\u201d. O Brasil n\u00e3o \u00e9 mesmo para amadores.\n<\/p>\n<p>Fonte: O Antagonista              <\/p>\n<\/div>\n<p><br \/>\n<br \/><a href=\"https:\/\/diariodobrasilnoticias.com.br\/noticia\/a-justica-que-prendeu-o-general-aliviou-lula-da-prisao-preventiva-6761f3cc48acc\">Source link <\/a><\/p>","protected":false},"excerpt":{"rendered":"<p>Eu me lembro como fosse hoje, e n\u00e3o pelo fato em si, mas por tudo o que aconteceu naquela noite de quinta-feira, 16 de mar\u00e7o de 2016. Eu estava a&hellip;<\/p>","protected":false},"author":1,"featured_media":78218,"comment_status":"closed","ping_status":"open","sticky":false,"template":"","format":"standard","meta":{"content-type":"","footnotes":""},"categories":[16],"tags":[123,2448,5313,1267],"class_list":["post-78217","post","type-post","status-publish","format-standard","has-post-thumbnail","hentry","category-noticias","tag-brasil","tag-diario","tag-noticia","tag-noticias"],"_links":{"self":[{"href":"https:\/\/tvbrazilusa.com\/pt\/wp-json\/wp\/v2\/posts\/78217","targetHints":{"allow":["GET"]}}],"collection":[{"href":"https:\/\/tvbrazilusa.com\/pt\/wp-json\/wp\/v2\/posts"}],"about":[{"href":"https:\/\/tvbrazilusa.com\/pt\/wp-json\/wp\/v2\/types\/post"}],"author":[{"embeddable":true,"href":"https:\/\/tvbrazilusa.com\/pt\/wp-json\/wp\/v2\/users\/1"}],"replies":[{"embeddable":true,"href":"https:\/\/tvbrazilusa.com\/pt\/wp-json\/wp\/v2\/comments?post=78217"}],"version-history":[{"count":1,"href":"https:\/\/tvbrazilusa.com\/pt\/wp-json\/wp\/v2\/posts\/78217\/revisions"}],"predecessor-version":[{"id":78219,"href":"https:\/\/tvbrazilusa.com\/pt\/wp-json\/wp\/v2\/posts\/78217\/revisions\/78219"}],"wp:featuredmedia":[{"embeddable":true,"href":"https:\/\/tvbrazilusa.com\/pt\/wp-json\/wp\/v2\/media\/78218"}],"wp:attachment":[{"href":"https:\/\/tvbrazilusa.com\/pt\/wp-json\/wp\/v2\/media?parent=78217"}],"wp:term":[{"taxonomy":"category","embeddable":true,"href":"https:\/\/tvbrazilusa.com\/pt\/wp-json\/wp\/v2\/categories?post=78217"},{"taxonomy":"post_tag","embeddable":true,"href":"https:\/\/tvbrazilusa.com\/pt\/wp-json\/wp\/v2\/tags?post=78217"}],"curies":[{"name":"wp","href":"https:\/\/api.w.org\/{rel}","templated":true}]}}