{"id":78220,"date":"2024-12-18T02:19:25","date_gmt":"2024-12-18T02:19:25","guid":{"rendered":"https:\/\/tvbrazilusa.com\/2024\/12\/18\/homem-de-nova-jersey-abre-processo-federal-de-direitos-civis-contra-pbso-apos-prisao-violenta-capturada-em-video-wsvn-7news-noticias-de-miami-clima-esportes-fort-lauderdale\/"},"modified":"2024-12-18T02:26:12","modified_gmt":"2024-12-18T02:26:12","slug":"homem-de-nova-jersey-abre-processo-federal-de-direitos-civis-contra-pbso-apos-prisao-violenta-capturada-em-video-wsvn-7news-noticias-de-miami-clima-esportes-fort-lauderdale","status":"publish","type":"post","link":"https:\/\/tvbrazilusa.com\/pt\/2024\/12\/18\/homem-de-nova-jersey-abre-processo-federal-de-direitos-civis-contra-pbso-apos-prisao-violenta-capturada-em-video-wsvn-7news-noticias-de-miami-clima-esportes-fort-lauderdale\/","title":{"rendered":"Homem de Nova Jersey abre processo federal de direitos civis contra PBSO ap\u00f3s pris\u00e3o violenta capturada em v\u00eddeo &#8211; WSVN 7News | Not\u00edcias de Miami, clima, esportes | Fort Lauderdale"},"content":{"rendered":"<p> <script async src=\"https:\/\/pagead2.googlesyndication.com\/pagead\/js\/adsbygoogle.js?client=ca-pub-8864793242727901\"\r\n     crossorigin=\"anonymous\"><\/script><br \/>\n<\/p>\n<div itemprop=\"articleBody\">\n<p>WEST PALM BEACH, Fl\u00f3rida. (WSVN) &#8211; Um homem de Nova Jersey est\u00e1 entrando com uma a\u00e7\u00e3o legal depois, disse ele, de v\u00e1rios deputados do Gabinete do Xerife do Condado de Palm Beach terem usado for\u00e7a excessiva ao prend\u00ea-lo.<\/p>\n<p>Os advogados que representam Christopher Connelly disseram que os deputados em quest\u00e3o ultrapassaram os limites quando ele tentou fugir do que seu cliente disse ser uma situa\u00e7\u00e3o desconfort\u00e1vel.<\/p>\n<p>\u201cLembro-me de ter sido atacado, derrubado no ch\u00e3o, e foi isso\u201d, disse Connelly.<\/p>\n<p>Uma a\u00e7\u00e3o federal de direitos civis movida na segunda-feira afirma que Connelly estava visitando sua namorada em Lake Worth em fevereiro passado, quando foi abordado pelos deputados em resposta a uma chamada de uma disputa dom\u00e9stica.<\/p>\n<p>\u201cEle simplesmente queria seus itens, seus pertences \u2013 sua carteira e seu celular\u201d, disse o advogado de direitos civis Adante Pointer.<\/p>\n<p>O v\u00eddeo da c\u00e2mera corporal mostra o reclamante com as m\u00e3os para cima. Seus advogados disseram que ele estava desarmado.<\/p>\n<p>Quando mais deputados apareceram, Connelly tentou fugir.<\/p>\n<p>\u201cEle foi amea\u00e7ado de receber um Tased. Ele foi amea\u00e7ado em rela\u00e7\u00e3o \u00e0 forma como os deputados o cercaram\u201d, disse Pointer. \u201cSua intui\u00e7\u00e3o lhe disse que o perigo estava acontecendo. Infelizmente, essa intui\u00e7\u00e3o se tornou realidade.\u201d:<\/p>\n<p>Os deputados rapidamente derrubaram Connelly e foi ent\u00e3o que, segundo ele, as coisas tomaram um rumo alarmante.<\/p>\n<p>O v\u00eddeo de celular gravado por uma testemunha mostra tr\u00eas deputados \u2013 identificados no processo como Zachary Hall, Christopher Byrne e Vinroy Hylton \u2013 come\u00e7ando a bater em Connelly enquanto ele era jogado no ch\u00e3o, incapaz de se defender.<\/p>\n<p>\u201cOficiais de paz que eram tudo menos pac\u00edficos, que n\u00e3o eram disciplinados, que se comportavam muito mais como um bando de chacais, vigiando suas presas\u201d, disse Pointer.<\/p>\n<p>O processo alega que Connelly sofreu uma les\u00e3o cerebral traum\u00e1tica, bem como outras les\u00f5es de curto e longo prazo que afetaram sua capacidade de trabalhar.<\/p>\n<p>\u201cMeu corpo inteiro doeu. Eu nem sabia o que tinha acontecido\u201d, disse Connelly.<\/p>\n<p>Hall j\u00e1 foi acusado de trair o distintivo antes. Em 2020, ele foi suspenso por tr\u00eas semanas sem remunera\u00e7\u00e3o por m\u00e1 conduta envolvendo \u00e1lcool com duas mulheres menores de 21 anos. Hall e uma das mulheres foram atirados de uma caminhonete PBSO sem identifica\u00e7\u00e3o que outro policial dirigia.<\/p>\n<p>\u201cIsso mostra o lapso de julgamento, a falta de respeito pelo distintivo e, francamente, pelo Estado de direito\u201d, disse Pointer.<\/p>\n<p>Connelly foi acusado de agress\u00e3o e resist\u00eancia \u00e0 pris\u00e3o, mas essas acusa\u00e7\u00f5es foram posteriormente retiradas.<\/p>\n<p><em>Copyright 2024 Sunbeam Television Corp. Todos os direitos reservados. Este material n\u00e3o pode ser publicado, transmitido, reescrito ou redistribu\u00eddo.<\/em><\/p>\n<div class=\"wp-block-newsletter\">\n\t<strong class=\"wp-block-newsletter__title\">Cadastre-se em nosso boletim informativo para receber as \u00faltimas not\u00edcias diretamente em sua caixa de entrada<\/strong><\/p>\n<\/div><\/div>\n<p><br \/>\n<br \/><a href=\"https:\/\/wsvn.com\/news\/local\/florida\/new-jersey-man-files-federal-civil-rights-lawsuit-against-pbso-after-rough-arrest-caught-on-video\/\">Source link <\/a><\/p>","protected":false},"excerpt":{"rendered":"<p>WEST PALM BEACH, Fl\u00f3rida. (WSVN) &#8211; Um homem de Nova Jersey est\u00e1 entrando com uma a\u00e7\u00e3o legal depois, disse ele, de v\u00e1rios deputados do Gabinete do Xerife do Condado de&hellip;<\/p>","protected":false},"author":1,"featured_media":78221,"comment_status":"closed","ping_status":"open","sticky":false,"template":"","format":"standard","meta":{"content-type":"","footnotes":""},"categories":[1],"tags":[],"class_list":["post-78220","post","type-post","status-publish","format-standard","has-post-thumbnail","hentry","category-uncategorized"],"_links":{"self":[{"href":"https:\/\/tvbrazilusa.com\/pt\/wp-json\/wp\/v2\/posts\/78220","targetHints":{"allow":["GET"]}}],"collection":[{"href":"https:\/\/tvbrazilusa.com\/pt\/wp-json\/wp\/v2\/posts"}],"about":[{"href":"https:\/\/tvbrazilusa.com\/pt\/wp-json\/wp\/v2\/types\/post"}],"author":[{"embeddable":true,"href":"https:\/\/tvbrazilusa.com\/pt\/wp-json\/wp\/v2\/users\/1"}],"replies":[{"embeddable":true,"href":"https:\/\/tvbrazilusa.com\/pt\/wp-json\/wp\/v2\/comments?post=78220"}],"version-history":[{"count":1,"href":"https:\/\/tvbrazilusa.com\/pt\/wp-json\/wp\/v2\/posts\/78220\/revisions"}],"predecessor-version":[{"id":78222,"href":"https:\/\/tvbrazilusa.com\/pt\/wp-json\/wp\/v2\/posts\/78220\/revisions\/78222"}],"wp:featuredmedia":[{"embeddable":true,"href":"https:\/\/tvbrazilusa.com\/pt\/wp-json\/wp\/v2\/media\/78221"}],"wp:attachment":[{"href":"https:\/\/tvbrazilusa.com\/pt\/wp-json\/wp\/v2\/media?parent=78220"}],"wp:term":[{"taxonomy":"category","embeddable":true,"href":"https:\/\/tvbrazilusa.com\/pt\/wp-json\/wp\/v2\/categories?post=78220"},{"taxonomy":"post_tag","embeddable":true,"href":"https:\/\/tvbrazilusa.com\/pt\/wp-json\/wp\/v2\/tags?post=78220"}],"curies":[{"name":"wp","href":"https:\/\/api.w.org\/{rel}","templated":true}]}}