{"id":78250,"date":"2024-12-18T03:31:21","date_gmt":"2024-12-18T03:31:21","guid":{"rendered":"https:\/\/tvbrazilusa.com\/2024\/12\/18\/somerville-elimina-todos-os-minimos-de-estacionamento-para-novos-empreendimentos\/"},"modified":"2024-12-18T03:40:36","modified_gmt":"2024-12-18T03:40:36","slug":"somerville-elimina-todos-os-minimos-de-estacionamento-para-novos-empreendimentos","status":"publish","type":"post","link":"https:\/\/tvbrazilusa.com\/pt\/2024\/12\/18\/somerville-elimina-todos-os-minimos-de-estacionamento-para-novos-empreendimentos\/","title":{"rendered":"Somerville elimina todos os m\u00ednimos de estacionamento para novos empreendimentos"},"content":{"rendered":"<p> <script async src=\"https:\/\/pagead2.googlesyndication.com\/pagead\/js\/adsbygoogle.js?client=ca-pub-8864793242727901\"\r\n     crossorigin=\"anonymous\"><\/script><br \/>\n<\/p>\n<div id=\"\">\n<header class=\"m-article-header m-article-header--standard\">\n\t\t\t\t\t\t\t\t\t\t\t\t<span id=\"article-header-primary-term\"><br \/>\n\t\t\t\t\t\t\t\t<a class=\"a-term a-term--primary\" href=\"https:\/\/www.boston.com\/tag\/local-news\/\"><\/p>\n<p>\t\t\t\t\t\t\t\tNot\u00edcias locais\t\t\t\t\t\t\t\t<\/a><br \/>\n\t\t\t\t\t\t\t<\/span><\/p>\n<h2 class=\"m-article-header__sub-headline\">Em 2019, a cidade votou pela revoga\u00e7\u00e3o dos m\u00ednimos de estacionamento perto das paradas de tr\u00e2nsito da MBTA, que representam a maior parte de Somerville.<\/h2>\n<figure class=\"a-photo m-article-header__photo\"><figcaption class=\"a-photo__caption\">\n<p>\tA placa em frente \u00e0 Prefeitura de Somerville, em Somerville.<em> Kayla Bartkowski Para <\/em>\t<\/figcaption><\/figure>\n<\/header>\n<p>Somerville eliminar\u00e1 completamente os requisitos m\u00ednimos de estacionamento que for\u00e7am habita\u00e7\u00f5es e outros incorporadores a construir com um certo n\u00famero de vagas \u2013 uma reforma de zoneamento que prioriza os usu\u00e1rios do transporte p\u00fablico e pode reduzir os custos de constru\u00e7\u00e3o de moradias. <\/p>\n<p>Em 2019, a cidade de Somerville j\u00e1 aprovou o zoneamento para revogar os requisitos m\u00ednimos de estacionamento \u201cpara a maior parte da cidade\u201d, <a href=\"https:\/\/www.somervillema.gov\/news\/somerville-city-council-administration-pass-citys-first-zoning-overhaul-30-years\">disse na \u00e9poca<\/a>. <\/p>\n<p>A mais nova portaria foi aprovada por unanimidade, com aus\u00eancia de um vereador na \u00faltima quinta-feira. A portaria afeta \u201capenas a pequena parte da cidade que ainda n\u00e3o est\u00e1 em uma \u00e1rea de tr\u00e2nsito\u201d, disse o conselheiro geral Jake Wilson na reuni\u00e3o.<\/p>\n<p>Somerville se junta a sua vizinha Cambridge na remo\u00e7\u00e3o de todos os estacionamentos m\u00ednimos. A C\u00e2mara Municipal de Cambridge foi a primeira a votar em 2022 para remover todas as obriga\u00e7\u00f5es de estacionamento fora da rua para novos empreendimentos, embora os construtores ainda possam incluir vagas de estacionamento, <em>O Globo de Boston<\/em> <a href=\"https:\/\/www.bostonglobe.com\/2022\/10\/25\/business\/no-more-parking-mandates-new-buildings-cambridge\/\">relatado<\/a>.<\/p>\n<p>Antes da aprova\u00e7\u00e3o, os vereadores abordaram a necessidade crescente de estacionamento acess\u00edvel para pessoas com defici\u00eancia. O vereador Jesse Cligan disse que apenas 200 das 30.000 vagas da cidade s\u00e3o dedicadas ao estacionamento para deficientes, e Wilson disse que trabalharia com a Comiss\u00e3o para Pessoas com Defici\u00eancia para aumentar o estacionamento. <\/p>\n<h3 class=\"wp-block-heading\" id=\"h-accessible-parking-still-needed-while-the-repeal-could-support-housing\">Ainda \u00e9 necess\u00e1rio estacionamento acess\u00edvel, enquanto a revoga\u00e7\u00e3o poderia apoiar a habita\u00e7\u00e3o<\/h3>\n<p>O presidente da C\u00e2mara Municipal, Ben Ewen-Campen, disse ao <em><a href=\"https:\/\/commonwealthbeacon.org\/government\/parking-minimums-topple-in-somerville\/\">Farol da Commonwealth<\/a><\/em>  que adicionar mais estacionamento n\u00e3o resolve o congestionamento e o tr\u00e1fego. Ele disse que novos estacionamentos ainda ser\u00e3o constru\u00eddos, mas n\u00e3o ser\u00e3o ditados pela cidade.<\/p>\n<p>\u201cDev\u00edamos permitir que as pessoas que realmente entendem de quanto estacionamento v\u00e3o precisar \u2013 seja o propriet\u00e1rio ou algu\u00e9m que est\u00e1 construindo um novo pr\u00e9dio de laborat\u00f3rio \u2013 descubram quanto estacionamento realmente precisam e construam-no\u201d, ele disse ao <em>Baliza<\/em>.<\/p>\n<p>O vereador de Somerville, Willie Burnley Jr., disse \u00e0 NBC10 Boston que os m\u00ednimos obrigat\u00f3rios de estacionamento afetam os pre\u00e7os das moradias para incorporadores e residentes.<\/p>\n<p>\u201cOs dados mostram que os m\u00ednimos de estacionamento obrigat\u00f3rios aumentam o custo do desenvolvimento, especialmente para promotores de habita\u00e7\u00e3o a pre\u00e7os acess\u00edveis\u201d, Burley <a href=\"https:\/\/www.nbcboston.com\/news\/local\/somerville-removes-requirement-that-new-developments-provide-off-street-parking\/3580289\/\">disse \u00e0 esta\u00e7\u00e3o de not\u00edcias<\/a>. \u201cTemos que garantir que nossos residentes que amam nossa comunidade tenham condi\u00e7\u00f5es de permanecer nela. Sabemos que isso render\u00e1 dividendos no futuro, de maneiras muito sutis, que tornar\u00e3o Somerville mais habit\u00e1vel para todos.\u201d<\/p>\n<p>Em Boston, a prefeita Michelle Wu eliminou os m\u00ednimos de estacionamento para conjuntos habitacionais acess\u00edveis em Boston em 2021, o que <a href=\"https:\/\/www.bostonplans.org\/news-calendar\/news-updates\/2021\/12\/22\/mayor-wu-eliminates-parking-minimums-for-affordabl\">ela disse que iria<\/a> \u201cderrubar barreiras \u00e0 cria\u00e7\u00e3o de novas habita\u00e7\u00f5es acess\u00edveis em toda a cidade.\u201d<\/p>\n<div class=\"o-author-single has-avatar\">\n<header class=\"m-author-card\">\n<div class=\"a-image a-image--square m-author-card__image\">\n\t\t<img decoding=\"async\" class=\"\" src=\"https:\/\/www.boston.com\/wp-content\/uploads\/2024\/10\/cropped-molly-farrar-6707200226887-6707200bea6c0-242x242.jpg\" alt=\"Imagem do perfil de Molly Farrar\"\/>\t<\/div>\n<\/header>\n<section class=\"author-info\">\n<div class=\"m-author__section\">\n<p>Molly Farrar \u00e9 rep\u00f3rter geral do Boston.com, com foco em educa\u00e7\u00e3o, pol\u00edtica, crime e muito mais.<\/p>\n<\/div>\n<\/section>\n<\/div>\n<div class=\"m-block m-generic-cta\t m-generic-cta--post-content\t m-generic-cta--dark\t m-generic-cta--homepage\t m-generic-cta--email-signup\t\t m-generic-cta-block-style--default \tt-amp__generic-cta\"><\/p>\n<div class=\"m-generic-cta__wrap\">\n<div class=\"m-generic-cta__content\">\n<h3 class=\"m-generic-cta__title\">Boston.com hoje<\/h3>\n<p class=\"m-generic-cta__subtitle\">Inscreva-se para receber as \u00faltimas manchetes em sua caixa de entrada todas as manh\u00e3s.<\/p>\n<\/p><\/div>\n<\/p><\/div>\n<\/div><\/div>\n<p><script>\n\t\tvar consent=\"grant\";\n\t\t\/* The above code is parsing the JSON data from the local storage and storing it in a variable. *\/\n\t\t\t\t\tconst onetrustStorageConsent = JSON.parse(localStorage.getItem( 'consent_one_trust_bdc' ) );\n\t\t\tif ( ( onetrustStorageConsent !== null ) ) {\n\t\t\t\t\/* Checking to see if the user has consented to the use of cookies.\n\t\t\t\t* If they have not, it is deleting the cookie.\n\t\t\t\t* This will comment for now, until further notice.\n\t\t\t\t*\/\n\t\t\t\t\/\/if ( onetrustStorageConsent.C0002 === false ) {\n\t\t\t\t\/\/\tdocument.cookie=\"_fbp=;expires=Thu, 01 Jan 2010 00:00:00 UTC; path=\/; domain=.boston.com\";\n\t\t\t\t\/\/}\n\t\t\t\t\/* Checking if the user has given consent for the cookie C0002.\n\t\t\t\t* If the user has given consent, the variable consent will be set to 'grant'.\n\t\t\t\t* If the user has not given consent,the variable consent will be set to 'revoke'.\n\t\t\t\t* Documentation https:\/\/developers.facebook.com\/docs\/meta-pixel\/implementation\/gdpr\n\t\t\t\t*\/\n\t\t\t\tif ( onetrustStorageConsent.C0002 !== true ) {\n\t\t\t\t\tconsent=\"revoke\";\n\t\t\t\t}\n\t\t\t}\n\t\t\t\t!function(f,b,e,v,n,t,s)\n\t\t{if(f.fbq)return;n=f.fbq=function(){n.callMethod?\n\t\tn.callMethod.apply(n,arguments):n.queue.push(arguments)};\n\t\tif(!f._fbq)f._fbq=n;n.push=n;n.loaded=!0;n.version='2.0';\n\t\tn.queue=[];t=b.createElement(e);t.async=!0;\n\t\tt.src=v;s=b.getElementsByTagName(e)[0];\n\t\ts.parentNode.insertBefore(t,s)}(window, document,'script',\n\t\t'https:\/\/connect.facebook.net\/en_US\/fbevents.js');\n\t\tfbq('consent', consent);\n\t\tfbq('init', '989222871864976');\n\t\tfbq('track', 'PageView');\n\t<\/script><script type=\"module\">\n\t\tvar consent=\"grant\";\n\t\t\/* The above code is parsing the JSON data from the local storage and storing it in a variable. *\/\n\t\t\tconst onetrustStorageConsent = JSON.parse(localStorage.getItem( 'consent_one_trust_bdc' ) );\n\t\t\t\/* Checking to see if the user has consented to the use of cookies.\n\t\t\t* If they have not, it is deleting the cookie.\n\t\t\t* This will comment for now, until further notice.\n\t\t\t*\/\n\t\t\t\/\/if ( onetrustStorageConsent.C0002 === false ) {\n\t\t\t\/\/\tdocument.cookie=\"_fbp=;expires=Thu, 01 Jan 2010 00:00:00 UTC; path=\/; domain=.boston.com\";\n\t\t\t\/\/}\n\t\t\t\/* Checking if the user has given consent for the cookie C0002.\n\t\t\t* If the user has given consent, the variable consent will be set to 'grant'.\n\t\t\t* If the user has not given consent,the variable consent will be set to 'revoke'.\n\t\t\t* Documentation https:\/\/developers.facebook.com\/docs\/meta-pixel\/implementation\/gdpr\n\t\t\t*\/\n\t\t\tif ( ( onetrustStorageConsent !== null ) && (onetrustStorageConsent.C0002 !== true ) ) {\n\t\t\t\tconsent=\"revoke\";\n\t\t\t}\n\t\t\t\t!function(f,b,e,v,n,t,s){if(f.fbq)return;n=f.fbq=function()\n\t\t{n.callMethod? n.callMethod.apply(n,arguments):n.queue.push(arguments)}\n\t\t;if(!f._fbq)f._fbq=n;\n\t\tn.push=n;n.loaded=!0;n.version='2.0';n.queue=[];t=b.createElement(e);t.async=!0;\n\t\tt.src=v;s=b.getElementsByTagName(e)[0];s.parentNode.insertBefore(t,s)}(window,\n\t\tdocument,'script','https:\/\/connect.facebook.net\/en_US\/fbevents.js');\n\t\tfbq('consent', consent);\n\t\tfbq('init', '813236348753005');\n\t\tfbq('track', \"PageView\");\n\t<\/script><br \/>\n<br \/><br \/>\n<br \/><a href=\"https:\/\/www.boston.com\/news\/local-news\/2024\/12\/17\/somerville-eliminates-all-parking-minimums-for-new-developments\/\">Source link <\/a><\/p>","protected":false},"excerpt":{"rendered":"<p>Not\u00edcias locais Em 2019, a cidade votou pela revoga\u00e7\u00e3o dos m\u00ednimos de estacionamento perto das paradas de tr\u00e2nsito da MBTA, que representam a maior parte de Somerville. A placa em&hellip;<\/p>","protected":false},"author":1,"featured_media":78251,"comment_status":"closed","ping_status":"open","sticky":false,"template":"","format":"standard","meta":{"content-type":"","footnotes":""},"categories":[1],"tags":[],"class_list":["post-78250","post","type-post","status-publish","format-standard","has-post-thumbnail","hentry","category-uncategorized"],"_links":{"self":[{"href":"https:\/\/tvbrazilusa.com\/pt\/wp-json\/wp\/v2\/posts\/78250","targetHints":{"allow":["GET"]}}],"collection":[{"href":"https:\/\/tvbrazilusa.com\/pt\/wp-json\/wp\/v2\/posts"}],"about":[{"href":"https:\/\/tvbrazilusa.com\/pt\/wp-json\/wp\/v2\/types\/post"}],"author":[{"embeddable":true,"href":"https:\/\/tvbrazilusa.com\/pt\/wp-json\/wp\/v2\/users\/1"}],"replies":[{"embeddable":true,"href":"https:\/\/tvbrazilusa.com\/pt\/wp-json\/wp\/v2\/comments?post=78250"}],"version-history":[{"count":1,"href":"https:\/\/tvbrazilusa.com\/pt\/wp-json\/wp\/v2\/posts\/78250\/revisions"}],"predecessor-version":[{"id":78252,"href":"https:\/\/tvbrazilusa.com\/pt\/wp-json\/wp\/v2\/posts\/78250\/revisions\/78252"}],"wp:featuredmedia":[{"embeddable":true,"href":"https:\/\/tvbrazilusa.com\/pt\/wp-json\/wp\/v2\/media\/78251"}],"wp:attachment":[{"href":"https:\/\/tvbrazilusa.com\/pt\/wp-json\/wp\/v2\/media?parent=78250"}],"wp:term":[{"taxonomy":"category","embeddable":true,"href":"https:\/\/tvbrazilusa.com\/pt\/wp-json\/wp\/v2\/categories?post=78250"},{"taxonomy":"post_tag","embeddable":true,"href":"https:\/\/tvbrazilusa.com\/pt\/wp-json\/wp\/v2\/tags?post=78250"}],"curies":[{"name":"wp","href":"https:\/\/api.w.org\/{rel}","templated":true}]}}