{"id":78314,"date":"2024-12-18T10:02:47","date_gmt":"2024-12-18T10:02:47","guid":{"rendered":"https:\/\/tvbrazilusa.com\/2024\/12\/18\/miriam-leitao-tenta-justificar-alta-do-dolar-colocando-a-culpa-em-bolsonaro-veja-video\/"},"modified":"2024-12-18T10:02:51","modified_gmt":"2024-12-18T10:02:51","slug":"miriam-leitao-tenta-justificar-alta-do-dolar-colocando-a-culpa-em-bolsonaro-veja-video","status":"publish","type":"post","link":"https:\/\/tvbrazilusa.com\/pt\/2024\/12\/18\/miriam-leitao-tenta-justificar-alta-do-dolar-colocando-a-culpa-em-bolsonaro-veja-video\/","title":{"rendered":"Miriam Leit\u00e3o tenta justificar alta do d\u00f3lar colocando a culpa em Bolsonaro; VEJA V\u00cdDEO"},"content":{"rendered":"<p> <script async src=\"https:\/\/pagead2.googlesyndication.com\/pagead\/js\/adsbygoogle.js?client=ca-pub-8864793242727901\"\r\n     crossorigin=\"anonymous\"><\/script><br \/>\n<\/p>\n<div id=\"taboola-read-more\" style=\"display:block; width:100%\">\n<p>\u201cN\u00e3o h\u00e1 esse fim de mundo que o mercado v\u00ea. O governo Bolsonaro pedalou\u201d\n<\/p>\n<p>ASSISTA:<\/p>\n<blockquote class=\"twitter-tweet\" data-media-max-width=\"560\">\n<p dir=\"ltr\" lang=\"pt\">\ud83d\udea8URGENTE &#8211; Miriam Leit\u00e3o tenta justificar alta do d\u00f3lar colocando a culpa no Bolsonaro! <\/p>\n<p>\u201cN\u00e3o h\u00e1 esse fim de mundo que o mercado v\u00ea. O governo Bolsonaro pedalou\u201d <a href=\"https:\/\/t.co\/18FwgxjvBK\">pic.twitter.com\/18FwgxjvBK<\/a><br \/>\n\u2014 SPACE LIBERDADE \uea00 (@NewsLiberdade) <a href=\"https:\/\/twitter.com\/NewsLiberdade\/status\/1869059911981596928?ref_src=twsrc%5Etfw\">December 17, 2024<\/a><\/p>\n<\/blockquote>\n<\/div>\n<p><script async src=\"\/\/platform.twitter.com\/widgets.js\" charset=\"utf-8\"><\/script><br \/>\n<br \/><br \/>\n<br \/><a href=\"https:\/\/diariodobrasilnoticias.com.br\/noticia\/miriam-leitao-tenta-justificar-alta-do-dolar-colocando-a-culpa-no-bolsonaro-veja-video-67629cbfad45f\">Source link <\/a><\/p>","protected":false},"excerpt":{"rendered":"<p>\u201cN\u00e3o h\u00e1 esse fim de mundo que o mercado v\u00ea. O governo Bolsonaro pedalou\u201d ASSISTA: \ud83d\udea8URGENTE &#8211; Miriam Leit\u00e3o tenta justificar alta do d\u00f3lar colocando a culpa no Bolsonaro! \u201cN\u00e3o&hellip;<\/p>","protected":false},"author":1,"featured_media":78315,"comment_status":"closed","ping_status":"open","sticky":false,"template":"","format":"standard","meta":{"content-type":"","footnotes":""},"categories":[16],"tags":[123,2448,5313,1267],"class_list":["post-78314","post","type-post","status-publish","format-standard","has-post-thumbnail","hentry","category-noticias","tag-brasil","tag-diario","tag-noticia","tag-noticias"],"_links":{"self":[{"href":"https:\/\/tvbrazilusa.com\/pt\/wp-json\/wp\/v2\/posts\/78314","targetHints":{"allow":["GET"]}}],"collection":[{"href":"https:\/\/tvbrazilusa.com\/pt\/wp-json\/wp\/v2\/posts"}],"about":[{"href":"https:\/\/tvbrazilusa.com\/pt\/wp-json\/wp\/v2\/types\/post"}],"author":[{"embeddable":true,"href":"https:\/\/tvbrazilusa.com\/pt\/wp-json\/wp\/v2\/users\/1"}],"replies":[{"embeddable":true,"href":"https:\/\/tvbrazilusa.com\/pt\/wp-json\/wp\/v2\/comments?post=78314"}],"version-history":[{"count":1,"href":"https:\/\/tvbrazilusa.com\/pt\/wp-json\/wp\/v2\/posts\/78314\/revisions"}],"predecessor-version":[{"id":78316,"href":"https:\/\/tvbrazilusa.com\/pt\/wp-json\/wp\/v2\/posts\/78314\/revisions\/78316"}],"wp:featuredmedia":[{"embeddable":true,"href":"https:\/\/tvbrazilusa.com\/pt\/wp-json\/wp\/v2\/media\/78315"}],"wp:attachment":[{"href":"https:\/\/tvbrazilusa.com\/pt\/wp-json\/wp\/v2\/media?parent=78314"}],"wp:term":[{"taxonomy":"category","embeddable":true,"href":"https:\/\/tvbrazilusa.com\/pt\/wp-json\/wp\/v2\/categories?post=78314"},{"taxonomy":"post_tag","embeddable":true,"href":"https:\/\/tvbrazilusa.com\/pt\/wp-json\/wp\/v2\/tags?post=78314"}],"curies":[{"name":"wp","href":"https:\/\/api.w.org\/{rel}","templated":true}]}}