{"id":78328,"date":"2024-12-18T10:41:04","date_gmt":"2024-12-18T10:41:04","guid":{"rendered":"https:\/\/tvbrazilusa.com\/2024\/12\/18\/corpo-em-adiantado-estado-de-decomposicao-e-achado-em-telhado-de-casa\/"},"modified":"2024-12-18T10:41:06","modified_gmt":"2024-12-18T10:41:06","slug":"corpo-em-adiantado-estado-de-decomposicao-e-achado-em-telhado-de-casa","status":"publish","type":"post","link":"https:\/\/tvbrazilusa.com\/pt\/2024\/12\/18\/corpo-em-adiantado-estado-de-decomposicao-e-achado-em-telhado-de-casa\/","title":{"rendered":"Corpo em adiantado estado de decomposi\u00e7\u00e3o \u00e9 achado em telhado de casa"},"content":{"rendered":"<p> <script async src=\"https:\/\/pagead2.googlesyndication.com\/pagead\/js\/adsbygoogle.js?client=ca-pub-8864793242727901\"\r\n     crossorigin=\"anonymous\"><\/script><br \/>\n<\/p>\n<div id=\"taboola-read-more\" style=\"display:block; width:100%\">\n<p>O corpo de um homem em adiantado estado de decomposi\u00e7\u00e3o foi encontrado na tarde desta ter\u00e7a-feira (17) em cima do telhado de uma casa na Rua Altino Arantes, no Jardim Sumar\u00e9, regi\u00e3o do Boulevard, em Ribeir\u00e3o Preto (SP).\n<\/p>\n<div id=\"chunk-5vrb3\">\n<div class=\"mc-column content-text active-extra-styles\" data-block-type=\"unstyled\" data-block-weight=\"46\" data-block-id=\"5\">\n<p class=\"content-text__container\" data-track-category=\"Link no Texto\" data-track-links=\"\" data-mrf-recirculation=\"Mat\u00e9ria - Links no Texto\">Testemunhas disseram que um t\u00e9cnico em ar-condicionado descobriu o corpo depois que subiu no telhado de um escrit\u00f3rio vizinho para dar manuten\u00e7\u00e3o nos equipamentos. Ele tinha sido chamado porque os funcion\u00e1rios sentiram um cheiro forte e acreditavam que vinha dos aparelhos.<\/p>\n<\/div>\n<\/div>\n<div id=\"chunk-fvalh\">\n<div class=\"mc-column content-text active-extra-styles\" data-block-type=\"unstyled\" data-block-weight=\"27\" data-block-id=\"6\">\n<p class=\"content-text__container\" data-track-category=\"Link no Texto\" data-track-links=\"\" data-mrf-recirculation=\"Mat\u00e9ria - Links no Texto\">O Corpo de Bombeiros foi chamado ao local. Segundo o sargento Elton Laurindo da Silva, o homem aparentava estar h\u00e1 pelo menos tr\u00eas dias no local.\n<\/p>\n<\/div>\n<\/div>\n<div id=\"chunk-fegve\">\n<div class=\"mc-column content-text active-extra-styles\" data-block-type=\"unstyled\" data-block-weight=\"21\" data-block-id=\"8\">\n<p class=\"content-text__container\" data-track-category=\"Link no Texto\" data-track-links=\"\" data-mrf-recirculation=\"Mat\u00e9ria - Links no Texto\">Foi preciso usar uma roupa especial, inclusive com m\u00e1scaras de oxig\u00eanio, para manusear o cad\u00e1ver e fazer a remo\u00e7\u00e3o dele.\n<\/p>\n<\/div>\n<\/div>\n<div id=\"chunk-evd47\">\n<div class=\"mc-column content-text active-extra-styles\" data-block-type=\"unstyled\" data-block-weight=\"46\" data-block-id=\"9\">\n<p class=\"content-text__container\" data-track-category=\"Link no Texto\" data-track-links=\"\" data-mrf-recirculation=\"Mat\u00e9ria - Links no Texto\">\u201cN\u00e3o havia sinais se ele passou mal e caiu em cima do telhado, se passou mal, sofreu algum trauma e faleceu. H\u00e1 mais ou menos uns tr\u00eas dias estava no local. \u00c9 dif\u00edcil determinar [a causa da morte] pelo estado que estava o corpo\u201d, diz Silva.\n<\/p>\n<\/div>\n<\/div>\n<div id=\"chunk-8gcv9\">\n<div class=\"mc-column content-text active-extra-styles\" data-block-type=\"unstyled\" data-block-weight=\"25\" data-block-id=\"10\">\n<p class=\"content-text__container\" data-track-category=\"Link no Texto\" data-track-links=\"\" data-mrf-recirculation=\"Mat\u00e9ria - Links no Texto\">Uma equipe da per\u00edcia esteve no local para analisar a cena e recolher elementos que possam ajudar a pol\u00edcia a entender o que aconteceu.\n<\/p>\n<\/div>\n<\/div>\n<div id=\"chunk-f371j\">\n<div class=\"mc-column content-text active-extra-styles\" data-block-type=\"unstyled\" data-block-weight=\"9\" data-block-id=\"11\">\n<p class=\"content-text__container\" data-track-category=\"Link no Texto\" data-track-links=\"\" data-mrf-recirculation=\"Mat\u00e9ria - Links no Texto\">O homem foi encaminhado ao Instituto M\u00e9dico Legal (IML).\n<\/p>\n<p class=\"content-text__container\" data-track-category=\"Link no Texto\" data-track-links=\"\" data-mrf-recirculation=\"Mat\u00e9ria - Links no Texto\">\u00a0\n<\/p>\n<p class=\"content-text__container\" data-track-category=\"Link no Texto\" data-track-links=\"\" data-mrf-recirculation=\"Mat\u00e9ria - Links no Texto\">Fonte: g1\n<\/p>\n<\/div>\n<\/div><\/div>\n<p><br \/>\n<br \/><a href=\"https:\/\/diariodobrasilnoticias.com.br\/noticia\/corpo-em-adiantado-estado-de-decomposicao-e-achado-em-telhado-de-casa-6762a2f79d034\">Source link <\/a><\/p>","protected":false},"excerpt":{"rendered":"<p>O corpo de um homem em adiantado estado de decomposi\u00e7\u00e3o foi encontrado na tarde desta ter\u00e7a-feira (17) em cima do telhado de uma casa na Rua Altino Arantes, no Jardim&hellip;<\/p>","protected":false},"author":1,"featured_media":78329,"comment_status":"closed","ping_status":"open","sticky":false,"template":"","format":"standard","meta":{"content-type":"","footnotes":""},"categories":[16],"tags":[123,2448,5313,1267],"class_list":["post-78328","post","type-post","status-publish","format-standard","has-post-thumbnail","hentry","category-noticias","tag-brasil","tag-diario","tag-noticia","tag-noticias"],"_links":{"self":[{"href":"https:\/\/tvbrazilusa.com\/pt\/wp-json\/wp\/v2\/posts\/78328","targetHints":{"allow":["GET"]}}],"collection":[{"href":"https:\/\/tvbrazilusa.com\/pt\/wp-json\/wp\/v2\/posts"}],"about":[{"href":"https:\/\/tvbrazilusa.com\/pt\/wp-json\/wp\/v2\/types\/post"}],"author":[{"embeddable":true,"href":"https:\/\/tvbrazilusa.com\/pt\/wp-json\/wp\/v2\/users\/1"}],"replies":[{"embeddable":true,"href":"https:\/\/tvbrazilusa.com\/pt\/wp-json\/wp\/v2\/comments?post=78328"}],"version-history":[{"count":1,"href":"https:\/\/tvbrazilusa.com\/pt\/wp-json\/wp\/v2\/posts\/78328\/revisions"}],"predecessor-version":[{"id":78330,"href":"https:\/\/tvbrazilusa.com\/pt\/wp-json\/wp\/v2\/posts\/78328\/revisions\/78330"}],"wp:featuredmedia":[{"embeddable":true,"href":"https:\/\/tvbrazilusa.com\/pt\/wp-json\/wp\/v2\/media\/78329"}],"wp:attachment":[{"href":"https:\/\/tvbrazilusa.com\/pt\/wp-json\/wp\/v2\/media?parent=78328"}],"wp:term":[{"taxonomy":"category","embeddable":true,"href":"https:\/\/tvbrazilusa.com\/pt\/wp-json\/wp\/v2\/categories?post=78328"},{"taxonomy":"post_tag","embeddable":true,"href":"https:\/\/tvbrazilusa.com\/pt\/wp-json\/wp\/v2\/tags?post=78328"}],"curies":[{"name":"wp","href":"https:\/\/api.w.org\/{rel}","templated":true}]}}