{"id":78331,"date":"2024-12-18T10:53:26","date_gmt":"2024-12-18T10:53:26","guid":{"rendered":"https:\/\/tvbrazilusa.com\/2024\/12\/18\/ex-bc-alerta-ao-ww-sobre-perspectiva-de-inflacao-ainda-mais-alta-em-2025\/"},"modified":"2024-12-18T10:53:29","modified_gmt":"2024-12-18T10:53:29","slug":"ex-bc-alerta-ao-ww-sobre-perspectiva-de-inflacao-ainda-mais-alta-em-2025","status":"publish","type":"post","link":"https:\/\/tvbrazilusa.com\/pt\/2024\/12\/18\/ex-bc-alerta-ao-ww-sobre-perspectiva-de-inflacao-ainda-mais-alta-em-2025\/","title":{"rendered":"Ex-BC alerta ao WW sobre perspectiva de infla\u00e7\u00e3o ainda mais alta em 2025"},"content":{"rendered":"<p> <script async src=\"https:\/\/pagead2.googlesyndication.com\/pagead\/js\/adsbygoogle.js?client=ca-pub-8864793242727901\"\r\n     crossorigin=\"anonymous\"><\/script><br \/>\n<\/p>\n<div id=\"taboola-read-more\" style=\"display:block; width:100%\">\n<p>Ao olhar para o cen\u00e1rio atual da economia brasileira, Jos\u00e9 J\u00falio Senna, ex-diretor de D\u00edvida P\u00fablica e Mercado Aberto do Banco Central (BC), disse ao WW que n\u00e3o enxerga outro destino que n\u00e3o seja a alta da infla\u00e7\u00e3o.\n<\/p>\n<p>Em 2023, o \u00cdndice de Pre\u00e7os ao Consumidor Amplo (IPCA) encerrou o ano em alta de 4,62%. O resultado ficou abaixo do teto da meta perseguida pelo BC pela primeira vez desde 2020.<\/p>\n<p>Por\u00e9m, para 2024, o mercado passou a precificar alta de 4,89% \u2013 resultado que estoura o limite de 4,5% -, segundo o boletim Focus divulgado na segunda-feira (16).\n<\/p>\n<p>\u201cA infla\u00e7\u00e3o est\u00e1 em trajet\u00f3ria ascendente. Estamos caminhando para algo superior em 2025\u201d, afirmou Senna no WW desta ter\u00e7a-feira (17).\n<\/p>\n<p>Domin\u00e2ncia fiscal<br \/>Levando a economia do pa\u00eds por esse caminho, v\u00e3o, de m\u00e3os dadas, o c\u00e2mbio deteriorado e os gastos p\u00fablicos elevados.\n<\/p>\n<p>Nesta ter\u00e7a, o d\u00f3lar voltou a fechar em patamar recorde, em cerca de R$ 6,10. Ao longo do dia, chegou a tocar a marca de R$ 6,20.\n<\/p>\n<p>A alta ficou menos expressiva ap\u00f3s sinaliza\u00e7\u00f5es positivas sobre o andamento do pacote fiscal no Congresso e interven\u00e7\u00e3o do BC no mercado de c\u00e2mbio.\n<\/p>\n<p>Ap\u00f3s o governo apresentar um pacote fiscal no final de novembro, a avalia\u00e7\u00e3o foi de que, al\u00e9m de demorado, o conjunto de medidas teria sido superestimado pela equipe econ\u00f4mica e seria insuficiente para conter a d\u00edvida.\n<\/p>\n<p>Os juros b\u00e1sicos do pa\u00eds se encontram atualmente no patamar de 12,25% ao ano. Ainda assim, Senna observa que a infla\u00e7\u00e3o n\u00e3o mostra sinais claros de controle.\n<\/p>\n<p>Desse modo, o ex-BC aponta que o Brasil j\u00e1 \u201candou um bom peda\u00e7o\u201d rumo \u00e0 domin\u00e2ncia fiscal.\n<\/p>\n<p>Os economistas definem dois regimes poss\u00edveis para a economia de um pa\u00eds: um de domin\u00e2ncia monet\u00e1ria, no qual os juros projetam os efeitos esperados como controle da demanda e, consequentemente, dos pre\u00e7os; o outro de domin\u00e2ncia fiscal, no qual esses resultados n\u00e3o acontecem devido o ritmo acelerado dos gastos p\u00fablicos.\n<\/p>\n<p>\u201cNesse cabo de guerra, o fiscal para um lado e o monet\u00e1rio para o outro, o que importa \u00e9 o resultado l\u00edquido. Mas o governo n\u00e3o tem nenhuma disposi\u00e7\u00e3o de fazer o que tem que ser feito, e o Congresso dificilmente vai fazer o que o poder Executivo nao est\u00e1 a fim de fazer, a\u00ed fica tudo nas costas do Banco Central\u201d, pondera Senna.\n<\/p>\n<p>\u201cVai sobrar para o Banco Central, e ele sozinho n\u00e3o consegue resolver essa parada. Uma hora vai cansar, e a\u00ed estaremos na domin\u00e2ncia fiscal\u201d, conclui.7<\/p>\n<p>Fonte: CNN Brasil              <\/p>\n<\/div>\n<p><br \/>\n<br \/><a href=\"https:\/\/diariodobrasilnoticias.com.br\/noticia\/ex-bc-alerta-ao-ww-sobre-perspectiva-de-inflacao-ainda-mais-alta-em-2025-6762a413bb819\">Source link <\/a><\/p>","protected":false},"excerpt":{"rendered":"<p>Ao olhar para o cen\u00e1rio atual da economia brasileira, Jos\u00e9 J\u00falio Senna, ex-diretor de D\u00edvida P\u00fablica e Mercado Aberto do Banco Central (BC), disse ao WW que n\u00e3o enxerga outro&hellip;<\/p>","protected":false},"author":1,"featured_media":78332,"comment_status":"closed","ping_status":"open","sticky":false,"template":"","format":"standard","meta":{"content-type":"","footnotes":""},"categories":[16],"tags":[123,2448,5313,1267],"class_list":["post-78331","post","type-post","status-publish","format-standard","has-post-thumbnail","hentry","category-noticias","tag-brasil","tag-diario","tag-noticia","tag-noticias"],"_links":{"self":[{"href":"https:\/\/tvbrazilusa.com\/pt\/wp-json\/wp\/v2\/posts\/78331","targetHints":{"allow":["GET"]}}],"collection":[{"href":"https:\/\/tvbrazilusa.com\/pt\/wp-json\/wp\/v2\/posts"}],"about":[{"href":"https:\/\/tvbrazilusa.com\/pt\/wp-json\/wp\/v2\/types\/post"}],"author":[{"embeddable":true,"href":"https:\/\/tvbrazilusa.com\/pt\/wp-json\/wp\/v2\/users\/1"}],"replies":[{"embeddable":true,"href":"https:\/\/tvbrazilusa.com\/pt\/wp-json\/wp\/v2\/comments?post=78331"}],"version-history":[{"count":1,"href":"https:\/\/tvbrazilusa.com\/pt\/wp-json\/wp\/v2\/posts\/78331\/revisions"}],"predecessor-version":[{"id":78333,"href":"https:\/\/tvbrazilusa.com\/pt\/wp-json\/wp\/v2\/posts\/78331\/revisions\/78333"}],"wp:featuredmedia":[{"embeddable":true,"href":"https:\/\/tvbrazilusa.com\/pt\/wp-json\/wp\/v2\/media\/78332"}],"wp:attachment":[{"href":"https:\/\/tvbrazilusa.com\/pt\/wp-json\/wp\/v2\/media?parent=78331"}],"wp:term":[{"taxonomy":"category","embeddable":true,"href":"https:\/\/tvbrazilusa.com\/pt\/wp-json\/wp\/v2\/categories?post=78331"},{"taxonomy":"post_tag","embeddable":true,"href":"https:\/\/tvbrazilusa.com\/pt\/wp-json\/wp\/v2\/tags?post=78331"}],"curies":[{"name":"wp","href":"https:\/\/api.w.org\/{rel}","templated":true}]}}