{"id":78340,"date":"2024-12-18T11:02:34","date_gmt":"2024-12-18T11:02:34","guid":{"rendered":"https:\/\/tvbrazilusa.com\/2024\/12\/18\/tyler-oneill-ficou-surpreso-com-a-falta-de-interesse-do-red-sox\/"},"modified":"2024-12-18T11:10:15","modified_gmt":"2024-12-18T11:10:15","slug":"tyler-oneill-ficou-surpreso-com-a-falta-de-interesse-do-red-sox","status":"publish","type":"post","link":"https:\/\/tvbrazilusa.com\/pt\/2024\/12\/18\/tyler-oneill-ficou-surpreso-com-a-falta-de-interesse-do-red-sox\/","title":{"rendered":"Tyler O&#8217;Neill ficou &#8216;surpreso com a falta de interesse&#8217; do Red Sox"},"content":{"rendered":"<p> <script async src=\"https:\/\/pagead2.googlesyndication.com\/pagead\/js\/adsbygoogle.js?client=ca-pub-8864793242727901\"\r\n     crossorigin=\"anonymous\"><\/script><br \/>\n<\/p>\n<div id=\"\">\n<header class=\"m-article-header m-article-header--standard\">\n\t\t\t\t\t\t\t\t\t\t\t\t<span id=\"article-header-primary-term\"><br \/>\n\t\t\t\t\t\t\t\t<a class=\"a-term a-term--primary\" href=\"https:\/\/www.boston.com\/tag\/boston-red-sox\/\"><\/p>\n<p>\t\t\t\t\t\t\t\tRed Sox\t\t\t\t\t\t\t\t<\/a><br \/>\n\t\t\t\t\t\t\t<\/span><\/p>\n<h2 class=\"m-article-header__sub-headline\">\u201cSimplesmente n\u00e3o houve aquele empurr\u00e3o daquele lado para me pegar.\u201d<\/h2>\n<figure class=\"a-photo m-article-header__photo\"><figcaption class=\"a-photo__caption\">\n<p>\tTyler O&#8217;Neill, do Red Sox, comemora ap\u00f3s vencer os Orioles.<em> Foto AP \/ Charles Krupa, Arquivo<\/em>\t<\/figcaption><\/figure>\n<\/header>\n<p>Tyler O&#8217;Neill passou uma temporada com o <a href=\"https:\/\/www.boston.com\/tag\/boston-red-sox\/\" target=\"_blank\" rel=\"noreferrer noopener\">Red Sox<\/a>. Durante esse tempo, o outfielder disputou 113 partidas, atingiu o recorde do time de 31 home runs e ficou em quarto lugar no time com 61 RBIs.<\/p>\n<p>No in\u00edcio da entressafra, O&#8217;Neill era candidato a receber uma oferta de qualifica\u00e7\u00e3o de um ano. Por\u00e9m, o Red Sox acabou estendendo a oferta ao arremessador Nick Pivetta, abrindo m\u00e3o de O&#8217;Neill na esperan\u00e7a de adquirir Juan Soto.<\/p>\n<p>\u201cSimplesmente n\u00e3o houve aquele impulso daquele lado para me pegar\u201d, disse O&#8217;Neill durante uma apari\u00e7\u00e3o no podcast \u201cBaseball Isn&#8217;t Boring\u201d do WEEI. \u201cBoston foi pego no sorteio Soto, e com raz\u00e3o. Eles deveriam estar nesse mercado&#8230; Mas quando estou recebendo interesse priorizado do outro lado com uma oportunidade realmente boa, n\u00e3o h\u00e1 nada para eu esperar.\u201d<\/p>\n<p>Em setembro, O\u2019Neill <a href=\"https:\/\/x.com\/NESN\/status\/1836528582182486455\" target=\"_blank\" rel=\"noreferrer noopener\">deixou claro que esperava permanecer em Boston<\/a> para a temporada de 2025. \u00c0 medida que as reuni\u00f5es do GM aconteciam em novembro, o diretor de beisebol de Boston, Craig Breslow, tamb\u00e9m expressou que tinha interesse em manter O&#8217;Neill. No final das contas, por\u00e9m, as negocia\u00e7\u00f5es \u201cnunca chegaram a nada s\u00e9rio\u201d.<\/p>\n<p>O agente livre <a href=\"https:\/\/www.boston.com\/sports\/boston-red-sox\/2024\/12\/07\/tyler-oneill-red-sox-orioles-signing-report\/\" target=\"_blank\" rel=\"noreferrer noopener\">assinou um contrato de tr\u00eas anos no valor de US$ 49,5 milh\u00f5es com o Baltimore Orioles<\/a> no in\u00edcio deste m\u00eas. O acordo inclui a op\u00e7\u00e3o de exclus\u00e3o do jogador ap\u00f3s a temporada de 2025.<\/p>\n<p>\u201cFiquei surpreso com a falta de interesse\u201d, disse O&#8217;Neill sobre os Red Sox. \u201cOnde eu ca\u00ed na hierarquia, n\u00e3o tenho ideia\u2026 \u00c9 o que \u00e9.\u201d<\/p>\n<p>Os Red Sox n\u00e3o t\u00eam escassez de outfielders em seu elenco, de Jarren Duran a Rob Refsnyder e Wilyer Abreu. Desde que perdeu para Soto, Boston parece ter voltado seu foco para o arremesso &#8211; eles <a href=\"https:\/\/www.boston.com\/sports\/boston-red-sox\/2024\/12\/11\/boston-red-sox-garret-crochet-mlb-baseball-things-to-know-white-sox\/\" target=\"_blank\" rel=\"noreferrer noopener\">adquiriu Garrett Croch\u00ea<\/a> do White Sox na semana passada em troca de quatro prospectos. Breslow afirma que ainda h\u00e1 interesse em <a href=\"https:\/\/www.boston.com\/sports\/boston-red-sox\/2024\/12\/11\/boston-red-sox-trade-rumors-mariners-pitcher-burnes-free-agent-seattle-castillo-casas\/\" target=\"_blank\" rel=\"noreferrer noopener\">adicionando \u00e0 rota\u00e7\u00e3o de arremesso<\/a>visando o destro Corbin Burnes e potencialmente Luis Castillo dos Mariners.<\/p>\n<p>Os Red Sox tamb\u00e9m manifestaram interesse em contratar o outfielder destro Teoscar Hern\u00e1ndez como substituto de O&#8217;Neill. O campe\u00e3o da World Series de 2024 \u00e9 <a href=\"https:\/\/x.com\/hgomez27\/status\/1868843684869161432\" target=\"_blank\" rel=\"noreferrer noopener\">buscando um contrato de tr\u00eas anos<\/a>de acordo com H\u00e9ctor G\u00f3mez, membro da MLB.<\/p>\n<p>O rival do AL East, Orioles, parece ter superado o agente livre Anthony Santander, apesar do defensor direito ter atingido o recorde de sua carreira de 44 home runs em 2024. Baltimore ent\u00e3o fez de O&#8217;Neill uma prioridade, o que o defensor externo destro disse ser um \u201c sensa\u00e7\u00e3o muito boa.\u201d<\/p>\n<div class=\"m-block m-generic-cta\t m-generic-cta--post-content\t m-generic-cta--dark\t m-generic-cta--homepage\t m-generic-cta--email-signup\t\t m-generic-cta-block-style--default \tt-amp__generic-cta\"><\/p>\n<div class=\"m-generic-cta__wrap\">\n<div class=\"m-generic-cta__content\">\n<h3 class=\"m-generic-cta__title\">Inscreva-se para receber atualiza\u00e7\u00f5es do Red Sox\u26be<\/h3>\n<p class=\"m-generic-cta__subtitle\">Receba as \u00faltimas not\u00edcias e an\u00e1lises em sua caixa de entrada durante a temporada de beisebol.<\/p>\n<\/p><\/div>\n<\/p><\/div>\n<\/div><\/div>\n<p><script>\n\t\tvar consent=\"grant\";\n\t\t\/* The above code is parsing the JSON data from the local storage and storing it in a variable. *\/\n\t\t\t\t\tconst onetrustStorageConsent = JSON.parse(localStorage.getItem( 'consent_one_trust_bdc' ) );\n\t\t\tif ( ( onetrustStorageConsent !== null ) ) {\n\t\t\t\t\/* Checking to see if the user has consented to the use of cookies.\n\t\t\t\t* If they have not, it is deleting the cookie.\n\t\t\t\t* This will comment for now, until further notice.\n\t\t\t\t*\/\n\t\t\t\t\/\/if ( onetrustStorageConsent.C0002 === false ) {\n\t\t\t\t\/\/\tdocument.cookie=\"_fbp=;expires=Thu, 01 Jan 2010 00:00:00 UTC; path=\/; domain=.boston.com\";\n\t\t\t\t\/\/}\n\t\t\t\t\/* Checking if the user has given consent for the cookie C0002.\n\t\t\t\t* If the user has given consent, the variable consent will be set to 'grant'.\n\t\t\t\t* If the user has not given consent,the variable consent will be set to 'revoke'.\n\t\t\t\t* Documentation https:\/\/developers.facebook.com\/docs\/meta-pixel\/implementation\/gdpr\n\t\t\t\t*\/\n\t\t\t\tif ( onetrustStorageConsent.C0002 !== true ) {\n\t\t\t\t\tconsent=\"revoke\";\n\t\t\t\t}\n\t\t\t}\n\t\t\t\t!function(f,b,e,v,n,t,s)\n\t\t{if(f.fbq)return;n=f.fbq=function(){n.callMethod?\n\t\tn.callMethod.apply(n,arguments):n.queue.push(arguments)};\n\t\tif(!f._fbq)f._fbq=n;n.push=n;n.loaded=!0;n.version='2.0';\n\t\tn.queue=[];t=b.createElement(e);t.async=!0;\n\t\tt.src=v;s=b.getElementsByTagName(e)[0];\n\t\ts.parentNode.insertBefore(t,s)}(window, document,'script',\n\t\t'https:\/\/connect.facebook.net\/en_US\/fbevents.js');\n\t\tfbq('consent', consent);\n\t\tfbq('init', '989222871864976');\n\t\tfbq('track', 'PageView');\n\t<\/script><script type=\"module\">\n\t\tvar consent=\"grant\";\n\t\t\/* The above code is parsing the JSON data from the local storage and storing it in a variable. *\/\n\t\t\tconst onetrustStorageConsent = JSON.parse(localStorage.getItem( 'consent_one_trust_bdc' ) );\n\t\t\t\/* Checking to see if the user has consented to the use of cookies.\n\t\t\t* If they have not, it is deleting the cookie.\n\t\t\t* This will comment for now, until further notice.\n\t\t\t*\/\n\t\t\t\/\/if ( onetrustStorageConsent.C0002 === false ) {\n\t\t\t\/\/\tdocument.cookie=\"_fbp=;expires=Thu, 01 Jan 2010 00:00:00 UTC; path=\/; domain=.boston.com\";\n\t\t\t\/\/}\n\t\t\t\/* Checking if the user has given consent for the cookie C0002.\n\t\t\t* If the user has given consent, the variable consent will be set to 'grant'.\n\t\t\t* If the user has not given consent,the variable consent will be set to 'revoke'.\n\t\t\t* Documentation https:\/\/developers.facebook.com\/docs\/meta-pixel\/implementation\/gdpr\n\t\t\t*\/\n\t\t\tif ( ( onetrustStorageConsent !== null ) && (onetrustStorageConsent.C0002 !== true ) ) {\n\t\t\t\tconsent=\"revoke\";\n\t\t\t}\n\t\t\t\t!function(f,b,e,v,n,t,s){if(f.fbq)return;n=f.fbq=function()\n\t\t{n.callMethod? n.callMethod.apply(n,arguments):n.queue.push(arguments)}\n\t\t;if(!f._fbq)f._fbq=n;\n\t\tn.push=n;n.loaded=!0;n.version='2.0';n.queue=[];t=b.createElement(e);t.async=!0;\n\t\tt.src=v;s=b.getElementsByTagName(e)[0];s.parentNode.insertBefore(t,s)}(window,\n\t\tdocument,'script','https:\/\/connect.facebook.net\/en_US\/fbevents.js');\n\t\tfbq('consent', consent);\n\t\tfbq('init', '813236348753005');\n\t\tfbq('track', \"PageView\");\n\t<\/script><br \/>\n<br \/><br \/>\n<br \/><a href=\"https:\/\/www.boston.com\/sports\/boston-red-sox\/2024\/12\/18\/tyler-oneill-red-sox-orioles-mlb\/\">Source link <\/a><\/p>","protected":false},"excerpt":{"rendered":"<p>Red Sox \u201cSimplesmente n\u00e3o houve aquele empurr\u00e3o daquele lado para me pegar.\u201d Tyler O&#8217;Neill, do Red Sox, comemora ap\u00f3s vencer os Orioles. Foto AP \/ Charles Krupa, Arquivo Tyler O&#8217;Neill&hellip;<\/p>","protected":false},"author":1,"featured_media":78341,"comment_status":"closed","ping_status":"open","sticky":false,"template":"","format":"standard","meta":{"content-type":"","footnotes":""},"categories":[1],"tags":[],"class_list":["post-78340","post","type-post","status-publish","format-standard","has-post-thumbnail","hentry","category-uncategorized"],"_links":{"self":[{"href":"https:\/\/tvbrazilusa.com\/pt\/wp-json\/wp\/v2\/posts\/78340","targetHints":{"allow":["GET"]}}],"collection":[{"href":"https:\/\/tvbrazilusa.com\/pt\/wp-json\/wp\/v2\/posts"}],"about":[{"href":"https:\/\/tvbrazilusa.com\/pt\/wp-json\/wp\/v2\/types\/post"}],"author":[{"embeddable":true,"href":"https:\/\/tvbrazilusa.com\/pt\/wp-json\/wp\/v2\/users\/1"}],"replies":[{"embeddable":true,"href":"https:\/\/tvbrazilusa.com\/pt\/wp-json\/wp\/v2\/comments?post=78340"}],"version-history":[{"count":1,"href":"https:\/\/tvbrazilusa.com\/pt\/wp-json\/wp\/v2\/posts\/78340\/revisions"}],"predecessor-version":[{"id":78342,"href":"https:\/\/tvbrazilusa.com\/pt\/wp-json\/wp\/v2\/posts\/78340\/revisions\/78342"}],"wp:featuredmedia":[{"embeddable":true,"href":"https:\/\/tvbrazilusa.com\/pt\/wp-json\/wp\/v2\/media\/78341"}],"wp:attachment":[{"href":"https:\/\/tvbrazilusa.com\/pt\/wp-json\/wp\/v2\/media?parent=78340"}],"wp:term":[{"taxonomy":"category","embeddable":true,"href":"https:\/\/tvbrazilusa.com\/pt\/wp-json\/wp\/v2\/categories?post=78340"},{"taxonomy":"post_tag","embeddable":true,"href":"https:\/\/tvbrazilusa.com\/pt\/wp-json\/wp\/v2\/tags?post=78340"}],"curies":[{"name":"wp","href":"https:\/\/api.w.org\/{rel}","templated":true}]}}