{"id":7843,"date":"2024-07-24T18:32:41","date_gmt":"2024-07-24T18:32:41","guid":{"rendered":"https:\/\/tvbrazilusa.com\/2024\/07\/24\/projeto-de-lula-para-seguranca-nos-estados-pode-ter-resistencia-no-congresso-paulo-figueiredo\/"},"modified":"2024-07-24T19:29:28","modified_gmt":"2024-07-24T19:29:28","slug":"projeto-de-lula-para-seguranca-nos-estados-pode-ter-resistencia-no-congresso-paulo-figueiredo","status":"publish","type":"post","link":"https:\/\/tvbrazilusa.com\/pt\/2024\/07\/24\/projeto-de-lula-para-seguranca-nos-estados-pode-ter-resistencia-no-congresso-paulo-figueiredo\/","title":{"rendered":"Projeto de Lula para seguran\u00e7a nos estados pode ter resist\u00eancia no Congresso &#8211; Paulo Figueiredo"},"content":{"rendered":"<p> <script async src=\"https:\/\/pagead2.googlesyndication.com\/pagead\/js\/adsbygoogle.js?client=ca-pub-8864793242727901\"\r\n     crossorigin=\"anonymous\"><\/script><br \/>\n<\/p>\n<div id=\"wtr-content\" data-bg=\"#FFFFFF\" data-fg=\"#006d91\" data-width=\"25\" data-mute=\"1\" data-fgopacity=\"1.00\" data-mutedopacity=\"0.5\" data-placement=\"bottom\" data-placement-offset=\"0\" data-content-offset=\"262\" data-placement-touch=\"bottom\" data-placement-offset-touch=\"0\" data-transparent=\"\" data-shadow=\"0\" data-touch=\"1\" data-non-touch=\"1\" data-comments=\"0\" data-commentsbg=\"transparent\" data-location=\"page\" data-mutedfg=\"#006d91\" data-endfg=\"#006d91\" data-rtl=\"\">\n<pre class=\"wp-block-preformatted has-small-font-size\"><em>Foto - Edilson Rodrigues\/Ag\u00eancia Senado<\/em><\/pre>\n<h3 class=\"wp-block-heading\">Deputados e senadores devem aprofundar discuss\u00f5es sobre proposta de Lula para interferir na seguran\u00e7a dos estados.<\/h3>\n<p>A Proposta de Emenda \u00e0 Constitui\u00e7\u00e3o (PEC) que o presidente\u00a0Luiz In\u00e1cio Lula da Silva\u00a0(PT) quer articular com o Minist\u00e9rio da Justi\u00e7a para ampliar a atua\u00e7\u00e3o da Uni\u00e3o na seguran\u00e7a p\u00fablica dos estados pode enfrentar a resist\u00eancia de deputados e senadores no Congresso Nacional.<\/p>\n<p>A PEC est\u00e1 sendo elaborada pelo ministro Ricardo Lewandowski e pretende dar mais poder ao governo para definir normas gerais das pol\u00edcias, refor\u00e7ar a atua\u00e7\u00e3o da Pol\u00edcia Federal e da Pol\u00edcia Rodovi\u00e1ria Federal, entre outras pol\u00edticas de seguran\u00e7a p\u00fablica que s\u00e3o atribu\u00eddas constitucionalmente aos estados.<\/p>\n<p>A inten\u00e7\u00e3o vem sendo citada por\u00a0Lula desde o m\u00eas passado com a alega\u00e7\u00e3o de que as organiza\u00e7\u00f5es criminosas passaram a atuar nacionalmente, e que muitos estados n\u00e3o t\u00eam conseguido agir contra elas. Ele diz que n\u00e3o pretende interferir nas for\u00e7as locais, mas os parlamentares veem o projeto com desconfian\u00e7a.<\/p>\n<p>Lula j\u00e1 afirmou que a discuss\u00e3o no Planalto ter\u00e1 a participa\u00e7\u00e3o dos ministros que j\u00e1 foram governadores de estados, como Camilo Santana (Educa\u00e7\u00e3o), que governou o Cear\u00e1, e Rui Costa (Casa Civil), da Bahia. Ele disse, ainda, que pretende ouvir os 27 atuais gestores estaduais para definir como a proposta funcionar\u00e1.<\/p>\n<p>O presidente do Senado, Rodrigo Pacheco (PSD-MG), afirmou que j\u00e1 teve uma primeira conversa com Lewandowski sobre o projeto, e que deve costurar uma reuni\u00e3o com o ministro e lideran\u00e7as do Senado ap\u00f3s o recesso parlamentar.<\/p>\n<p>\u201cParece-me uma ideia boa. Obviamente, ela precisa ser constru\u00edda juntamente ao Parlamento para ter viabilidade. Ent\u00e3o, vamos promover esse encontro em breve para que o ministro possa expor as ideias dessa constitucionaliza\u00e7\u00e3o do Sistema \u00danico de Seguran\u00e7a P\u00fablica\u201d, disse Pacheco ao jornal<em>\u00a0O Globo<\/em>.<\/p>\n<p>Regimentalmente, a PEC precisa come\u00e7ar o tr\u00e2mite no Congresso a partir da C\u00e2mara dos Deputados, onde o governo tem uma base muito pequena e uma resist\u00eancia maior. No entanto, o Senado tamb\u00e9m pode dar in\u00edcio caso haja uma articula\u00e7\u00e3o dos senadores.<\/p>\n<p>No entanto, o presidente da Frente Parlamentar da Seguran\u00e7a P\u00fablica, deputado Alberto Fraga (PL-DF), v\u00ea a proposta com ressalvas. Para ele, o pouco que se ventilou at\u00e9 o momento n\u00e3o convence.<\/p>\n<p>\u201cO que ouvi at\u00e9 agora \u00e9 que essa PEC n\u00e3o vem somar em absolutamente nada. A bancada da Seguran\u00e7a P\u00fablica, com seus 292 deputados, vai se inteirar dos fatos e fazer a press\u00e3o que deve ser feita\u201d, pontuou.<\/p>\n<p>Lula afirmou, no come\u00e7o do m\u00eas, que o\u00a0governo precisa participar da seguran\u00e7a p\u00fablica brasileira\u00a0\u201cn\u00e3o apenas com o repasse de dinheiro\u201d, j\u00e1 que os estados \u201csozinhos n\u00e3o d\u00e3o conta\u201d.<\/p>\n<p>\u201cO governo federal quer participar da quest\u00e3o da seguran\u00e7a p\u00fablica. N\u00f3s queremos saber qual \u00e9 o nosso papel, aonde a gente entra, como a gente pode ajudar\u201d, pontuou o presidente.<\/p>\n<p>Entre os pontos que devem ser alterados nas atribui\u00e7\u00f5es dos estados para serem compartilhadas com o governo federal est\u00e3o dar mais poder \u00e0 Uni\u00e3o para definir normas gerais das pol\u00edcias, ampliar as atribui\u00e7\u00f5es da Pol\u00edcia Federal, criar uma nova autoridade a partir da Pol\u00edcia Rodovi\u00e1ria Federal (PRF) e unificar os fundos de Seguran\u00e7a P\u00fablico e Penitenci\u00e1rio.<\/p>\n<p><strong><a href=\"https:\/\/www.gazetadopovo.com.br\/republica\/lula-seguranca-estados-enfrentar-resistencia-congresso\/\">Source link<\/a><\/strong><\/p>\n<\/div>\n<p><br \/>\n<br \/><a href=\"https:\/\/paulofigueiredoshow.com\/projeto-de-lula-para-seguranca-nos-estados-pode-ter-resistencia-no-congresso\/\">Source link <\/a><\/p>","protected":false},"excerpt":{"rendered":"<p>Foto &#8211; Edilson Rodrigues\/Ag\u00eancia Senado Deputados e senadores devem aprofundar discuss\u00f5es sobre proposta de Lula para interferir na seguran\u00e7a dos estados. A Proposta de Emenda \u00e0 Constitui\u00e7\u00e3o (PEC) que o&hellip;<\/p>","protected":false},"author":1,"featured_media":7844,"comment_status":"closed","ping_status":"open","sticky":false,"template":"","format":"standard","meta":{"content-type":"","footnotes":""},"categories":[16],"tags":[1599,1600,336,1601,1602,1603,1604,1378,1605,1606,78],"class_list":["post-7843","post","type-post","status-publish","format-standard","has-post-thumbnail","hentry","category-noticias","tag-deputados","tag-estados","tag-governo","tag-pacheco","tag-pec","tag-pl","tag-projeto","tag-pt","tag-ricardo-lewandowski","tag-seguranca","tag-senado"],"_links":{"self":[{"href":"https:\/\/tvbrazilusa.com\/pt\/wp-json\/wp\/v2\/posts\/7843","targetHints":{"allow":["GET"]}}],"collection":[{"href":"https:\/\/tvbrazilusa.com\/pt\/wp-json\/wp\/v2\/posts"}],"about":[{"href":"https:\/\/tvbrazilusa.com\/pt\/wp-json\/wp\/v2\/types\/post"}],"author":[{"embeddable":true,"href":"https:\/\/tvbrazilusa.com\/pt\/wp-json\/wp\/v2\/users\/1"}],"replies":[{"embeddable":true,"href":"https:\/\/tvbrazilusa.com\/pt\/wp-json\/wp\/v2\/comments?post=7843"}],"version-history":[{"count":1,"href":"https:\/\/tvbrazilusa.com\/pt\/wp-json\/wp\/v2\/posts\/7843\/revisions"}],"predecessor-version":[{"id":7845,"href":"https:\/\/tvbrazilusa.com\/pt\/wp-json\/wp\/v2\/posts\/7843\/revisions\/7845"}],"wp:featuredmedia":[{"embeddable":true,"href":"https:\/\/tvbrazilusa.com\/pt\/wp-json\/wp\/v2\/media\/7844"}],"wp:attachment":[{"href":"https:\/\/tvbrazilusa.com\/pt\/wp-json\/wp\/v2\/media?parent=7843"}],"wp:term":[{"taxonomy":"category","embeddable":true,"href":"https:\/\/tvbrazilusa.com\/pt\/wp-json\/wp\/v2\/categories?post=7843"},{"taxonomy":"post_tag","embeddable":true,"href":"https:\/\/tvbrazilusa.com\/pt\/wp-json\/wp\/v2\/tags?post=7843"}],"curies":[{"name":"wp","href":"https:\/\/api.w.org\/{rel}","templated":true}]}}