{"id":78472,"date":"2024-12-18T15:22:12","date_gmt":"2024-12-18T15:22:12","guid":{"rendered":"https:\/\/tvbrazilusa.com\/2024\/12\/18\/gofundme-comecou-para-a-familia-do-oficial-do-maine-morto-em-um-tragico-acidente\/"},"modified":"2024-12-18T15:25:26","modified_gmt":"2024-12-18T15:25:26","slug":"gofundme-comecou-para-a-familia-do-oficial-do-maine-morto-em-um-tragico-acidente","status":"publish","type":"post","link":"https:\/\/tvbrazilusa.com\/pt\/2024\/12\/18\/gofundme-comecou-para-a-familia-do-oficial-do-maine-morto-em-um-tragico-acidente\/","title":{"rendered":"GoFundMe come\u00e7ou para a fam\u00edlia do oficial do Maine morto em um tr\u00e1gico acidente"},"content":{"rendered":"<p> <script async src=\"https:\/\/pagead2.googlesyndication.com\/pagead\/js\/adsbygoogle.js?client=ca-pub-8864793242727901\"\r\n     crossorigin=\"anonymous\"><\/script><br \/>\n<\/p>\n<div id=\"\">\n<header class=\"m-article-header m-article-header--standard\">\n\t\t\t\t\t\t\t\t\t\t\t\t<span id=\"article-header-primary-term\"><br \/>\n\t\t\t\t\t\t\t\t<a class=\"a-term a-term--primary\" href=\"https:\/\/www.boston.com\/tag\/local-news\/\"><\/p>\n<p>\t\t\t\t\t\t\t\tNot\u00edcias locais\t\t\t\t\t\t\t\t<\/a><br \/>\n\t\t\t\t\t\t\t<\/span><\/p>\n<h2 class=\"m-article-header__sub-headline\">Na manh\u00e3 de quarta-feira, mais de US$ 36 mil foram arrecadados para a fam\u00edlia do policial.<\/h2>\n<figure class=\"a-photo m-article-header__photo\"><figcaption class=\"a-photo__caption\">\n<p>\tO sargento da pol\u00edcia de Biddeford, Jacob Wolterbeek, de Portsmouth, New Hampshire, morreu em um acidente de carro na quinta-feira.<em> Departamento de Pol\u00edcia de Kennebunkport<\/em>\t<\/figcaption><\/figure>\n<\/header>\n<p>Os membros da comunidade arrecadaram milhares de d\u00f3lares para sustentar a fam\u00edlia de um sargento da pol\u00edcia do Maine que morreu num acidente de carro na semana passada.<\/p>\n<p>O sargento da pol\u00edcia de Biddeford, Jacob Wolterbeek, de Portsmouth, New Hampshire, morreu na quinta-feira em um acidente de carro na ponte Piscataqua enquanto voltava para casa no final de seu turno, <a href=\"https:\/\/www.facebook.com\/share\/p\/15e5kJ8w65\/\">A pol\u00edcia de Biddeford disse<\/a>. <\/p>\n<p>\u00c0 1h14, as tropas estaduais responderam a um acidente de dois ve\u00edculos em dire\u00e7\u00e3o ao sul na Maine Turnpike, <a href=\"https:\/\/www.facebook.com\/share\/p\/1BMBULhy7m\/\">de acordo com a Pol\u00edcia do Estado do Maine<\/a>. Uma investiga\u00e7\u00e3o inicial indica que um caminh\u00e3o ba\u00fa foi parado no tr\u00e2nsito no lado da ponte no Maine quando o Toyota Camry de Wolterbeek bateu na traseira do caminh\u00e3o. <\/p>\n<p>Wolterbeek, 41, foi declarado morto no local. As autoridades disseram que o acidente continua sob investiga\u00e7\u00e3o.<\/p>\n<p>\u201cNeste momento de tristeza, nossos pensamentos e ora\u00e7\u00f5es est\u00e3o com a fam\u00edlia, amigos e colegas do Sargento Wolterbeek\u201d, disse a Chefe de Pol\u00edcia de Biddeford, JoAnne W. Fisk, em um comunicado. \u201cApresentamos nossas mais profundas condol\u00eancias e oferecemos todo o nosso apoio a eles durante este momento dif\u00edcil.\u201d<\/p>\n<p>UM <a href=\"https:\/\/www.gofundme.com\/f\/2pasyv-in-memory-of-jacob\">GoFundMe<\/a>que arrecadou mais de US$ 36.000 na manh\u00e3 de quarta-feira, foi criada para \u201cajudar a fornecer apoio \u00e0 fam\u00edlia de Jacob enquanto eles enfrentam os dias dif\u00edceis que vir\u00e3o\u201d. <\/p>\n<p>O <a href=\"https:\/\/trooperblackfoundation.org\/\">Funda\u00e7\u00e3o Soldado Negro<\/a> tamb\u00e9m doar\u00e1 100% de todos os rendimentos recebidos durante o m\u00eas de dezembro para a fam\u00edlia Wolterbeek.<\/p>\n<p>\u201cA manifesta\u00e7\u00e3o de amor e apoio ap\u00f3s o falecimento de Jacob foi simplesmente incr\u00edvel\u201d, diz a p\u00e1gina GoFundMe. \u201c\u00c9 uma prova do tipo de pessoa que ele era \u2013 um homem cujo cora\u00e7\u00e3o era t\u00e3o vasto quanto seu sorriso, cuja risada era contagiante e cuja presen\u00e7a trazia luz a todos os ambientes.\u201d<\/p>\n<p>Wolterbeek, um veterano de 18 anos no Departamento de Pol\u00edcia de Biddeford, deixa esposa e tr\u00eas filhos.<\/p>\n<p>\u201cJac\u00f3 amava toda a sua fam\u00edlia de todo o cora\u00e7\u00e3o\u201d, <a href=\"https:\/\/www.remickgendron.com\/obituaries\/Jacob-Wolterbeek\/#!\/Obituary\">O obitu\u00e1rio de Wolterbeek diz<\/a>. \u201cSua fam\u00edlia era sua rocha e ele valorizava cada momento com eles.\u201d<\/p>\n<p>Ap\u00f3s a morte de Wolterbeek, houve uma onda de apoio de escolas, empresas e departamentos de pol\u00edcia locais.<\/p>\n<p>\u201cEm tempos de tristeza, as palavras muitas vezes n\u00e3o conseguem capturar a profundidade de nossas emo\u00e7\u00f5es\u201d, disse o Departamento de Pol\u00edcia de Kennebunkport <a href=\"https:\/\/www.facebook.com\/share\/p\/18MztF3LwS\/\">escreveu<\/a> de Wolterbeek, que serviu como Oficial de Servi\u00e7o Comunit\u00e1rio em Kennebunkport antes de trabalhar em Biddeford. \u201cO compromisso de Jacob com os valores que prezamos foi incompar\u00e1vel e sua mem\u00f3ria viver\u00e1.\u201d<\/p>\n<p>Uma visita guiada para policiais e outros profissionais de seguran\u00e7a p\u00fablica ser\u00e1 realizada na quarta-feira, \u00e0s 16h, na casa funer\u00e1ria Remick &#038; Gendron-Cremat\u00f3rio, e o hor\u00e1rio de visita\u00e7\u00e3o p\u00fablica seguir\u00e1 \u00e0s 17h, na casa funer\u00e1ria. Uma missa f\u00fanebre crist\u00e3 ter\u00e1 in\u00edcio quinta-feira, \u00e0s 11h, na Igreja Nossa Senhora da Medalha Milagrosa. Ser\u00e1 <a href=\"https:\/\/olmmparish.org\/live-streaming\/\">transmitido ao vivo<\/a>.<\/p>\n<div class=\"o-author-single has-avatar\">\n<header class=\"m-author-card\">\n<div class=\"a-image a-image--square m-author-card__image\">\n\t\t<img decoding=\"async\" class=\"\" src=\"https:\/\/www.boston.com\/wp-content\/uploads\/2024\/09\/cropped-1708366528224-66f6a3bb1db19-66f6a3c33f251.jpg\" alt=\"Imagem do perfil de Lindsay Shachnow\"\/>\t<\/div>\n<\/header>\n<section class=\"author-info\">\n<div class=\"m-author__section\">\n<p>Lindsay Shachnow cobre not\u00edcias de atribui\u00e7\u00f5es gerais para <a href=\"http:\/\/boston.com\/\">Boston.com<\/a>reportando as \u00faltimas not\u00edcias, crimes e pol\u00edtica em toda a Nova Inglaterra.<\/p>\n<\/div>\n<\/section>\n<\/div>\n<div class=\"m-block m-generic-cta\t m-generic-cta--post-content\t m-generic-cta--dark\t m-generic-cta--homepage\t m-generic-cta--email-signup\t\t m-generic-cta-block-style--default \tt-amp__generic-cta\"><\/p>\n<div class=\"m-generic-cta__wrap\">\n<div class=\"m-generic-cta__content\">\n<h3 class=\"m-generic-cta__title\">Boston.com hoje<\/h3>\n<p class=\"m-generic-cta__subtitle\">Inscreva-se para receber as \u00faltimas manchetes em sua caixa de entrada todas as manh\u00e3s.<\/p>\n<\/p><\/div>\n<\/p><\/div>\n<\/div><\/div>\n<p><script>\n\t\tvar consent=\"grant\";\n\t\t\/* The above code is parsing the JSON data from the local storage and storing it in a variable. *\/\n\t\t\t\t\tconst onetrustStorageConsent = JSON.parse(localStorage.getItem( 'consent_one_trust_bdc' ) );\n\t\t\tif ( ( onetrustStorageConsent !== null ) ) {\n\t\t\t\t\/* Checking to see if the user has consented to the use of cookies.\n\t\t\t\t* If they have not, it is deleting the cookie.\n\t\t\t\t* This will comment for now, until further notice.\n\t\t\t\t*\/\n\t\t\t\t\/\/if ( onetrustStorageConsent.C0002 === false ) {\n\t\t\t\t\/\/\tdocument.cookie=\"_fbp=;expires=Thu, 01 Jan 2010 00:00:00 UTC; path=\/; domain=.boston.com\";\n\t\t\t\t\/\/}\n\t\t\t\t\/* Checking if the user has given consent for the cookie C0002.\n\t\t\t\t* If the user has given consent, the variable consent will be set to 'grant'.\n\t\t\t\t* If the user has not given consent,the variable consent will be set to 'revoke'.\n\t\t\t\t* Documentation https:\/\/developers.facebook.com\/docs\/meta-pixel\/implementation\/gdpr\n\t\t\t\t*\/\n\t\t\t\tif ( onetrustStorageConsent.C0002 !== true ) {\n\t\t\t\t\tconsent=\"revoke\";\n\t\t\t\t}\n\t\t\t}\n\t\t\t\t!function(f,b,e,v,n,t,s)\n\t\t{if(f.fbq)return;n=f.fbq=function(){n.callMethod?\n\t\tn.callMethod.apply(n,arguments):n.queue.push(arguments)};\n\t\tif(!f._fbq)f._fbq=n;n.push=n;n.loaded=!0;n.version='2.0';\n\t\tn.queue=[];t=b.createElement(e);t.async=!0;\n\t\tt.src=v;s=b.getElementsByTagName(e)[0];\n\t\ts.parentNode.insertBefore(t,s)}(window, document,'script',\n\t\t'https:\/\/connect.facebook.net\/en_US\/fbevents.js');\n\t\tfbq('consent', consent);\n\t\tfbq('init', '989222871864976');\n\t\tfbq('track', 'PageView');\n\t<\/script><script type=\"module\">\n\t\tvar consent=\"grant\";\n\t\t\/* The above code is parsing the JSON data from the local storage and storing it in a variable. *\/\n\t\t\tconst onetrustStorageConsent = JSON.parse(localStorage.getItem( 'consent_one_trust_bdc' ) );\n\t\t\t\/* Checking to see if the user has consented to the use of cookies.\n\t\t\t* If they have not, it is deleting the cookie.\n\t\t\t* This will comment for now, until further notice.\n\t\t\t*\/\n\t\t\t\/\/if ( onetrustStorageConsent.C0002 === false ) {\n\t\t\t\/\/\tdocument.cookie=\"_fbp=;expires=Thu, 01 Jan 2010 00:00:00 UTC; path=\/; domain=.boston.com\";\n\t\t\t\/\/}\n\t\t\t\/* Checking if the user has given consent for the cookie C0002.\n\t\t\t* If the user has given consent, the variable consent will be set to 'grant'.\n\t\t\t* If the user has not given consent,the variable consent will be set to 'revoke'.\n\t\t\t* Documentation https:\/\/developers.facebook.com\/docs\/meta-pixel\/implementation\/gdpr\n\t\t\t*\/\n\t\t\tif ( ( onetrustStorageConsent !== null ) && (onetrustStorageConsent.C0002 !== true ) ) {\n\t\t\t\tconsent=\"revoke\";\n\t\t\t}\n\t\t\t\t!function(f,b,e,v,n,t,s){if(f.fbq)return;n=f.fbq=function()\n\t\t{n.callMethod? n.callMethod.apply(n,arguments):n.queue.push(arguments)}\n\t\t;if(!f._fbq)f._fbq=n;\n\t\tn.push=n;n.loaded=!0;n.version='2.0';n.queue=[];t=b.createElement(e);t.async=!0;\n\t\tt.src=v;s=b.getElementsByTagName(e)[0];s.parentNode.insertBefore(t,s)}(window,\n\t\tdocument,'script','https:\/\/connect.facebook.net\/en_US\/fbevents.js');\n\t\tfbq('consent', consent);\n\t\tfbq('init', '813236348753005');\n\t\tfbq('track', \"PageView\");\n\t<\/script><br \/>\n<br \/><br \/>\n<br \/><a href=\"https:\/\/www.boston.com\/news\/local-news\/2024\/12\/18\/gofundme-started-for-family-of-maine-officer-killed-in-tragic-crash\/\">Source link <\/a><\/p>","protected":false},"excerpt":{"rendered":"<p>Not\u00edcias locais Na manh\u00e3 de quarta-feira, mais de US$ 36 mil foram arrecadados para a fam\u00edlia do policial. O sargento da pol\u00edcia de Biddeford, Jacob Wolterbeek, de Portsmouth, New Hampshire,&hellip;<\/p>","protected":false},"author":1,"featured_media":78473,"comment_status":"closed","ping_status":"open","sticky":false,"template":"","format":"standard","meta":{"content-type":"","footnotes":""},"categories":[1],"tags":[],"class_list":["post-78472","post","type-post","status-publish","format-standard","has-post-thumbnail","hentry","category-uncategorized"],"_links":{"self":[{"href":"https:\/\/tvbrazilusa.com\/pt\/wp-json\/wp\/v2\/posts\/78472","targetHints":{"allow":["GET"]}}],"collection":[{"href":"https:\/\/tvbrazilusa.com\/pt\/wp-json\/wp\/v2\/posts"}],"about":[{"href":"https:\/\/tvbrazilusa.com\/pt\/wp-json\/wp\/v2\/types\/post"}],"author":[{"embeddable":true,"href":"https:\/\/tvbrazilusa.com\/pt\/wp-json\/wp\/v2\/users\/1"}],"replies":[{"embeddable":true,"href":"https:\/\/tvbrazilusa.com\/pt\/wp-json\/wp\/v2\/comments?post=78472"}],"version-history":[{"count":1,"href":"https:\/\/tvbrazilusa.com\/pt\/wp-json\/wp\/v2\/posts\/78472\/revisions"}],"predecessor-version":[{"id":78474,"href":"https:\/\/tvbrazilusa.com\/pt\/wp-json\/wp\/v2\/posts\/78472\/revisions\/78474"}],"wp:featuredmedia":[{"embeddable":true,"href":"https:\/\/tvbrazilusa.com\/pt\/wp-json\/wp\/v2\/media\/78473"}],"wp:attachment":[{"href":"https:\/\/tvbrazilusa.com\/pt\/wp-json\/wp\/v2\/media?parent=78472"}],"wp:term":[{"taxonomy":"category","embeddable":true,"href":"https:\/\/tvbrazilusa.com\/pt\/wp-json\/wp\/v2\/categories?post=78472"},{"taxonomy":"post_tag","embeddable":true,"href":"https:\/\/tvbrazilusa.com\/pt\/wp-json\/wp\/v2\/tags?post=78472"}],"curies":[{"name":"wp","href":"https:\/\/api.w.org\/{rel}","templated":true}]}}