{"id":78475,"date":"2024-12-18T15:31:34","date_gmt":"2024-12-18T15:31:34","guid":{"rendered":"https:\/\/tvbrazilusa.com\/2024\/12\/18\/instituto-catolico-assume-centro-lgbt-e-decisao-gera-polemica\/"},"modified":"2024-12-18T15:31:36","modified_gmt":"2024-12-18T15:31:36","slug":"instituto-catolico-assume-centro-lgbt-e-decisao-gera-polemica","status":"publish","type":"post","link":"https:\/\/tvbrazilusa.com\/pt\/2024\/12\/18\/instituto-catolico-assume-centro-lgbt-e-decisao-gera-polemica\/","title":{"rendered":"Instituto cat\u00f3lico assume centro LGBT e decis\u00e3o gera pol\u00eamica"},"content":{"rendered":"<p> <script async src=\"https:\/\/pagead2.googlesyndication.com\/pagead\/js\/adsbygoogle.js?client=ca-pub-8864793242727901\"\r\n     crossorigin=\"anonymous\"><\/script><br \/>\n<\/p>\n<div id=\"taboola-read-more\" style=\"display:block; width:100%\">\n<p>Prefeitura de S\u00e3o Paulo delegou a gest\u00e3o de dois Centros de Cidadania LGBTI+ ao Instituto Claret, organiza\u00e7\u00e3o de origem cat\u00f3lica, provocando rea\u00e7\u00f5es divididas. Cada entidade vencedora receber\u00e1 mais de R$ 10 milh\u00f5es para administrar os centros por um per\u00edodo de cinco anos.\n<\/p>\n<p>Cr\u00edticos apontam para um poss\u00edvel conflito entre as ra\u00edzes religiosas da entidade e o acolhimento pleno da comunidade LGBTQIA+. Por outro lado, defensores da escolha destacam que o Instituto cumpriu todos os requisitos do edital e que a doutrina cat\u00f3lica, quando devidamente aplicada, \u00e9 receptiva e acolhedora.<\/p>\n<p>A Prefeitura de S\u00e3o Paulo delegou a gest\u00e3o de dois Centros de Cidadania LGBTI+ ao Instituto Claret, organiza\u00e7\u00e3o de origem cat\u00f3lica, provocando rea\u00e7\u00f5es divididas. Cada entidade vencedora receber\u00e1 mais de R$ 10 milh\u00f5es para administrar os centros por um per\u00edodo de cinco anos.\n<\/p>\n<p>Cr\u00edticos apontam para um poss\u00edvel conflito entre as ra\u00edzes religiosas da entidade e o acolhimento pleno da comunidade LGBTQIA+. Por outro lado, defensores da escolha destacam que o Instituto cumpriu todos os requisitos do edital e que a doutrina cat\u00f3lica, quando devidamente aplicada, \u00e9 receptiva e acolhedora.\n<\/p>\n<p>\u201cSomos uma organiza\u00e7\u00e3o da sociedade civil como qualquer outra. Ao longo de 38 anos de atua\u00e7\u00e3o, trabalhamos com parcerias p\u00fablicas visando sempre o acolhimento, o cuidado e a inclus\u00e3o de pessoas, sem distin\u00e7\u00e3o\u201d, respondeu o instituto \u00e0 imprensa.\n<\/p>\n<p>O papa Francisco exemplifica essa postura em sua lideran\u00e7a. Ele recentemente condenou como \u201chipocrisia\u201d as cr\u00edticas \u00e0s b\u00ean\u00e7\u00e3os a casais homoafetivos pela Igreja, enfatizando que, embora a doutrina distinga o sacramento do matrim\u00f4nio de outras uni\u00f5es, todos os fi\u00e9is merecem amor e acolhimento. \u201cAma-se o pecador, mas n\u00e3o o pecado\u201d \u00e9 uma m\u00e1xima frequentemente utilizada para demonstrar o compromisso pastoral com o apoio espiritual a todos, sem exce\u00e7\u00f5es.\n<\/p>\n<p>A entidade enfatiza que seu trabalho \u00e9 \u201csem distin\u00e7\u00e3o\u201d, promovendo desenvolvimento humano e assist\u00eancia social. Apesar disso, cr\u00edticas ao edital persistem, especialmente porque, inicialmente, a participa\u00e7\u00e3o de entidades religiosas era vetada. A Prefeitura, entretanto, esclareceu que o Instituto n\u00e3o se dedica exclusivamente a atividades religiosas, atendendo assim aos crit\u00e9rios formais.\n<\/p>\n<p>Al\u00e9m disso, defensores apontam que a heran\u00e7a cultural crist\u00e3 n\u00e3o \u00e9 incompat\u00edvel com direitos e liberdades. Muitos pa\u00edses de maioria crist\u00e3 lideram globalmente em prote\u00e7\u00e3o \u00e0s minorias, como Canad\u00e1 e Holanda. O relat\u00f3rio Freedom in the World 2024 confirma que democracias ocidentais de ra\u00edzes crist\u00e3s figuram entre as mais livres para pessoas LGBTQIA+.\n<\/p>\n<p>A controv\u00e9rsia, por\u00e9m, exp\u00f5e uma quest\u00e3o maior: at\u00e9 que ponto preconceitos contra organiza\u00e7\u00f5es religiosas podem obscurecer seu potencial de contribuir positivamente para causas sociais.<\/p>\n<p>Fonte: O antagonista              <\/p>\n<\/div>\n<p><br \/>\n<br \/><a href=\"https:\/\/diariodobrasilnoticias.com.br\/noticia\/instituto-catolico-assume-centro-lgbt-e-decisao-gera-polemica-6762e866ca230\">Source link <\/a><\/p>","protected":false},"excerpt":{"rendered":"<p>Prefeitura de S\u00e3o Paulo delegou a gest\u00e3o de dois Centros de Cidadania LGBTI+ ao Instituto Claret, organiza\u00e7\u00e3o de origem cat\u00f3lica, provocando rea\u00e7\u00f5es divididas. Cada entidade vencedora receber\u00e1 mais de R$&hellip;<\/p>","protected":false},"author":1,"featured_media":78476,"comment_status":"closed","ping_status":"open","sticky":false,"template":"","format":"standard","meta":{"content-type":"","footnotes":""},"categories":[16],"tags":[123,2448,5313,1267],"class_list":["post-78475","post","type-post","status-publish","format-standard","has-post-thumbnail","hentry","category-noticias","tag-brasil","tag-diario","tag-noticia","tag-noticias"],"_links":{"self":[{"href":"https:\/\/tvbrazilusa.com\/pt\/wp-json\/wp\/v2\/posts\/78475","targetHints":{"allow":["GET"]}}],"collection":[{"href":"https:\/\/tvbrazilusa.com\/pt\/wp-json\/wp\/v2\/posts"}],"about":[{"href":"https:\/\/tvbrazilusa.com\/pt\/wp-json\/wp\/v2\/types\/post"}],"author":[{"embeddable":true,"href":"https:\/\/tvbrazilusa.com\/pt\/wp-json\/wp\/v2\/users\/1"}],"replies":[{"embeddable":true,"href":"https:\/\/tvbrazilusa.com\/pt\/wp-json\/wp\/v2\/comments?post=78475"}],"version-history":[{"count":1,"href":"https:\/\/tvbrazilusa.com\/pt\/wp-json\/wp\/v2\/posts\/78475\/revisions"}],"predecessor-version":[{"id":78477,"href":"https:\/\/tvbrazilusa.com\/pt\/wp-json\/wp\/v2\/posts\/78475\/revisions\/78477"}],"wp:featuredmedia":[{"embeddable":true,"href":"https:\/\/tvbrazilusa.com\/pt\/wp-json\/wp\/v2\/media\/78476"}],"wp:attachment":[{"href":"https:\/\/tvbrazilusa.com\/pt\/wp-json\/wp\/v2\/media?parent=78475"}],"wp:term":[{"taxonomy":"category","embeddable":true,"href":"https:\/\/tvbrazilusa.com\/pt\/wp-json\/wp\/v2\/categories?post=78475"},{"taxonomy":"post_tag","embeddable":true,"href":"https:\/\/tvbrazilusa.com\/pt\/wp-json\/wp\/v2\/tags?post=78475"}],"curies":[{"name":"wp","href":"https:\/\/api.w.org\/{rel}","templated":true}]}}