{"id":78484,"date":"2024-12-18T15:43:05","date_gmt":"2024-12-18T15:43:05","guid":{"rendered":"https:\/\/tvbrazilusa.com\/2024\/12\/18\/juiza-do-caso-gusttavo-lima-questiona-a-posicao-do-mp-sobre-o-arquivamento\/"},"modified":"2024-12-18T15:43:07","modified_gmt":"2024-12-18T15:43:07","slug":"juiza-do-caso-gusttavo-lima-questiona-a-posicao-do-mp-sobre-o-arquivamento","status":"publish","type":"post","link":"https:\/\/tvbrazilusa.com\/pt\/2024\/12\/18\/juiza-do-caso-gusttavo-lima-questiona-a-posicao-do-mp-sobre-o-arquivamento\/","title":{"rendered":"Ju\u00edza do caso Gusttavo Lima questiona a posi\u00e7\u00e3o do MP sobre o arquivamento"},"content":{"rendered":"<p> <script async src=\"https:\/\/pagead2.googlesyndication.com\/pagead\/js\/adsbygoogle.js?client=ca-pub-8864793242727901\"\r\n     crossorigin=\"anonymous\"><\/script><br \/>\n<\/p>\n<div id=\"taboola-read-more\" style=\"display:block; width:100%\">\n<p>A ju\u00edza de direito da 12\u00aa Vara Criminal da Capital, do Tribunal de Justi\u00e7a de Pernambuco (TJPE), Andr\u00e9a Calado da Cruz, n\u00e3o aceitou o posicionamento do Minist\u00e9rio P\u00fablico do estado (MPPE), que pediu arquivar as investiga\u00e7\u00f5es envolvendo o cantor Gusttavo Lima em crime de lavagem de dinheiro por meio de empresas de apostas on-line.\n<\/p>\n<p>O Grupo de Atua\u00e7\u00e3o Especial de Combate ao Crime Organizado (Gaeco) e a Procuradoria-Geral de Justi\u00e7a (PGJ), ambos do MPPE, manifestaram-se a favor do arquivamento das investiga\u00e7\u00f5es contra o sertanejo e os s\u00f3cios da Vaidebet, por falta de provas que justificassem uma a\u00e7\u00e3o penal com eles como alvo.<\/p>\n<p>O MPPE afirmou, por\u00e9m, que as suspeitas sobre as opera\u00e7\u00f5es at\u00edpicas verificadas pelo Conselho de Controle de Atividades Financeiras (Coaf), as quais podem configurar crime de lavagem de dinheiro, devem ser remetidas ao Minist\u00e9rio P\u00fablico da Para\u00edba (MPPB).\n<\/p>\n<p>Ainda assim, a ju\u00edza do caso que investiga empresas de bets, Gusttavo Lima, a influenciadora e advogada Deolane Bezerra, al\u00e9m de outras pessoas, n\u00e3o aceitou o posicionamento do MPPE. Andr\u00e9a Calado da Cruz considerou \u201ccontradit\u00f3rio e incompreens\u00edvel\u201d que a acusa\u00e7\u00e3o insista em um pedido de arquivamento enquanto, \u201csimultaneamente, requer-se a remessa de documentos ao Minist\u00e9rio P\u00fablico da Para\u00edba para a ado\u00e7\u00e3o de medidas adicionais\u201d.\n<\/p>\n<p>\u201cA postura de \u2018insistir no arquivamento\u2019 dos investigados Nivaldo Batista Lima (Gusttavo Lima), Jos\u00e9 Andr\u00e9 da Rocha Neto, Aislla Sabrina Truta Henriques Rocha, Thiago Lima Rocha e Rayssa Ferreira Santana Rocha, ao mesmo tempo em que se solicita o envio dos autos para que o Minist\u00e9rio P\u00fablico da Para\u00edba tome as provid\u00eancias que entender pertinentes, configura uma postura amb\u00edgua e sem clareza\u201d, assinalou a magistrada.\n<\/p>\n<p>Em decis\u00e3o publicada nessa segunda-feira (16\/12), a ju\u00edza reencaminhou os autos do processo \u00e0 Procuradoria-Geral de Justi\u00e7a de Pernambuco, inst\u00e2ncia m\u00e1xima do MPPE, para que a institui\u00e7\u00e3o se manifeste \u201cde forma inequ\u00edvoca e decidida, deixando claro o que se pretende: ou o arquivamento, com todos os efeitos legais que lhe s\u00e3o inerentes ou a continuidade das investiga\u00e7\u00f5es, com o consequente impulso das medidas necess\u00e1rias \u00e0 apura\u00e7\u00e3o dos fatos\u201d.\n<\/p>\n<p>\u201cA Justi\u00e7a exige clareza e comprometimento com a verdade e n\u00e3o comporta posi\u00e7\u00f5es vagas ou indecis\u00f5es\u201d, frisou Andr\u00e9a Calado da Cruz.\n<\/p>\n<p>A magistrada tamb\u00e9m confrontou o questionamento do MPPE a respeito da compet\u00eancia para julgar o caso. Para ela, o Minist\u00e9rio P\u00fablico teve a oportunidade de se manifestar sobre a tese da incompet\u00eancia da Justi\u00e7a de Pernambuco, tema que ainda teria sido afastado por outra decis\u00e3o.\n<\/p>\n<p>\u201cA insist\u00eancia em trazer novamente a mesma tese \u00e0 baila, sem qualquer novo fundamento ou elementos que justifiquem a reabertura da discuss\u00e3o, parece n\u00e3o s\u00f3 desrespeitar a coisa julgada, mas tamb\u00e9m levantar a suspeita de que, em algumas ocasi\u00f5es, essa insist\u00eancia sem fundamento possa estar sendo utilizada para esconder algu\u00e9m ou proteger algum interesse n\u00e3o revelado\u201d, disparou a ju\u00edza.<\/p>\n<p>Fonte: Metr\u00f3poles              <\/p>\n<\/div>\n<p><br \/>\n<br \/><a href=\"https:\/\/diariodobrasilnoticias.com.br\/noticia\/juiza-do-caso-gusttavo-lima-questiona-a-posicao-do-mp-sobre-o-arquivamento-6762db19a3d4a\">Source link <\/a><\/p>","protected":false},"excerpt":{"rendered":"<p>A ju\u00edza de direito da 12\u00aa Vara Criminal da Capital, do Tribunal de Justi\u00e7a de Pernambuco (TJPE), Andr\u00e9a Calado da Cruz, n\u00e3o aceitou o posicionamento do Minist\u00e9rio P\u00fablico do estado&hellip;<\/p>","protected":false},"author":1,"featured_media":78485,"comment_status":"closed","ping_status":"open","sticky":false,"template":"","format":"standard","meta":{"content-type":"","footnotes":""},"categories":[16],"tags":[123,2448,5313,1267],"class_list":["post-78484","post","type-post","status-publish","format-standard","has-post-thumbnail","hentry","category-noticias","tag-brasil","tag-diario","tag-noticia","tag-noticias"],"_links":{"self":[{"href":"https:\/\/tvbrazilusa.com\/pt\/wp-json\/wp\/v2\/posts\/78484","targetHints":{"allow":["GET"]}}],"collection":[{"href":"https:\/\/tvbrazilusa.com\/pt\/wp-json\/wp\/v2\/posts"}],"about":[{"href":"https:\/\/tvbrazilusa.com\/pt\/wp-json\/wp\/v2\/types\/post"}],"author":[{"embeddable":true,"href":"https:\/\/tvbrazilusa.com\/pt\/wp-json\/wp\/v2\/users\/1"}],"replies":[{"embeddable":true,"href":"https:\/\/tvbrazilusa.com\/pt\/wp-json\/wp\/v2\/comments?post=78484"}],"version-history":[{"count":1,"href":"https:\/\/tvbrazilusa.com\/pt\/wp-json\/wp\/v2\/posts\/78484\/revisions"}],"predecessor-version":[{"id":78486,"href":"https:\/\/tvbrazilusa.com\/pt\/wp-json\/wp\/v2\/posts\/78484\/revisions\/78486"}],"wp:featuredmedia":[{"embeddable":true,"href":"https:\/\/tvbrazilusa.com\/pt\/wp-json\/wp\/v2\/media\/78485"}],"wp:attachment":[{"href":"https:\/\/tvbrazilusa.com\/pt\/wp-json\/wp\/v2\/media?parent=78484"}],"wp:term":[{"taxonomy":"category","embeddable":true,"href":"https:\/\/tvbrazilusa.com\/pt\/wp-json\/wp\/v2\/categories?post=78484"},{"taxonomy":"post_tag","embeddable":true,"href":"https:\/\/tvbrazilusa.com\/pt\/wp-json\/wp\/v2\/tags?post=78484"}],"curies":[{"name":"wp","href":"https:\/\/api.w.org\/{rel}","templated":true}]}}