{"id":78532,"date":"2024-12-18T16:30:22","date_gmt":"2024-12-18T16:30:22","guid":{"rendered":"https:\/\/tvbrazilusa.com\/2024\/12\/18\/aluna-que-atirou-contra-colega-em-escola-de-natal-passara-por-audiencia-de-custodia\/"},"modified":"2024-12-18T16:30:24","modified_gmt":"2024-12-18T16:30:24","slug":"aluna-que-atirou-contra-colega-em-escola-de-natal-passara-por-audiencia-de-custodia","status":"publish","type":"post","link":"https:\/\/tvbrazilusa.com\/pt\/2024\/12\/18\/aluna-que-atirou-contra-colega-em-escola-de-natal-passara-por-audiencia-de-custodia\/","title":{"rendered":"Aluna que atirou contra colega em escola de Natal passar\u00e1 por audi\u00eancia de cust\u00f3dia"},"content":{"rendered":"<p> <script async src=\"https:\/\/pagead2.googlesyndication.com\/pagead\/js\/adsbygoogle.js?client=ca-pub-8864793242727901\"\r\n     crossorigin=\"anonymous\"><\/script><br \/>\n<\/p>\n<div id=\"taboola-read-more\" style=\"display:block; width:100%\">\n<p>Lyedja Yasmim, de 19 anos, respons\u00e1vel pelo ataque ocorrido na manh\u00e3 desta ter\u00e7a-feira (17) na Escola Estadual Berilo Wanderley, na Zona Sul de Natal, passar\u00e1 por audi\u00eancia de cust\u00f3dia nesta quarta-feira (18), conforme informa\u00e7\u00f5es do Tribunal de Justi\u00e7a do Rio Grande do Norte (TJRN).\n<\/p>\n<p>A jovem foi autuada por tentativa de homic\u00eddio qualificado. Segundo comunicado da Pol\u00edcia Civil, as investiga\u00e7\u00f5es indicam que Lyedja tinha como alvo principal outra pessoa e apresentava tend\u00eancias suicidas. De acordo com a Pol\u00edcia Militar, Lyedja entrou armada na escola e realizou um disparo contra uma professora. No entanto, a arma falhou e o tiro acabou atingindo um aluno que tentou proteger a educadora.<\/p>\n<p>A audi\u00eancia de cust\u00f3dia desta quarta-feira ir\u00e1 avaliar a legalidade da pris\u00e3o em flagrante e determinar se a jovem permanecer\u00e1 presa enquanto aguarda os desdobramentos do caso.\n<\/p>\n<p>Com informa\u00e7\u00f5es de Tribuna do Norte\n              <\/p>\n<\/div>\n<p><br \/>\n<br \/><a href=\"https:\/\/diariodobrasilnoticias.com.br\/noticia\/aluna-que-atirou-contra-colega-em-escola-de-natal-passara-por-audiencia-de-custodia-6762f1e60c51a\">Source link <\/a><\/p>","protected":false},"excerpt":{"rendered":"<p>Lyedja Yasmim, de 19 anos, respons\u00e1vel pelo ataque ocorrido na manh\u00e3 desta ter\u00e7a-feira (17) na Escola Estadual Berilo Wanderley, na Zona Sul de Natal, passar\u00e1 por audi\u00eancia de cust\u00f3dia nesta&hellip;<\/p>","protected":false},"author":1,"featured_media":78533,"comment_status":"closed","ping_status":"open","sticky":false,"template":"","format":"standard","meta":{"content-type":"","footnotes":""},"categories":[16],"tags":[123,2448,5313,1267],"class_list":["post-78532","post","type-post","status-publish","format-standard","has-post-thumbnail","hentry","category-noticias","tag-brasil","tag-diario","tag-noticia","tag-noticias"],"_links":{"self":[{"href":"https:\/\/tvbrazilusa.com\/pt\/wp-json\/wp\/v2\/posts\/78532","targetHints":{"allow":["GET"]}}],"collection":[{"href":"https:\/\/tvbrazilusa.com\/pt\/wp-json\/wp\/v2\/posts"}],"about":[{"href":"https:\/\/tvbrazilusa.com\/pt\/wp-json\/wp\/v2\/types\/post"}],"author":[{"embeddable":true,"href":"https:\/\/tvbrazilusa.com\/pt\/wp-json\/wp\/v2\/users\/1"}],"replies":[{"embeddable":true,"href":"https:\/\/tvbrazilusa.com\/pt\/wp-json\/wp\/v2\/comments?post=78532"}],"version-history":[{"count":1,"href":"https:\/\/tvbrazilusa.com\/pt\/wp-json\/wp\/v2\/posts\/78532\/revisions"}],"predecessor-version":[{"id":78534,"href":"https:\/\/tvbrazilusa.com\/pt\/wp-json\/wp\/v2\/posts\/78532\/revisions\/78534"}],"wp:featuredmedia":[{"embeddable":true,"href":"https:\/\/tvbrazilusa.com\/pt\/wp-json\/wp\/v2\/media\/78533"}],"wp:attachment":[{"href":"https:\/\/tvbrazilusa.com\/pt\/wp-json\/wp\/v2\/media?parent=78532"}],"wp:term":[{"taxonomy":"category","embeddable":true,"href":"https:\/\/tvbrazilusa.com\/pt\/wp-json\/wp\/v2\/categories?post=78532"},{"taxonomy":"post_tag","embeddable":true,"href":"https:\/\/tvbrazilusa.com\/pt\/wp-json\/wp\/v2\/tags?post=78532"}],"curies":[{"name":"wp","href":"https:\/\/api.w.org\/{rel}","templated":true}]}}