{"id":78538,"date":"2024-12-18T16:41:36","date_gmt":"2024-12-18T16:41:36","guid":{"rendered":"https:\/\/tvbrazilusa.com\/2024\/12\/18\/aprovacao-ao-governo-despenca-entre-catolicos-em-2-anos-veja-numeros\/"},"modified":"2024-12-18T16:41:42","modified_gmt":"2024-12-18T16:41:42","slug":"aprovacao-ao-governo-despenca-entre-catolicos-em-2-anos-veja-numeros","status":"publish","type":"post","link":"https:\/\/tvbrazilusa.com\/pt\/2024\/12\/18\/aprovacao-ao-governo-despenca-entre-catolicos-em-2-anos-veja-numeros\/","title":{"rendered":"Aprova\u00e7\u00e3o ao governo despenca entre cat\u00f3licos em 2 anos; VEJA N\u00daMEROS"},"content":{"rendered":"<p> <script async src=\"https:\/\/pagead2.googlesyndication.com\/pagead\/js\/adsbygoogle.js?client=ca-pub-8864793242727901\"\r\n     crossorigin=\"anonymous\"><\/script><br \/>\n<\/p>\n<div id=\"taboola-read-more\" style=\"display:block; width:100%\">\n<p>Pesquisa PoderData realizada de 14 a 16 de dezembro de 2024 mostra que Lula tem agora suas piores taxas de aprova\u00e7\u00e3o desde a posse, em janeiro de 2023, entre cat\u00f3licos e evang\u00e9licos. Dentre os eleitores que declaram se identificar como cat\u00f3licos, 52% afirmam \u201caprovar\u201d o governo de Luiz In\u00e1cio Lula da Silva (PT). A taxa caiu 10 pontos percentuais em 2 anos.<\/p>\n<p>O percentual dos cat\u00f3licos que dizem desaprovar o governo Lula hoje \u00e9 de 40%. No in\u00edcio do mandato, era de 31%.\n<\/p>\n<p>Como mostra o quadro acima, em janeiro de 2023, a diferen\u00e7a entre os cat\u00f3licos que aprovavam e os que desaprovavam o governo Lula era de 31 pontos percentuais, uma situa\u00e7\u00e3o muito confort\u00e1vel para o petista. Hoje, essa diferen\u00e7a caiu para 12 pontos. A vantagem ainda existe, mas a trajet\u00f3ria das curvas s\u00e3o desafor\u00e1veis para o presidente.\n<\/p>\n<p>O cen\u00e1rio no eleitorado que se considera evang\u00e9lico sempre foi mais negativo para o atual presidente. Mas as curvas da trajet\u00f3ria desde a posse mostram uma varia\u00e7\u00e3o desfavor\u00e1vel a Lula.\n<\/p>\n<p>Nesse estrato espec\u00edfico, 63% dos entrevistados dizem \u201cdesaprovar\u201d o governo. Eram 56% em janeiro de 2023. A aprova\u00e7\u00e3o nesse grupo somava 31% no in\u00edcio do mandato petista. Agora, est\u00e1 em 29%.\n<\/p>\n<p>H\u00e1 24 meses, a diferen\u00e7a entre os que desaprovavam e aprovavam era de 25 pontos percentuais. Hoje, \u00e9 de 34 pontos. De novo, a trajet\u00f3ria das curvas mostram um resultado ruim para o governo Lula.\n<\/p>\n<p><img decoding=\"async\" src=\"https:\/\/assets.blogdobg.com.br\/uploads\/2024\/12\/IMG_7914.png\" alt=\"\" width=\"100%\"\/>\n<\/p>\n<p>Como mostra o quadro acima, em janeiro de 2023, a diferen\u00e7a entre os cat\u00f3licos que aprovavam e os que desaprovavam o governo Lula era de 31 pontos percentuais, uma situa\u00e7\u00e3o muito confort\u00e1vel para o petista. Hoje, essa diferen\u00e7a caiu para 12 pontos. A vantagem ainda existe, mas a trajet\u00f3ria das curvas s\u00e3o desafor\u00e1veis para o presidente.\n<\/p>\n<p>O cen\u00e1rio no eleitorado que se considera evang\u00e9lico sempre foi mais negativo para o atual presidente. Mas as curvas da trajet\u00f3ria desde a posse mostram uma varia\u00e7\u00e3o desfavor\u00e1vel a Lula.\n<\/p>\n<p>Nesse estrato espec\u00edfico, 63% dos entrevistados dizem \u201cdesaprovar\u201d o governo. Eram 56% em janeiro de 2023. A aprova\u00e7\u00e3o nesse grupo somava 31% no in\u00edcio do mandato petista. Agora, est\u00e1 em 29%.\n<\/p>\n<p>H\u00e1 24 meses, a diferen\u00e7a entre os que desaprovavam e aprovavam era de 25 pontos percentuais. Hoje, \u00e9 de 34 pontos. De novo, a trajet\u00f3ria das curvas mostram um resultado ruim para o governo Lula.\n<\/p>\n<p>Por considerar grupos espec\u00edficos, a margem de erro entre os fi\u00e9is dessas 2 religi\u00f5es \u00e9 maior do que a da pesquisa integral. Dentre os cat\u00f3licos, a margem de erro \u00e9 de 3,6 pontos percentuais. Dentre evang\u00e9licos, de 4 pontos percentuais. Mas as varia\u00e7\u00f5es ao longo do tempo mostram que o governo Lula vem, de fato, perdendo apoio nesses 2 grupos.\n<\/p>\n<p>A pesquisa foi realizada pelo PoderData, empresa do grupo Poder360 Jornalismo, com recursos pr\u00f3prios. Os dados foram coletados de 14 a 16 de dezembro de 2024, por meio de liga\u00e7\u00f5es para celulares e telefones fixos. Foram 2.500 entrevistas em 192 munic\u00edpios nas 27 unidades da Federa\u00e7\u00e3o. A margem de erro \u00e9 de 2 pontos percentuais. O intervalo de confian\u00e7a \u00e9 de 95%.\n<\/p>\n<p>Para chegar a 2.500 entrevistas que preencham proporcionalmente (conforme aparecem na sociedade) os grupos por sexo, idade, renda, escolaridade e localiza\u00e7\u00e3o geogr\u00e1fica, o PoderData faz dezenas de milhares de telefonemas. Muitas vezes, s\u00e3o mais de 100 mil liga\u00e7\u00f5es at\u00e9 que sejam encontrados os entrevistados que representem de forma fiel o conjunto da popula\u00e7\u00e3o.\n<\/p>\n<p><strong>Poder 360<\/strong>              <\/p>\n<\/div>\n<p><br \/>\n<br \/><a href=\"https:\/\/diariodobrasilnoticias.com.br\/noticia\/aprovacao-ao-governo-despenca-entre-catolicos-em-2-anos-veja-numeros-6762dc791fd10\">Source link <\/a><\/p>","protected":false},"excerpt":{"rendered":"<p>Pesquisa PoderData realizada de 14 a 16 de dezembro de 2024 mostra que Lula tem agora suas piores taxas de aprova\u00e7\u00e3o desde a posse, em janeiro de 2023, entre cat\u00f3licos&hellip;<\/p>","protected":false},"author":1,"featured_media":78539,"comment_status":"closed","ping_status":"open","sticky":false,"template":"","format":"standard","meta":{"content-type":"","footnotes":""},"categories":[16],"tags":[123,2448,5313,1267],"class_list":["post-78538","post","type-post","status-publish","format-standard","has-post-thumbnail","hentry","category-noticias","tag-brasil","tag-diario","tag-noticia","tag-noticias"],"_links":{"self":[{"href":"https:\/\/tvbrazilusa.com\/pt\/wp-json\/wp\/v2\/posts\/78538","targetHints":{"allow":["GET"]}}],"collection":[{"href":"https:\/\/tvbrazilusa.com\/pt\/wp-json\/wp\/v2\/posts"}],"about":[{"href":"https:\/\/tvbrazilusa.com\/pt\/wp-json\/wp\/v2\/types\/post"}],"author":[{"embeddable":true,"href":"https:\/\/tvbrazilusa.com\/pt\/wp-json\/wp\/v2\/users\/1"}],"replies":[{"embeddable":true,"href":"https:\/\/tvbrazilusa.com\/pt\/wp-json\/wp\/v2\/comments?post=78538"}],"version-history":[{"count":1,"href":"https:\/\/tvbrazilusa.com\/pt\/wp-json\/wp\/v2\/posts\/78538\/revisions"}],"predecessor-version":[{"id":78540,"href":"https:\/\/tvbrazilusa.com\/pt\/wp-json\/wp\/v2\/posts\/78538\/revisions\/78540"}],"wp:featuredmedia":[{"embeddable":true,"href":"https:\/\/tvbrazilusa.com\/pt\/wp-json\/wp\/v2\/media\/78539"}],"wp:attachment":[{"href":"https:\/\/tvbrazilusa.com\/pt\/wp-json\/wp\/v2\/media?parent=78538"}],"wp:term":[{"taxonomy":"category","embeddable":true,"href":"https:\/\/tvbrazilusa.com\/pt\/wp-json\/wp\/v2\/categories?post=78538"},{"taxonomy":"post_tag","embeddable":true,"href":"https:\/\/tvbrazilusa.com\/pt\/wp-json\/wp\/v2\/tags?post=78538"}],"curies":[{"name":"wp","href":"https:\/\/api.w.org\/{rel}","templated":true}]}}