{"id":78547,"date":"2024-12-18T15:53:29","date_gmt":"2024-12-18T15:53:29","guid":{"rendered":"https:\/\/tvbrazilusa.com\/2024\/12\/18\/o-ex-patriota-chris-long-fez-uma-previsao-ousada-sobre-a-primeira-temporada-de-bill-belichick-na-unc\/"},"modified":"2024-12-18T16:58:18","modified_gmt":"2024-12-18T16:58:18","slug":"o-ex-patriota-chris-long-fez-uma-previsao-ousada-sobre-a-primeira-temporada-de-bill-belichick-na-unc","status":"publish","type":"post","link":"https:\/\/tvbrazilusa.com\/pt\/2024\/12\/18\/o-ex-patriota-chris-long-fez-uma-previsao-ousada-sobre-a-primeira-temporada-de-bill-belichick-na-unc\/","title":{"rendered":"O ex-patriota Chris Long fez uma previs\u00e3o ousada sobre a primeira temporada de Bill Belichick na UNC"},"content":{"rendered":"<p> <script async src=\"https:\/\/pagead2.googlesyndication.com\/pagead\/js\/adsbygoogle.js?client=ca-pub-8864793242727901\"\r\n     crossorigin=\"anonymous\"><\/script><br \/>\n<\/p>\n<div id=\"\">\n<header class=\"m-article-header m-article-header--standard\">\n\t\t\t\t\t\t\t\t\t\t\t\t<span id=\"article-header-primary-term\"><br \/>\n\t\t\t\t\t\t\t\t<a class=\"a-term a-term--primary\" href=\"https:\/\/www.boston.com\/tag\/morning-sports-update\/\"><\/p>\n<p>\t\t\t\t\t\t\t\tAtualiza\u00e7\u00e3o esportiva matinal\t\t\t\t\t\t\t\t<\/a><br \/>\n\t\t\t\t\t\t\t<\/span><\/p>\n<h2 class=\"m-article-header__sub-headline\">\u201cN\u00e3o sab\u00edamos que ele aceitaria o cargo no dia em que o aceitou\u201d, disse Long sobre seu colega de \u201cInside the NFL\u201d.<\/h2>\n<figure class=\"a-photo m-article-header__photo\"><figcaption class=\"a-photo__caption\">\n<p>\tBill Belichick acena para a multid\u00e3o ap\u00f3s ser apresentado em um jogo de basquete da UNC.<em> AP Foto\/Ben McKeown<\/em>\t<\/figcaption><\/figure>\n<\/header>\n<p><strong>A opini\u00e3o de Chris Long sobre Bill Belichick como treinador universit\u00e1rio<\/strong>: O ex-atacante defensivo da NFL, Chris Long, apareceu ao lado de Bill Belichick no \u201cInside the NFL\u201d desta temporada. Mesmo assim, at\u00e9 ele ficou surpreso com o fato de o ex-t\u00e9cnico do Patriots ter decidido assumir a fun\u00e7\u00e3o de treinador principal na Universidade da Carolina do Norte.<\/p>\n<p>\u201cAcho que, como f\u00e3 de futebol, \u00e9 muito legal v\u00ea-lo em um ambiente diferente, v\u00ea-lo fazer algo diferente\u201d, disse Long durante uma entrevista no \u201c<a href=\"https:\/\/youtu.be\/ZiQvyRMKeog?si=bC-5yu6__7Nw9w46\">O programa do rico Eisen<\/a>. \u201cAcho que isso pode ser parte do que o motiva, fazer algo que ningu\u00e9m mais imaginou que ele fizesse. <\/p>\n<p>\u201cAgora, eu trabalho com ele no &#8216;Inside the NFL&#8217;, mas n\u00e3o sab\u00edamos de nada\u201d, afirmou Long, citando a evas\u00e3o habitual de Belichick. \u201cN\u00e3o sab\u00edamos que ele aceitaria o emprego no dia em que o aceitou.\u201d<\/p>\n<p>Long, agora com 39 anos, venceu o Super Bowl LI com os Patriots e o Super Bowl LII contra o New England (jogando pelos Eagles). Ele est\u00e1 otimista quanto \u00e0s chances de Belichick com a UNC em 2025.<\/p>\n<p>\u201cVou colocar desta forma\u201d, come\u00e7ou Long. \u201cEu analisei a agenda deles. Acho que Bill vai 11-1. Acho que ele perde para a Virg\u00ednia, mas por outro lado [he won\u2019t] perder.&#8221;<\/p>\n<p>\u00c9 verdade que Long \u00e9 ex-aluno da Virg\u00ednia e &#8211; especialmente devido ao seu sorriso ao fazer sua previs\u00e3o &#8211; pode n\u00e3o ser totalmente s\u00e9rio em sua previs\u00e3o.<\/p>\n<p>Ainda assim, Long tem experi\u00eancia em jogar em altos n\u00edveis tanto na faculdade quanto na NFL. Especificamente, ele tamb\u00e9m jogou no ACC (onde Belichick ser\u00e1 o t\u00e9cnico da UNC).<\/p>\n<p>Questionado sobre o que ele acha que Belichick instalar\u00e1, ele comparou isso \u00e0 capacidade do ex-t\u00e9cnico do Alabama, Nick Saban, de preparar os jogadores para os profissionais. Isto, observou Long, poderia proporcionar uma vantagem no recrutamento.<\/p>\n<p>\u201c\u00c9 uma esp\u00e9cie de programa profissional l\u00e1 embaixo, e acho que o UNC ser\u00e1 a mesma coisa\u201d, disse ele. \u201cAgora, os resultados em campo, veremos. Mas essas crian\u00e7as v\u00e3o fazer um curso intensivo, e se ele permanecer fiel a quem ele \u00e9, ser\u00e1 o \u00fanico lugar para onde voc\u00ea ir\u00e1, onde n\u00e3o lhe dir\u00e3o o que voc\u00ea quer ouvir.\u201d<\/p>\n<p>Al\u00e9m disso, o ex-atacante do Patriots acredita que Belichick e o GM da UNC Mike Lombardi ter\u00e3o uma vantagem inicial na constru\u00e7\u00e3o do elenco na era do NIL.<\/p>\n<p>\u201cAcho que agora, mais do que nunca, os atletas universit\u00e1rios s\u00e3o empres\u00e1rios. \u00c9 assim que eles t\u00eam que ser.\u201d<\/p>\n<p>Belichick permanece perto do recorde de vit\u00f3rias de todos os tempos da NFL por um t\u00e9cnico principal. Este fato (e seu possivelmente interesse nele) tornou tudo ainda mais surpreendente quando Belichick assumiu o papel da UNC.<\/p>\n<p>Parte disso se deveu ao fato de os times da NFL terem passado por ele nas mudan\u00e7as de treinador feitas ap\u00f3s a temporada de 2023. Long citou o \u00fanico lugar que supostamente teve uma entrevista com Belichick.<\/p>\n<p>\u201cOs Falcons zombaram dele\u201d, disse Long, referindo-se \u00e0 decis\u00e3o final da equipe de n\u00e3o contratar Belichick, apesar de v\u00e1rias entrevistas. \u201cOlhe para eles agora.\u201d<\/p>\n<p>Atlanta est\u00e1 atualmente com 7-7, mas perdeu quatro dos \u00faltimos cinco (e escapou por pouco na noite de segunda-feira com uma vit\u00f3ria sobre o \u00faltimo colocado Raiders).<\/p>\n<p>Quanto ao potencial fim da breve mas prol\u00edfica carreira de Belichick na m\u00eddia, Long v\u00ea isso como um bom investimento do ex-t\u00e9cnico do New England.<\/p>\n<p>\u201cAcho que ser\u00e1 muito \u00fatil para ele em um campus universit\u00e1rio o fato de ele ter trabalhado um ano na m\u00eddia\u201d, acrescentou Long, \u201cpara tirar a poeira daquela velha personalidade dele\u201d.<\/p>\n<figure class=\"wp-block-embed is-type-video is-provider-youtube wp-block-embed-youtube wp-embed-aspect-16-9 wp-has-aspect-ratio\">\n<p>\n<iframe title=\"\u2018Green Light\u2019 Host Chris Long: Why Belichick Chose UNC over an NFL Return | The Rich Eisen Show\" width=\"1170\" height=\"658\" src=\"https:\/\/www.youtube.com\/embed\/ZiQvyRMKeog?feature=oembed\" frameborder=\"0\" allow=\"accelerometer; autoplay; clipboard-write; encrypted-media; gyroscope; picture-in-picture; web-share\" referrerpolicy=\"strict-origin-when-cross-origin\" allowfullscreen><\/iframe>\n<\/p>\n<\/figure>\n<p><strong>Mais de Boston.com<\/strong>: <\/p>\n<p><strong>O retorno dos Bruins<\/strong>: Caso voc\u00ea tenha perdido o jogo dos Bruins na noite de ter\u00e7a-feira, aqui est\u00e1 uma olhada no retorno do Boston.<\/p>\n<figure class=\"wp-block-embed is-type-video is-provider-youtube wp-block-embed-youtube wp-embed-aspect-16-9 wp-has-aspect-ratio\">\n<p>\n<iframe title=\"NHL Highlights | Bruins vs. Flames - December 17, 2024\" width=\"1170\" height=\"658\" src=\"https:\/\/www.youtube.com\/embed\/OBwnZvvy3Ws?feature=oembed\" frameborder=\"0\" allow=\"accelerometer; autoplay; clipboard-write; encrypted-media; gyroscope; picture-in-picture; web-share\" referrerpolicy=\"strict-origin-when-cross-origin\" allowfullscreen><\/iframe>\n<\/p>\n<\/figure>\n<p><strong>Neste dia<\/strong>: Em 2014, o Celtics negociou Rajon Rondo com o Mavericks junto com Dwight Powell em troca de Jae Crowder, Jameer Nelson, Brandan Wright, uma escolha de 1\u00aa rodada do draft de 2016, uma escolha de 2\u00aa rodada de 2016 e uma exce\u00e7\u00e3o de negocia\u00e7\u00e3o de US$ 13 milh\u00f5es.<\/p>\n<p>O acordo sinalizou ainda mais o esfor\u00e7o de Danny Ainge para reconstruir o time e fechou a p\u00e1gina final do \u00faltimo cap\u00edtulo da pot\u00eancia do Celtics da gera\u00e7\u00e3o anterior (que atingiu o pico com o t\u00edtulo da NBA de 2008).<\/p>\n<figure class=\"wp-block-image size-full\"><img loading=\"lazy\" decoding=\"async\" width=\"1404\" height=\"2560\" src=\"https:\/\/bdc2020.o0bc.com\/wp-content\/uploads\/2023\/12\/Celtics_Trade_Rajon_Rondo_2014-65803c8529a66-scaled.jpg\" alt=\"2014 Rajon Rondo Celtics Trade Globe Sports\" class=\"wp-image-28805576\" srcset=\"https:\/\/bdc2020.o0bc.com\/wp-content\/uploads\/2023\/12\/Celtics_Trade_Rajon_Rondo_2014-65803c8529a66-scaled.jpg?width=200 200w, https:\/\/bdc2020.o0bc.com\/wp-content\/uploads\/2023\/12\/Celtics_Trade_Rajon_Rondo_2014-65803c8529a66-scaled.jpg?width=300 300w, https:\/\/bdc2020.o0bc.com\/wp-content\/uploads\/2023\/12\/Celtics_Trade_Rajon_Rondo_2014-65803c8529a66-scaled.jpg?width=400 400w, https:\/\/bdc2020.o0bc.com\/wp-content\/uploads\/2023\/12\/Celtics_Trade_Rajon_Rondo_2014-65803c8529a66-scaled.jpg?width=500 500w, https:\/\/bdc2020.o0bc.com\/wp-content\/uploads\/2023\/12\/Celtics_Trade_Rajon_Rondo_2014-65803c8529a66-scaled.jpg?width=600 600w, https:\/\/bdc2020.o0bc.com\/wp-content\/uploads\/2023\/12\/Celtics_Trade_Rajon_Rondo_2014-65803c8529a66-scaled.jpg?width=700 700w, https:\/\/bdc2020.o0bc.com\/wp-content\/uploads\/2023\/12\/Celtics_Trade_Rajon_Rondo_2014-65803c8529a66-scaled.jpg?width=800 800w, https:\/\/bdc2020.o0bc.com\/wp-content\/uploads\/2023\/12\/Celtics_Trade_Rajon_Rondo_2014-65803c8529a66-scaled.jpg?width=900 900w\" sizes=\"auto, (max-width: 1404px) 100vw, 1404px\"\/><\/figure>\n<p><strong>Destaque di\u00e1rio<\/strong>: Andrew Mangiapane fez uma grande jogada para primeiro contornar o zagueiro e depois finalizar.<\/p>\n<figure class=\"wp-block-embed is-type-video is-provider-youtube wp-block-embed-youtube wp-embed-aspect-16-9 wp-has-aspect-ratio\">\n<p>\n<iframe title=\"GOTTA SEE IT: Andrew Mangiapane Dangles Around TJ Brodie For Nasty Goal\" width=\"1170\" height=\"658\" src=\"https:\/\/www.youtube.com\/embed\/TpF4z79SJb0?feature=oembed\" frameborder=\"0\" allow=\"accelerometer; autoplay; clipboard-write; encrypted-media; gyroscope; picture-in-picture; web-share\" referrerpolicy=\"strict-origin-when-cross-origin\" allowfullscreen><\/iframe>\n<\/p>\n<\/figure>\n<div class=\"o-author-single no-avatar\">\n<header class=\"m-author-card\">\n<\/header>\n<section class=\"author-info\">\n<div class=\"m-author__section\">\n<p>Hayden Bird \u00e9 redator de esportes do Boston.com, onde trabalha desde 2016. Ele cobre todos os assuntos esportivos na Nova Inglaterra.<\/p>\n<\/div>\n<\/section>\n<\/div>\n<div class=\"m-block m-generic-cta\t m-generic-cta--post-content\t m-generic-cta--dark\t m-generic-cta--homepage\t m-generic-cta--email-signup\t\t m-generic-cta-block-style--default \tt-amp__generic-cta\"><\/p>\n<div class=\"m-generic-cta__wrap\">\n<div class=\"m-generic-cta__content\">\n<h3 class=\"m-generic-cta__title\">Boston.com hoje<\/h3>\n<p class=\"m-generic-cta__subtitle\">Inscreva-se para receber as \u00faltimas manchetes em sua caixa de entrada todas as manh\u00e3s.<\/p>\n<\/p><\/div>\n<\/p><\/div>\n<\/div><\/div>\n<p><script>\n\t\tvar consent=\"grant\";\n\t\t\/* The above code is parsing the JSON data from the local storage and storing it in a variable. *\/\n\t\t\t\t\tconst onetrustStorageConsent = JSON.parse(localStorage.getItem( 'consent_one_trust_bdc' ) );\n\t\t\tif ( ( onetrustStorageConsent !== null ) ) {\n\t\t\t\t\/* Checking to see if the user has consented to the use of cookies.\n\t\t\t\t* If they have not, it is deleting the cookie.\n\t\t\t\t* This will comment for now, until further notice.\n\t\t\t\t*\/\n\t\t\t\t\/\/if ( onetrustStorageConsent.C0002 === false ) {\n\t\t\t\t\/\/\tdocument.cookie=\"_fbp=;expires=Thu, 01 Jan 2010 00:00:00 UTC; path=\/; domain=.boston.com\";\n\t\t\t\t\/\/}\n\t\t\t\t\/* Checking if the user has given consent for the cookie C0002.\n\t\t\t\t* If the user has given consent, the variable consent will be set to 'grant'.\n\t\t\t\t* If the user has not given consent,the variable consent will be set to 'revoke'.\n\t\t\t\t* Documentation https:\/\/developers.facebook.com\/docs\/meta-pixel\/implementation\/gdpr\n\t\t\t\t*\/\n\t\t\t\tif ( onetrustStorageConsent.C0002 !== true ) {\n\t\t\t\t\tconsent=\"revoke\";\n\t\t\t\t}\n\t\t\t}\n\t\t\t\t!function(f,b,e,v,n,t,s)\n\t\t{if(f.fbq)return;n=f.fbq=function(){n.callMethod?\n\t\tn.callMethod.apply(n,arguments):n.queue.push(arguments)};\n\t\tif(!f._fbq)f._fbq=n;n.push=n;n.loaded=!0;n.version='2.0';\n\t\tn.queue=[];t=b.createElement(e);t.async=!0;\n\t\tt.src=v;s=b.getElementsByTagName(e)[0];\n\t\ts.parentNode.insertBefore(t,s)}(window, document,'script',\n\t\t'https:\/\/connect.facebook.net\/en_US\/fbevents.js');\n\t\tfbq('consent', consent);\n\t\tfbq('init', '989222871864976');\n\t\tfbq('track', 'PageView');\n\t<\/script><script type=\"module\">\n\t\tvar consent=\"grant\";\n\t\t\/* The above code is parsing the JSON data from the local storage and storing it in a variable. *\/\n\t\t\tconst onetrustStorageConsent = JSON.parse(localStorage.getItem( 'consent_one_trust_bdc' ) );\n\t\t\t\/* Checking to see if the user has consented to the use of cookies.\n\t\t\t* If they have not, it is deleting the cookie.\n\t\t\t* This will comment for now, until further notice.\n\t\t\t*\/\n\t\t\t\/\/if ( onetrustStorageConsent.C0002 === false ) {\n\t\t\t\/\/\tdocument.cookie=\"_fbp=;expires=Thu, 01 Jan 2010 00:00:00 UTC; path=\/; domain=.boston.com\";\n\t\t\t\/\/}\n\t\t\t\/* Checking if the user has given consent for the cookie C0002.\n\t\t\t* If the user has given consent, the variable consent will be set to 'grant'.\n\t\t\t* If the user has not given consent,the variable consent will be set to 'revoke'.\n\t\t\t* Documentation https:\/\/developers.facebook.com\/docs\/meta-pixel\/implementation\/gdpr\n\t\t\t*\/\n\t\t\tif ( ( onetrustStorageConsent !== null ) && (onetrustStorageConsent.C0002 !== true ) ) {\n\t\t\t\tconsent=\"revoke\";\n\t\t\t}\n\t\t\t\t!function(f,b,e,v,n,t,s){if(f.fbq)return;n=f.fbq=function()\n\t\t{n.callMethod? n.callMethod.apply(n,arguments):n.queue.push(arguments)}\n\t\t;if(!f._fbq)f._fbq=n;\n\t\tn.push=n;n.loaded=!0;n.version='2.0';n.queue=[];t=b.createElement(e);t.async=!0;\n\t\tt.src=v;s=b.getElementsByTagName(e)[0];s.parentNode.insertBefore(t,s)}(window,\n\t\tdocument,'script','https:\/\/connect.facebook.net\/en_US\/fbevents.js');\n\t\tfbq('consent', consent);\n\t\tfbq('init', '813236348753005');\n\t\tfbq('track', \"PageView\");\n\t<\/script><br \/>\n<br \/><br \/>\n<br \/><a href=\"https:\/\/www.boston.com\/sports\/morning-sports-update\/2024\/12\/18\/bill-belichick-unc-prediction-2025-chris-long\/\">Source link <\/a><\/p>","protected":false},"excerpt":{"rendered":"<p>Atualiza\u00e7\u00e3o esportiva matinal \u201cN\u00e3o sab\u00edamos que ele aceitaria o cargo no dia em que o aceitou\u201d, disse Long sobre seu colega de \u201cInside the NFL\u201d. Bill Belichick acena para a&hellip;<\/p>","protected":false},"author":1,"featured_media":78548,"comment_status":"closed","ping_status":"open","sticky":false,"template":"","format":"standard","meta":{"content-type":"","footnotes":""},"categories":[1],"tags":[],"class_list":["post-78547","post","type-post","status-publish","format-standard","has-post-thumbnail","hentry","category-uncategorized"],"_links":{"self":[{"href":"https:\/\/tvbrazilusa.com\/pt\/wp-json\/wp\/v2\/posts\/78547","targetHints":{"allow":["GET"]}}],"collection":[{"href":"https:\/\/tvbrazilusa.com\/pt\/wp-json\/wp\/v2\/posts"}],"about":[{"href":"https:\/\/tvbrazilusa.com\/pt\/wp-json\/wp\/v2\/types\/post"}],"author":[{"embeddable":true,"href":"https:\/\/tvbrazilusa.com\/pt\/wp-json\/wp\/v2\/users\/1"}],"replies":[{"embeddable":true,"href":"https:\/\/tvbrazilusa.com\/pt\/wp-json\/wp\/v2\/comments?post=78547"}],"version-history":[{"count":1,"href":"https:\/\/tvbrazilusa.com\/pt\/wp-json\/wp\/v2\/posts\/78547\/revisions"}],"predecessor-version":[{"id":78549,"href":"https:\/\/tvbrazilusa.com\/pt\/wp-json\/wp\/v2\/posts\/78547\/revisions\/78549"}],"wp:featuredmedia":[{"embeddable":true,"href":"https:\/\/tvbrazilusa.com\/pt\/wp-json\/wp\/v2\/media\/78548"}],"wp:attachment":[{"href":"https:\/\/tvbrazilusa.com\/pt\/wp-json\/wp\/v2\/media?parent=78547"}],"wp:term":[{"taxonomy":"category","embeddable":true,"href":"https:\/\/tvbrazilusa.com\/pt\/wp-json\/wp\/v2\/categories?post=78547"},{"taxonomy":"post_tag","embeddable":true,"href":"https:\/\/tvbrazilusa.com\/pt\/wp-json\/wp\/v2\/tags?post=78547"}],"curies":[{"name":"wp","href":"https:\/\/api.w.org\/{rel}","templated":true}]}}