{"id":78568,"date":"2024-12-18T17:22:11","date_gmt":"2024-12-18T17:22:11","guid":{"rendered":"https:\/\/tvbrazilusa.com\/2024\/12\/18\/aeroporto-logan-relata-um-ano-recorde-em-2024\/"},"modified":"2024-12-18T17:28:12","modified_gmt":"2024-12-18T17:28:12","slug":"aeroporto-logan-relata-um-ano-recorde-em-2024","status":"publish","type":"post","link":"https:\/\/tvbrazilusa.com\/pt\/2024\/12\/18\/aeroporto-logan-relata-um-ano-recorde-em-2024\/","title":{"rendered":"Aeroporto Logan relata um ano recorde em 2024"},"content":{"rendered":"<p> <script async src=\"https:\/\/pagead2.googlesyndication.com\/pagead\/js\/adsbygoogle.js?client=ca-pub-8864793242727901\"\r\n     crossorigin=\"anonymous\"><\/script><br \/>\n<\/p>\n<div id=\"\">\n<header class=\"m-article-header m-article-header--standard\">\n\t\t\t\t\t\t\t\t\t\t\t\t<span id=\"article-header-primary-term\"><br \/>\n\t\t\t\t\t\t\t\t<a class=\"a-term a-term--primary\" href=\"https:\/\/www.boston.com\/tag\/travel\/\"><\/p>\n<p>\t\t\t\t\t\t\t\tViagem\t\t\t\t\t\t\t\t<\/a><br \/>\n\t\t\t\t\t\t\t<\/span><\/p>\n<h2 class=\"m-article-header__sub-headline\">O n\u00famero de passageiros no Logan Express tamb\u00e9m quebrou um recorde.<\/h2>\n<figure class=\"a-photo m-article-header__photo\"><figcaption class=\"a-photo__caption\">\n<p>\tRich Davey, CEO da Massport; Hayes Morrison, subsecret\u00e1rio do MassDOT; Candice Stover, da Delta Air Lines; Reagan Berry, o 43 milh\u00f5es de passageiros do Aeroporto Logan; e Ed Freni, diretor de avia\u00e7\u00e3o da Massport, comemoram o ano mais movimentado no Aeroporto Logan.<em> Massport <\/em>\t<\/figcaption><\/figure>\n<\/header>\n<p><a href=\"https:\/\/www.boston.com\/tag\/logan-airport\/\">Aeroporto Logan<\/a> viu uma quantidade recorde de passageiros em 2024. <\/p>\n<div class=\"m-block t-amp__list-container m-article-list-container m-article-list-container--frame-border a-border-frame  a-list-header__headline--red m-article-list--alternative--default  m-article-list--full\">\n<ul class=\"t-amp__list a-list--no-style m-article-list m-article-list--recirculation m-article-list--has-images\">\n<li class=\"m-article-list__item\">\n\t\t\t<a class=\"m-article-list__link-wrapper\" href=\"https:\/\/www.boston.com\/travel\/flights\/2024\/12\/12\/jetblue-is-adding-2-transatlantic-routes-from-boston\/?p1=article_recirc_inline_feature\" data-p1=\"article_recirc_inline_feature\"><br \/>\n\t\t\t\t<img fetchpriority=\"high\" decoding=\"async\" width=\"768\" height=\"432\" src=\"https:\/\/bdc2020.o0bc.com\/wp-content\/uploads\/2024\/11\/spain_MB3GFZFUJRFZDHLVAZBCIA3I64-6745e1237d454-768x432.jpg\" class=\"t-amp__list-image m-article-list__image\" alt=\"Paulo Hanna\" aria-hidden=\"true\" srcset=\"https:\/\/bdc2020.o0bc.com\/wp-content\/uploads\/2024\/11\/spain_MB3GFZFUJRFZDHLVAZBCIA3I64-6745e1237d454-768x432.jpg?width=200 200w, https:\/\/bdc2020.o0bc.com\/wp-content\/uploads\/2024\/11\/spain_MB3GFZFUJRFZDHLVAZBCIA3I64-6745e1237d454-768x432.jpg?width=300 300w, https:\/\/bdc2020.o0bc.com\/wp-content\/uploads\/2024\/11\/spain_MB3GFZFUJRFZDHLVAZBCIA3I64-6745e1237d454-768x432.jpg?width=400 400w, https:\/\/bdc2020.o0bc.com\/wp-content\/uploads\/2024\/11\/spain_MB3GFZFUJRFZDHLVAZBCIA3I64-6745e1237d454-768x432.jpg?width=500 500w, https:\/\/bdc2020.o0bc.com\/wp-content\/uploads\/2024\/11\/spain_MB3GFZFUJRFZDHLVAZBCIA3I64-6745e1237d454-768x432.jpg?width=600 600w, https:\/\/bdc2020.o0bc.com\/wp-content\/uploads\/2024\/11\/spain_MB3GFZFUJRFZDHLVAZBCIA3I64-6745e1237d454-768x432.jpg?width=700 700w, https:\/\/bdc2020.o0bc.com\/wp-content\/uploads\/2024\/11\/spain_MB3GFZFUJRFZDHLVAZBCIA3I64-6745e1237d454-768x432.jpg?width=800 800w, https:\/\/bdc2020.o0bc.com\/wp-content\/uploads\/2024\/11\/spain_MB3GFZFUJRFZDHLVAZBCIA3I64-6745e1237d454-768x432.jpg?width=900 900w\" sizes=\"(max-width: 768px) 100vw, 768px\"\/>\t\t\t\t\t<\/p>\n<div class=\"m-article-list__content\">\n<h4 class=\"m-article-list__headline t-amp__list-headline\">\n\t\t\t\t\t\t\t<span class=\"m-article-list__link a-link a-link--inline a-link--text-link a-link--text-link-dark\"><\/p>\n<p>\t\t\t\t\t\t\tJetBlue est\u00e1 adicionando 2 rotas transatl\u00e2nticas de Boston\t\t\t\t\t\t\t<\/span><br \/>\n\t\t\t\t\t\t<\/h4>\n<\/p><\/div>\n<p>\t\t\t\t<\/a>\n\t\t\t<\/li>\n<\/ul>\n<\/div>\n<p>O aeroporto atendeu 43 milh\u00f5es de viajantes, acima do recorde anterior de 42,5 milh\u00f5es estabelecido em 2019. <\/p>\n<p>\u201cEstou extremamente orgulhoso de todo o excelente trabalho que nossa comunidade aeroportu\u00e1ria realiza todos os dias para proporcionar uma experi\u00eancia de viagem tranquila e agrad\u00e1vel aos nossos passageiros\u201d, disse Rich Davey, CEO da Massport, em comunicado. \u201c\u00c0 medida que continuamos a crescer, \u00e9<br \/>\u00c9 essencial que administremos o nosso crescimento e continuemos a trabalhar ao lado das nossas comunidades vizinhas e a reduzir as nossas emiss\u00f5es para promover um futuro mais sustent\u00e1vel. Este marco \u00e9 enorme para Logan, n\u00e3o apenas porque \u00e9 um<br \/>novo recorde para o aeroporto, mas tamb\u00e9m sinalizando que estamos conectando mais pessoas em todo o mundo.\u201d<\/p>\n<p>O Aeroporto Logan atende mais de 30 pa\u00edses, com 84 destinos dom\u00e9sticos e 59 internacionais. Novos destinos internacionais incluem Funchal, Portugal e Abu Dhabi. Logan deu as boas-vindas \u00e0s companhias a\u00e9reas Aeromexico com um voo para a Cidade do M\u00e9xico e Hainan Airlines com um voo para Pequim, bem como duas novas companhias a\u00e9reas: Austrian Airlines e Etihad.<\/p>\n<p>O Logan Express (LEX), que oferece transporte de e para o aeroporto, tamb\u00e9m bateu recorde este ano ao atender mais de 2,5 milh\u00f5es de passageiros. O LEX dobrou seu n\u00famero de passageiros nos \u00faltimos 10 anos, de acordo com a Massport, que expandiu o sistema. Em agosto, a Massport mudou o local do Peabody LEX para Danvers, mais do que dobrando a quantidade de estacionamento. Devido \u00e0 demanda, o site Framingham Logan Express est\u00e1 se expandindo para incluir mais 1.000 vagas de estacionamento. <\/p>\n<p>A Massport est\u00e1 passando por atualiza\u00e7\u00f5es e melhorias para melhorar o atendimento ao cliente, aumentar a seguran\u00e7a e a prote\u00e7\u00e3o e cumprir as metas ambientais e de sustentabilidade.<\/p>\n<p>A Massport gastar\u00e1 mais de US$ 500 milh\u00f5es em projetos Net Zero nos pr\u00f3ximos cinco anos. Um projeto na garagem do Terminal B que separou ve\u00edculos particulares de \u00f4nibus, aumentou o espa\u00e7o \u00fatil no meio-fio e melhorou as \u00e1reas de embarque e desembarque foi recentemente conclu\u00eddo. Os passageiros ver\u00e3o melhorias nas estradas e os est\u00e1gios iniciais de um novo centro de transporte multin\u00edvel no Terminal E. Outro projeto em andamento \u00e9 um conector p\u00f3s-seguran\u00e7a para os Terminais A e B, para que os passageiros possam se conectar facilmente entre todos os terminais. <\/p>\n<p>Reagan Berry, de Boston, foi homenageado na ter\u00e7a-feira como o 43 milh\u00f5es de passageiros com passagens gratuitas da Delta Air Lines.<\/p>\n<p>O Aeroporto Logan oferece quase 20.000 empregos e gera quase US$ 20 bilh\u00f5es anualmente em benef\u00edcios econ\u00f4micos.<\/p>\n<div class=\"o-author-single has-avatar\">\n<header class=\"m-author-card\">\n<div class=\"a-image a-image--square m-author-card__image\">\n\t\t<img decoding=\"async\" class=\"\" src=\"https:\/\/www.boston.com\/wp-content\/uploads\/2024\/10\/cropped-IMG_4797-6707dc45a689a-rotated-1-6707dc4f72826-242x242.jpg\" alt=\"Imagem do perfil de Kristi Palma\"\/>\t<\/div>\n<div class=\"m-author-card__text\">\n<h3 class=\"m-author-card__title\"><a href=\"https:\/\/www.boston.com\/author\/kristi.palma\">Kristi Palma<\/a><\/h3>\n<p><span class=\"m-author-card__subtitle\">Escritor de cultura<\/span>\t<\/div>\n<\/header>\n<section class=\"author-info\">\n<div class=\"m-author__section\">\n<p>Kristi Palma \u00e9 redatora cultural do Boston.com, com foco em viagens para a Nova Inglaterra. Ela cobre companhias a\u00e9reas, hot\u00e9is e atividades em Boston e na Nova Inglaterra. Ela \u00e9 autora de <a href=\"https:\/\/www.boston.com\/tag\/scenic-six\/\">C\u00e9nico Seis<\/a>um boletim informativo semanal de viagens.<\/p>\n<\/div>\n<\/section>\n<\/div>\n<div class=\"m-block m-generic-cta\t m-generic-cta--post-content\t m-generic-cta--dark\t m-generic-cta--homepage\t m-generic-cta--email-signup\t\t m-generic-cta-block-style--default \tt-amp__generic-cta\"><\/p>\n<div class=\"m-generic-cta__wrap\">\n<div class=\"m-generic-cta__content\">\n<h3 class=\"m-generic-cta__title\">Inscreva-se no Scenic Six<\/h3>\n<p class=\"m-generic-cta__subtitle\">Navegue pelas infinitas possibilidades de viagens para a Nova Inglaterra com Boston.com.<\/p>\n<\/p><\/div>\n<\/p><\/div>\n<\/div><\/div>\n<p><script>\n\t\tvar consent=\"grant\";\n\t\t\/* The above code is parsing the JSON data from the local storage and storing it in a variable. *\/\n\t\t\t\t\tconst onetrustStorageConsent = JSON.parse(localStorage.getItem( 'consent_one_trust_bdc' ) );\n\t\t\tif ( ( onetrustStorageConsent !== null ) ) {\n\t\t\t\t\/* Checking to see if the user has consented to the use of cookies.\n\t\t\t\t* If they have not, it is deleting the cookie.\n\t\t\t\t* This will comment for now, until further notice.\n\t\t\t\t*\/\n\t\t\t\t\/\/if ( onetrustStorageConsent.C0002 === false ) {\n\t\t\t\t\/\/\tdocument.cookie=\"_fbp=;expires=Thu, 01 Jan 2010 00:00:00 UTC; path=\/; domain=.boston.com\";\n\t\t\t\t\/\/}\n\t\t\t\t\/* Checking if the user has given consent for the cookie C0002.\n\t\t\t\t* If the user has given consent, the variable consent will be set to 'grant'.\n\t\t\t\t* If the user has not given consent,the variable consent will be set to 'revoke'.\n\t\t\t\t* Documentation https:\/\/developers.facebook.com\/docs\/meta-pixel\/implementation\/gdpr\n\t\t\t\t*\/\n\t\t\t\tif ( onetrustStorageConsent.C0002 !== true ) {\n\t\t\t\t\tconsent=\"revoke\";\n\t\t\t\t}\n\t\t\t}\n\t\t\t\t!function(f,b,e,v,n,t,s)\n\t\t{if(f.fbq)return;n=f.fbq=function(){n.callMethod?\n\t\tn.callMethod.apply(n,arguments):n.queue.push(arguments)};\n\t\tif(!f._fbq)f._fbq=n;n.push=n;n.loaded=!0;n.version='2.0';\n\t\tn.queue=[];t=b.createElement(e);t.async=!0;\n\t\tt.src=v;s=b.getElementsByTagName(e)[0];\n\t\ts.parentNode.insertBefore(t,s)}(window, document,'script',\n\t\t'https:\/\/connect.facebook.net\/en_US\/fbevents.js');\n\t\tfbq('consent', consent);\n\t\tfbq('init', '989222871864976');\n\t\tfbq('track', 'PageView');\n\t<\/script><script type=\"module\">\n\t\tvar consent=\"grant\";\n\t\t\/* The above code is parsing the JSON data from the local storage and storing it in a variable. *\/\n\t\t\tconst onetrustStorageConsent = JSON.parse(localStorage.getItem( 'consent_one_trust_bdc' ) );\n\t\t\t\/* Checking to see if the user has consented to the use of cookies.\n\t\t\t* If they have not, it is deleting the cookie.\n\t\t\t* This will comment for now, until further notice.\n\t\t\t*\/\n\t\t\t\/\/if ( onetrustStorageConsent.C0002 === false ) {\n\t\t\t\/\/\tdocument.cookie=\"_fbp=;expires=Thu, 01 Jan 2010 00:00:00 UTC; path=\/; domain=.boston.com\";\n\t\t\t\/\/}\n\t\t\t\/* Checking if the user has given consent for the cookie C0002.\n\t\t\t* If the user has given consent, the variable consent will be set to 'grant'.\n\t\t\t* If the user has not given consent,the variable consent will be set to 'revoke'.\n\t\t\t* Documentation https:\/\/developers.facebook.com\/docs\/meta-pixel\/implementation\/gdpr\n\t\t\t*\/\n\t\t\tif ( ( onetrustStorageConsent !== null ) && (onetrustStorageConsent.C0002 !== true ) ) {\n\t\t\t\tconsent=\"revoke\";\n\t\t\t}\n\t\t\t\t!function(f,b,e,v,n,t,s){if(f.fbq)return;n=f.fbq=function()\n\t\t{n.callMethod? n.callMethod.apply(n,arguments):n.queue.push(arguments)}\n\t\t;if(!f._fbq)f._fbq=n;\n\t\tn.push=n;n.loaded=!0;n.version='2.0';n.queue=[];t=b.createElement(e);t.async=!0;\n\t\tt.src=v;s=b.getElementsByTagName(e)[0];s.parentNode.insertBefore(t,s)}(window,\n\t\tdocument,'script','https:\/\/connect.facebook.net\/en_US\/fbevents.js');\n\t\tfbq('consent', consent);\n\t\tfbq('init', '813236348753005');\n\t\tfbq('track', \"PageView\");\n\t<\/script><br \/>\n<br \/><br \/>\n<br \/><a href=\"https:\/\/www.boston.com\/travel\/travel\/2024\/12\/18\/logan-airport-reports-a-record-breaking-year-in-2024\/\">Source link <\/a><\/p>","protected":false},"excerpt":{"rendered":"<p>Viagem O n\u00famero de passageiros no Logan Express tamb\u00e9m quebrou um recorde. Rich Davey, CEO da Massport; Hayes Morrison, subsecret\u00e1rio do MassDOT; Candice Stover, da Delta Air Lines; Reagan Berry,&hellip;<\/p>","protected":false},"author":1,"featured_media":78569,"comment_status":"closed","ping_status":"open","sticky":false,"template":"","format":"standard","meta":{"content-type":"","footnotes":""},"categories":[1],"tags":[],"class_list":["post-78568","post","type-post","status-publish","format-standard","has-post-thumbnail","hentry","category-uncategorized"],"_links":{"self":[{"href":"https:\/\/tvbrazilusa.com\/pt\/wp-json\/wp\/v2\/posts\/78568","targetHints":{"allow":["GET"]}}],"collection":[{"href":"https:\/\/tvbrazilusa.com\/pt\/wp-json\/wp\/v2\/posts"}],"about":[{"href":"https:\/\/tvbrazilusa.com\/pt\/wp-json\/wp\/v2\/types\/post"}],"author":[{"embeddable":true,"href":"https:\/\/tvbrazilusa.com\/pt\/wp-json\/wp\/v2\/users\/1"}],"replies":[{"embeddable":true,"href":"https:\/\/tvbrazilusa.com\/pt\/wp-json\/wp\/v2\/comments?post=78568"}],"version-history":[{"count":1,"href":"https:\/\/tvbrazilusa.com\/pt\/wp-json\/wp\/v2\/posts\/78568\/revisions"}],"predecessor-version":[{"id":78570,"href":"https:\/\/tvbrazilusa.com\/pt\/wp-json\/wp\/v2\/posts\/78568\/revisions\/78570"}],"wp:featuredmedia":[{"embeddable":true,"href":"https:\/\/tvbrazilusa.com\/pt\/wp-json\/wp\/v2\/media\/78569"}],"wp:attachment":[{"href":"https:\/\/tvbrazilusa.com\/pt\/wp-json\/wp\/v2\/media?parent=78568"}],"wp:term":[{"taxonomy":"category","embeddable":true,"href":"https:\/\/tvbrazilusa.com\/pt\/wp-json\/wp\/v2\/categories?post=78568"},{"taxonomy":"post_tag","embeddable":true,"href":"https:\/\/tvbrazilusa.com\/pt\/wp-json\/wp\/v2\/tags?post=78568"}],"curies":[{"name":"wp","href":"https:\/\/api.w.org\/{rel}","templated":true}]}}