{"id":78594,"date":"2024-12-18T18:12:25","date_gmt":"2024-12-18T18:12:25","guid":{"rendered":"https:\/\/tvbrazilusa.com\/2024\/12\/18\/mae-de-nardoni-se-emociona-ao-relatar-a-reacao-do-filho-ao-assassinato-da-irma\/"},"modified":"2024-12-18T18:12:26","modified_gmt":"2024-12-18T18:12:26","slug":"mae-de-nardoni-se-emociona-ao-relatar-a-reacao-do-filho-ao-assassinato-da-irma","status":"publish","type":"post","link":"https:\/\/tvbrazilusa.com\/pt\/2024\/12\/18\/mae-de-nardoni-se-emociona-ao-relatar-a-reacao-do-filho-ao-assassinato-da-irma\/","title":{"rendered":"M\u00e3e de Nardoni se emociona ao relatar a rea\u00e7\u00e3o do filho ao assassinato da irm\u00e3"},"content":{"rendered":"<p> <script async src=\"https:\/\/pagead2.googlesyndication.com\/pagead\/js\/adsbygoogle.js?client=ca-pub-8864793242727901\"\r\n     crossorigin=\"anonymous\"><\/script><br \/>\n<\/p>\n<div id=\"taboola-read-more\" style=\"display:block; width:100%\">\n<p>Ana Carolina Oliveira, m\u00e3e de Isabella Nardoni, se emocionou ao contar como seu filho, Miguel, de 8 anos, reagiu ao descobrir sobre o assassinato da irm\u00e3. Ela contou que o menino teve uma crise ap\u00f3s ler na internet detalhes do crime, que aconteceu em 2008.\n<\/p>\n<p>\u201cMeu filho achou que meu marido iria mat\u00e1-lo. Ele viu na internet que o pai da minha filha matou ela. Ent\u00e3o tive que explicar que os pais n\u00e3o fazem isso, que isso n\u00e3o \u00e9 normal, que isso n\u00e3o \u00e9 comum\u201d, revelou Ana Carolina.<\/p>\n<p>\u201cQuando cheguei em casa, meu marido me contou. Imagine s\u00f3 o meu marido, que n\u00e3o fez parte dessa hist\u00f3ria, se sentiu. Como tive que tratar meu filho sobre uma hist\u00f3ria que n\u00e3o pertence a ele. \u00c9 doloroso ter que viver isso dentro de casa\u201d, completou.\n<\/p>\n<p>Ana Carolina teve dois filhos ap\u00f3s a morte de Isabella Nardoni: Miguel, de 8 anos, e Maria Fernanda, 4.\n<\/p>\n<p>Isabella Nardoni morreu em 2008, aos 5 anos, ap\u00f3s ser jogada pelo pai, Alexandre Nardoni, e pela madrasta, Ana Carolina Jatob\u00e1, da janela de um apartamento na capital paulista. A menina foi agredida e, depois, arremessada do sexto andar.<\/p>\n<p>Fonte: Metr\u00f3poles              <\/p>\n<\/div>\n<p><br \/>\n<br \/><a href=\"https:\/\/diariodobrasilnoticias.com.br\/noticia\/mae-de-nardoni-se-emociona-ao-relatar-a-reacao-do-filho-ao-assassinato-da-irma-6762ee801f3d8\">Source link <\/a><\/p>","protected":false},"excerpt":{"rendered":"<p>Ana Carolina Oliveira, m\u00e3e de Isabella Nardoni, se emocionou ao contar como seu filho, Miguel, de 8 anos, reagiu ao descobrir sobre o assassinato da irm\u00e3. Ela contou que o&hellip;<\/p>","protected":false},"author":1,"featured_media":78595,"comment_status":"closed","ping_status":"open","sticky":false,"template":"","format":"standard","meta":{"content-type":"","footnotes":""},"categories":[16],"tags":[123,2448,5313,1267],"class_list":["post-78594","post","type-post","status-publish","format-standard","has-post-thumbnail","hentry","category-noticias","tag-brasil","tag-diario","tag-noticia","tag-noticias"],"_links":{"self":[{"href":"https:\/\/tvbrazilusa.com\/pt\/wp-json\/wp\/v2\/posts\/78594","targetHints":{"allow":["GET"]}}],"collection":[{"href":"https:\/\/tvbrazilusa.com\/pt\/wp-json\/wp\/v2\/posts"}],"about":[{"href":"https:\/\/tvbrazilusa.com\/pt\/wp-json\/wp\/v2\/types\/post"}],"author":[{"embeddable":true,"href":"https:\/\/tvbrazilusa.com\/pt\/wp-json\/wp\/v2\/users\/1"}],"replies":[{"embeddable":true,"href":"https:\/\/tvbrazilusa.com\/pt\/wp-json\/wp\/v2\/comments?post=78594"}],"version-history":[{"count":1,"href":"https:\/\/tvbrazilusa.com\/pt\/wp-json\/wp\/v2\/posts\/78594\/revisions"}],"predecessor-version":[{"id":78596,"href":"https:\/\/tvbrazilusa.com\/pt\/wp-json\/wp\/v2\/posts\/78594\/revisions\/78596"}],"wp:featuredmedia":[{"embeddable":true,"href":"https:\/\/tvbrazilusa.com\/pt\/wp-json\/wp\/v2\/media\/78595"}],"wp:attachment":[{"href":"https:\/\/tvbrazilusa.com\/pt\/wp-json\/wp\/v2\/media?parent=78594"}],"wp:term":[{"taxonomy":"category","embeddable":true,"href":"https:\/\/tvbrazilusa.com\/pt\/wp-json\/wp\/v2\/categories?post=78594"},{"taxonomy":"post_tag","embeddable":true,"href":"https:\/\/tvbrazilusa.com\/pt\/wp-json\/wp\/v2\/tags?post=78594"}],"curies":[{"name":"wp","href":"https:\/\/api.w.org\/{rel}","templated":true}]}}