{"id":78623,"date":"2024-12-18T18:59:15","date_gmt":"2024-12-18T18:59:15","guid":{"rendered":"https:\/\/tvbrazilusa.com\/2024\/12\/18\/saiba-quem-foi-o-general-assassinado-que-liderava-as-forcas-biologicas-e-quimicas-da-russia\/"},"modified":"2024-12-18T18:59:16","modified_gmt":"2024-12-18T18:59:16","slug":"saiba-quem-foi-o-general-assassinado-que-liderava-as-forcas-biologicas-e-quimicas-da-russia","status":"publish","type":"post","link":"https:\/\/tvbrazilusa.com\/pt\/2024\/12\/18\/saiba-quem-foi-o-general-assassinado-que-liderava-as-forcas-biologicas-e-quimicas-da-russia\/","title":{"rendered":"Saiba quem foi o general assassinado que liderava as for\u00e7as biol\u00f3gicas e qu\u00edmicas da R\u00fassia"},"content":{"rendered":"<p> <script async src=\"https:\/\/pagead2.googlesyndication.com\/pagead\/js\/adsbygoogle.js?client=ca-pub-8864793242727901\"\r\n     crossorigin=\"anonymous\"><\/script><br \/>\n<\/p>\n<div id=\"taboola-read-more\" style=\"display:block; width:100%\">\n<p>O chefe da unidade de armas biol\u00f3gicas e qu\u00edmicas das For\u00e7as Armadas russas, o tenente-general Igor Kirillov, foi morto junto com seu vice na manh\u00e3 desta ter\u00e7a-feira (17) em uma explos\u00e3o em Moscou.<br \/>Fontes ucranianas disseram que o Servi\u00e7o de Seguran\u00e7a da Ucr\u00e2nia (SBU) eliminou Kirillov em uma opera\u00e7\u00e3o especial. Elas informaram ainda que uma scooter com explosivos foi detonada perto de Kirillov e seu assistente do lado de fora de um pr\u00e9dio de apartamentos na capital russa.\n<\/p>\n<p>Quem \u00e9 Igor Kirillov?<br \/>O tenente-general Igor Kirillov, de 54 anos, chefiou as for\u00e7as de defesa radiol\u00f3gica, qu\u00edmica e biol\u00f3gica das for\u00e7as armadas russas desde 2017.<\/p>\n<p>Kirillov e a unidade que ele chefiou foram sancionados por v\u00e1rios pa\u00edses, incluindo Reino Unido, Canad\u00e1 e EUA, pelo uso de armas qu\u00edmicas na Ucr\u00e2nia.\n<\/p>\n<p>A SBU disse que registrou mais de 4.800 ocasi\u00f5es em que a R\u00fassia usou armas qu\u00edmicas no campo de batalha desde que o presidente Vladimir Putin lan\u00e7ou sua invas\u00e3o em grande escala em fevereiro de 2022.\n<\/p>\n<p>Em maio, o Departamento de Estado dos Estados Unidos anunciou san\u00e7\u00f5es contra a unidade de Kirillov, dizendo que os EUA registraram o uso de cloropicrina, um g\u00e1s venenoso implantado pela primeira vez na Primeira Guerra Mundial, contra tropas ucranianas.\n<\/p>\n<p>Kirillov, que estava no cargo desde abril de 2017, tamb\u00e9m foi acusado pelo governo dos EUA de ajudar a espalhar desinforma\u00e7\u00e3o sobre armas biol\u00f3gicas e pesquisas. O militar russo foi condenado \u00e0 revelia por um tribunal ucraniano em 16 de dezembro pelo uso de armas qu\u00edmicas proibidas na Ucr\u00e2nia.\n<\/p>\n<p>Por fim, o assassinato de Kirillov por parte dos ucranianos n\u00e3o \u00e9 isolado, nem aleat\u00f3rio \u2014 mas faz parte de um plano estrat\u00e9gico da Ucr\u00e2nia. Portanto, isso \u00e9 uma grande derrota para Putin.<\/p>\n<p>Fonte: Pleno News              <\/p>\n<\/div>\n<p><br \/>\n<br \/><a href=\"https:\/\/diariodobrasilnoticias.com.br\/noticia\/saiba-quem-foi-o-general-assassinado-que-liderava-as-forcas-biologicas-e-quimicas-da-russia-6762fab525b02\">Source link <\/a><\/p>","protected":false},"excerpt":{"rendered":"<p>O chefe da unidade de armas biol\u00f3gicas e qu\u00edmicas das For\u00e7as Armadas russas, o tenente-general Igor Kirillov, foi morto junto com seu vice na manh\u00e3 desta ter\u00e7a-feira (17) em uma&hellip;<\/p>","protected":false},"author":1,"featured_media":78624,"comment_status":"closed","ping_status":"open","sticky":false,"template":"","format":"standard","meta":{"content-type":"","footnotes":""},"categories":[16],"tags":[123,2448,5313,1267],"class_list":["post-78623","post","type-post","status-publish","format-standard","has-post-thumbnail","hentry","category-noticias","tag-brasil","tag-diario","tag-noticia","tag-noticias"],"_links":{"self":[{"href":"https:\/\/tvbrazilusa.com\/pt\/wp-json\/wp\/v2\/posts\/78623","targetHints":{"allow":["GET"]}}],"collection":[{"href":"https:\/\/tvbrazilusa.com\/pt\/wp-json\/wp\/v2\/posts"}],"about":[{"href":"https:\/\/tvbrazilusa.com\/pt\/wp-json\/wp\/v2\/types\/post"}],"author":[{"embeddable":true,"href":"https:\/\/tvbrazilusa.com\/pt\/wp-json\/wp\/v2\/users\/1"}],"replies":[{"embeddable":true,"href":"https:\/\/tvbrazilusa.com\/pt\/wp-json\/wp\/v2\/comments?post=78623"}],"version-history":[{"count":1,"href":"https:\/\/tvbrazilusa.com\/pt\/wp-json\/wp\/v2\/posts\/78623\/revisions"}],"predecessor-version":[{"id":78625,"href":"https:\/\/tvbrazilusa.com\/pt\/wp-json\/wp\/v2\/posts\/78623\/revisions\/78625"}],"wp:featuredmedia":[{"embeddable":true,"href":"https:\/\/tvbrazilusa.com\/pt\/wp-json\/wp\/v2\/media\/78624"}],"wp:attachment":[{"href":"https:\/\/tvbrazilusa.com\/pt\/wp-json\/wp\/v2\/media?parent=78623"}],"wp:term":[{"taxonomy":"category","embeddable":true,"href":"https:\/\/tvbrazilusa.com\/pt\/wp-json\/wp\/v2\/categories?post=78623"},{"taxonomy":"post_tag","embeddable":true,"href":"https:\/\/tvbrazilusa.com\/pt\/wp-json\/wp\/v2\/tags?post=78623"}],"curies":[{"name":"wp","href":"https:\/\/api.w.org\/{rel}","templated":true}]}}