{"id":78633,"date":"2024-12-18T19:08:04","date_gmt":"2024-12-18T19:08:04","guid":{"rendered":"https:\/\/tvbrazilusa.com\/2024\/12\/18\/federal-reserve-corta-sua-taxa-basica-em-um-quarto-de-ponto-mas-preve-menos-reducoes-no-proximo-ano-wsvn-7noticias-noticias-de-miami-clima-esportes-fort-lauderdale\/"},"modified":"2024-12-18T19:17:53","modified_gmt":"2024-12-18T19:17:53","slug":"federal-reserve-corta-sua-taxa-basica-em-um-quarto-de-ponto-mas-preve-menos-reducoes-no-proximo-ano-wsvn-7noticias-noticias-de-miami-clima-esportes-fort-lauderdale","status":"publish","type":"post","link":"https:\/\/tvbrazilusa.com\/pt\/2024\/12\/18\/federal-reserve-corta-sua-taxa-basica-em-um-quarto-de-ponto-mas-preve-menos-reducoes-no-proximo-ano-wsvn-7noticias-noticias-de-miami-clima-esportes-fort-lauderdale\/","title":{"rendered":"Federal Reserve corta sua taxa b\u00e1sica em um quarto de ponto, mas prev\u00ea menos redu\u00e7\u00f5es no pr\u00f3ximo ano &#8211; WSVN 7Not\u00edcias | Not\u00edcias de Miami, clima, esportes | Fort Lauderdale"},"content":{"rendered":"<p> <script async src=\"https:\/\/pagead2.googlesyndication.com\/pagead\/js\/adsbygoogle.js?client=ca-pub-8864793242727901\"\r\n     crossorigin=\"anonymous\"><\/script><br \/>\n<\/p>\n<div itemprop=\"articleBody\">\n<p>WASHINGTON (AP) \u2013 A Reserva Federal cortou a sua taxa de juro directora na quarta-feira em um quarto de ponto \u2013 o seu terceiro corte este ano \u2013 mas tamb\u00e9m sinalizou que espera reduzir as taxas mais lentamente no pr\u00f3ximo ano do que previa anteriormente, em grande parte devido \u00e0s taxas ainda elevadas. infla\u00e7\u00e3o.<\/p>\n<p>Os 19 decisores pol\u00edticos da Fed projectaram que reduzir\u00e3o a sua taxa de refer\u00eancia em um quarto de ponto percentual apenas duas vezes em 2025, abaixo da estimativa anterior de Setembro de quatro cortes nas taxas. As suas novas projec\u00e7\u00f5es trimestrais sugerem que os consumidores poder\u00e3o n\u00e3o usufruir de taxas muito mais baixas no pr\u00f3ximo ano para hipotecas, empr\u00e9stimos para aquisi\u00e7\u00e3o de autom\u00f3veis, cart\u00f5es de cr\u00e9dito e outras formas de empr\u00e9stimo.<\/p>\n<p>Os respons\u00e1veis \u200b\u200bda Fed sublinharam que est\u00e3o a abrandar as redu\u00e7\u00f5es das taxas \u00e0 medida que a sua taxa de refer\u00eancia se aproxima de um n\u00edvel que os decisores pol\u00edticos chamam de \u201cneutro\u201d \u2013 o n\u00edvel que se pensa n\u00e3o estimular nem prejudicar a economia. As projec\u00e7\u00f5es de quarta-feira sugerem que os decisores pol\u00edticos podem pensar que n\u00e3o est\u00e3o muito longe desse n\u00edvel. A sua taxa de refer\u00eancia \u00e9 de 4,3% ap\u00f3s a mudan\u00e7a de quarta-feira, que se seguiu a uma redu\u00e7\u00e3o acentuada de meio ponto em Setembro e a um corte de um quarto de ponto no m\u00eas passado.<\/p>\n<p>As redu\u00e7\u00f5es das taxas do Fed deste ano marcaram uma revers\u00e3o ap\u00f3s mais de dois anos de taxas elevadas, o que ajudou em grande parte a controlar a infla\u00e7\u00e3o, mas tamb\u00e9m tornou os empr\u00e9stimos dolorosamente caros para os consumidores americanos.<\/p>\n<p>Mas agora, a Fed enfrenta uma s\u00e9rie de desafios \u00e0 medida que procura completar uma \u201caterragem suave\u201d para a economia, atrav\u00e9s da qual taxas elevadas conseguem conter a infla\u00e7\u00e3o sem causar uma recess\u00e3o. A principal delas \u00e9 que a infla\u00e7\u00e3o permanece r\u00edgida: de acordo com o indicador preferido da Fed, a infla\u00e7\u00e3o anual foi de 2,8% em Outubro, o mesmo que em Mar\u00e7o e ainda persistentemente acima da meta de 2% do banco central.<\/p>\n<p>Ao mesmo tempo, a economia est\u00e1 a crescer rapidamente, o que sugere que taxas mais elevadas n\u00e3o restringiram muito a economia. Como resultado, alguns economistas \u2013 e alguns respons\u00e1veis \u200b\u200bda Fed \u2013 argumentaram que as taxas de juro n\u00e3o deveriam ser reduzidas ainda mais por receio de sobreaquecimento da economia e reacender a infla\u00e7\u00e3o. Por outro lado, o ritmo de contrata\u00e7\u00f5es arrefeceu significativamente desde o in\u00edcio de 2024, uma preocupa\u00e7\u00e3o potencial porque um dos mandatos da Fed \u00e9 alcan\u00e7ar o emprego m\u00e1ximo.<\/p>\n<p>A taxa de desemprego, embora ainda baixa, de 4,2%, aumentou quase um ponto percentual nos \u00faltimos dois anos. A preocupa\u00e7\u00e3o com o aumento do desemprego contribuiu para a decis\u00e3o da Fed, em Setembro, de reduzir a sua taxa directora em meio ponto superior ao habitual.<\/p>\n<p>Al\u00e9m disso, o presidente eleito, Donald Trump, prop\u00f4s uma s\u00e9rie de redu\u00e7\u00f5es de impostos \u2013 sobre benef\u00edcios da Seguran\u00e7a Social, rendimentos de gorjetas e rendimentos de horas extraordin\u00e1rias \u2013 bem como uma redu\u00e7\u00e3o das regulamenta\u00e7\u00f5es. Coletivamente, estas medidas poderiam estimular o crescimento. Ao mesmo tempo, Trump amea\u00e7ou impor uma s\u00e9rie de tarifas e procurar deporta\u00e7\u00f5es em massa de migrantes, o que poderia acelerar a infla\u00e7\u00e3o.<\/p>\n<p>O presidente Jerome Powell e outros respons\u00e1veis \u200b\u200bda Fed disseram que n\u00e3o ser\u00e3o capazes de avaliar como as pol\u00edticas de Trump poder\u00e3o afectar a economia ou as suas pr\u00f3prias decis\u00f5es sobre taxas at\u00e9 que mais detalhes sejam disponibilizados e fique mais claro a probabilidade de que as propostas do presidente eleito sejam realmente ser promulgado. At\u00e9 ent\u00e3o, o resultado das elei\u00e7\u00f5es presidenciais aumentou principalmente a incerteza em torno da economia.<\/p>\n<p>\u201cTenho a menor convic\u00e7\u00e3o sobre o que acontecer\u00e1 com a economia nos pr\u00f3ximos 12 meses do que em anos\u201d, disse Subadra Rajappa, chefe de estrat\u00e9gia de taxas dos EUA no Soci\u00e9t\u00e9 G\u00e9n\u00e9rale. \u201cEste ser\u00e1 um trabalho em andamento \u00e0 medida que as coisas evoluem.\u201d<\/p>\n<p>A maioria dos outros bancos centrais em todo o mundo tamb\u00e9m est\u00e3o a reduzir as suas taxas de refer\u00eancia. Na semana passada, o Banco Central Europeu baixou a sua taxa b\u00e1sica pela quarta vez este ano para 3%, de 3,25%, uma vez que a infla\u00e7\u00e3o nos 20 pa\u00edses que utilizam o euro caiu para 2,3%, de um pico de 10,6% no final de 2022. O Banco do Canad\u00e1 tamb\u00e9m reduziu a sua taxa em um quarto de ponto na semana passada, tal como o Banco de Inglaterra no m\u00eas passado.<\/p>\n<p>Beth Hammack, presidente do Federal Reserve Bank de Cleveland, discordou da decis\u00e3o do Fed de quarta-feira porque preferia manter as taxas inalteradas. Foi a primeira dissid\u00eancia de um membro do comit\u00ea do Fed desde setembro.<\/p>\n<p><em>Direitos autorais 2024 da Associated Press. Todos os direitos reservados. Este material n\u00e3o pode ser publicado, transmitido, reescrito ou redistribu\u00eddo.<\/em><\/p>\n<div class=\"wp-block-newsletter\">\n\t<strong class=\"wp-block-newsletter__title\">Cadastre-se em nosso boletim informativo para receber as \u00faltimas not\u00edcias diretamente em sua caixa de entrada<\/strong><\/p>\n<\/div><\/div>\n<p><br \/>\n<br \/><a href=\"https:\/\/wsvn.com\/news\/us-world\/federal-reserve-cuts-its-key-rate-by-a-quarter-point-but-envisions-fewer-reductions-next-year\/\">Source link <\/a><\/p>","protected":false},"excerpt":{"rendered":"<p>WASHINGTON (AP) \u2013 A Reserva Federal cortou a sua taxa de juro directora na quarta-feira em um quarto de ponto \u2013 o seu terceiro corte este ano \u2013 mas tamb\u00e9m&hellip;<\/p>","protected":false},"author":1,"featured_media":55697,"comment_status":"closed","ping_status":"open","sticky":false,"template":"","format":"standard","meta":{"content-type":"","footnotes":""},"categories":[1],"tags":[],"class_list":["post-78633","post","type-post","status-publish","format-standard","has-post-thumbnail","hentry","category-uncategorized"],"_links":{"self":[{"href":"https:\/\/tvbrazilusa.com\/pt\/wp-json\/wp\/v2\/posts\/78633","targetHints":{"allow":["GET"]}}],"collection":[{"href":"https:\/\/tvbrazilusa.com\/pt\/wp-json\/wp\/v2\/posts"}],"about":[{"href":"https:\/\/tvbrazilusa.com\/pt\/wp-json\/wp\/v2\/types\/post"}],"author":[{"embeddable":true,"href":"https:\/\/tvbrazilusa.com\/pt\/wp-json\/wp\/v2\/users\/1"}],"replies":[{"embeddable":true,"href":"https:\/\/tvbrazilusa.com\/pt\/wp-json\/wp\/v2\/comments?post=78633"}],"version-history":[{"count":1,"href":"https:\/\/tvbrazilusa.com\/pt\/wp-json\/wp\/v2\/posts\/78633\/revisions"}],"predecessor-version":[{"id":78634,"href":"https:\/\/tvbrazilusa.com\/pt\/wp-json\/wp\/v2\/posts\/78633\/revisions\/78634"}],"wp:featuredmedia":[{"embeddable":true,"href":"https:\/\/tvbrazilusa.com\/pt\/wp-json\/wp\/v2\/media\/55697"}],"wp:attachment":[{"href":"https:\/\/tvbrazilusa.com\/pt\/wp-json\/wp\/v2\/media?parent=78633"}],"wp:term":[{"taxonomy":"category","embeddable":true,"href":"https:\/\/tvbrazilusa.com\/pt\/wp-json\/wp\/v2\/categories?post=78633"},{"taxonomy":"post_tag","embeddable":true,"href":"https:\/\/tvbrazilusa.com\/pt\/wp-json\/wp\/v2\/tags?post=78633"}],"curies":[{"name":"wp","href":"https:\/\/api.w.org\/{rel}","templated":true}]}}