{"id":7866,"date":"2024-07-24T19:37:35","date_gmt":"2024-07-24T19:37:35","guid":{"rendered":"https:\/\/tvbrazilusa.com\/2024\/07\/24\/haddad-afirma-que-taxar-justamente-os-super-ricos-e-uma-forma-de-combater-a-fome\/"},"modified":"2024-07-24T19:52:04","modified_gmt":"2024-07-24T19:52:04","slug":"haddad-afirma-que-taxar-justamente-os-super-ricos-e-uma-forma-de-combater-a-fome","status":"publish","type":"post","link":"https:\/\/tvbrazilusa.com\/pt\/2024\/07\/24\/haddad-afirma-que-taxar-justamente-os-super-ricos-e-uma-forma-de-combater-a-fome\/","title":{"rendered":"Haddad afirma que taxar justamente os super-ricos \u00e9 uma forma de combater a fome"},"content":{"rendered":"<p> <script async src=\"https:\/\/pagead2.googlesyndication.com\/pagead\/js\/adsbygoogle.js?client=ca-pub-8864793242727901\"\r\n     crossorigin=\"anonymous\"><\/script><br \/>\n<\/p>\n<div>\n<p>Em um discurso impactante realizado no Rio de Janeiro, o Ministro da Fazenda, Fernando Haddad, abordou a quest\u00e3o da taxa\u00e7\u00e3o dos super-ricos como uma medida crucial para combater a fome mundial. Haddad destacou a import\u00e2ncia de aumentar os recursos internacionais para enfrentar esse problema global.<\/p>\n<p>Durante a reuni\u00e3o para o estabelecimento da Alian\u00e7a Global contra a Fome e a Pobreza, realizada em 24 de julho de 2024, ele criticou a evas\u00e3o fiscal praticada pelos mais abastados, mencionando a necessidade de uma vontade pol\u00edtica para uma mudan\u00e7a efetiva.<\/p>\n<h2 class=\"wp-block-heading\">Fernando Haddad e a Taxa\u00e7\u00e3o dos Super-Ricos<\/h2>\n<p>Fernando Haddad enfatizou que uma justa contribui\u00e7\u00e3o em impostos por parte dos super-ricos \u00e9 fundamental. Ele argumentou que os artif\u00edcios utilizados por essa elite para escapar dos sistemas tribut\u00e1rios tornam as taxas regressivas, em vez de progressivas, prejudicando a coletividade.<\/p>\n<p>\u201cAo redor do mundo, os super-ricos usam uma s\u00e9rie de artif\u00edcios para evadir os sistemas tribut\u00e1rios. Isso faz com que, no topo da pir\u00e2mide, os sistemas sejam regressivos, e n\u00e3o progressivos\u201d, afirmou Haddad.<\/p>\n<h2 class=\"wp-block-heading\">Quais S\u00e3o os Principais Desafios na Combate \u00e0 Fome?<\/h2>\n<p>Segundo Fernando Haddad, a comunidade internacional possui todos os recursos necess\u00e1rios para garantir uma sobreviv\u00eancia digna a todas as pessoas. No entanto, ele apontou que o que falta \u00e9, sobretudo, vontade pol\u00edtica para implementar as mudan\u00e7as necess\u00e1rias.<\/p>\n<ul class=\"wp-block-list\">\n<li>Aumento da contribui\u00e7\u00e3o dos super-ricos atrav\u00e9s de impostos justos.<\/li>\n<li>Combate \u00e0 evas\u00e3o fiscal em escala global.<\/li>\n<li>Investimento em programas sociais e de desenvolvimento sustent\u00e1vel.<\/li>\n<\/ul>\n<p>\u00a0<\/p>\n<h2 class=\"wp-block-heading\">Alian\u00e7a Global contra a Fome e a Pobreza: Uma Iniciativa Necess\u00e1ria<\/h2>\n<p>A Alian\u00e7a Global contra a Fome e a Pobreza se apresenta como uma iniciativa emergencial e imprescind\u00edvel para lidar com quest\u00f5es urgentes de desigualdade social e econ\u00f4mica. Durante a reuni\u00e3o, diversos l\u00edderes e especialistas discutiram estrat\u00e9gias para a implementa\u00e7\u00e3o de pol\u00edticas que possam efetivamente reduzir a fome e a pobreza mundial.<\/p>\n<ol class=\"wp-block-list\">\n<li>Parcerias com governos e organiza\u00e7\u00f5es internacionais.<\/li>\n<li>Iniciativas de desenvolvimento econ\u00f4mico sustent\u00e1vel.<\/li>\n<li>Programas de redistribui\u00e7\u00e3o de renda e inclus\u00e3o social.<\/li>\n<\/ol>\n<p>\u00a0<\/p>\n<p>Ao fincar essa alian\u00e7a, espera-se um comprometimento maior dos pa\u00edses participantes em alocar recursos e esfor\u00e7os conjuntos para que as metas estabelecidas sejam de fato alcan\u00e7adas.<\/p>\n<p>Al\u00e9m disso, Haddad sugeriu que um aumento nos recursos internacionais \u00e9 crucial para combater a fome de maneira eficaz. Ele ressaltou que a arrecada\u00e7\u00e3o de impostos justos pelos super-ricos pode fornecer o financiamento necess\u00e1rio para diversos programas de desenvolvimento.<\/p>\n<p>Em suma, o discurso de Fernando Haddad na reuni\u00e3o para o estabelecimento da Alian\u00e7a Global contra a Fome e a Pobreza no Rio de Janeiro marcou um ponto importante na discuss\u00e3o sobre desigualdade e tributa\u00e7\u00e3o. Com a participa\u00e7\u00e3o ativa de l\u00edderes globais e a implementa\u00e7\u00e3o de pol\u00edticas progressistas, h\u00e1 esperan\u00e7a de que mudan\u00e7as significativas possam ocorrer.<\/p>\n<\/p><\/div>\n<p><br \/>\n<br \/><a href=\"https:\/\/terrabrasilnoticias.com\/2024\/07\/haddad-afirma-que-taxar-justamente-os-super-ricos-e-uma-forma-de-combater-a-fome\/\">Source link <\/a><\/p>","protected":false},"excerpt":{"rendered":"<p>Em um discurso impactante realizado no Rio de Janeiro, o Ministro da Fazenda, Fernando Haddad, abordou a quest\u00e3o da taxa\u00e7\u00e3o dos super-ricos como uma medida crucial para combater a fome&hellip;<\/p>","protected":false},"author":1,"featured_media":7867,"comment_status":"closed","ping_status":"open","sticky":false,"template":"","format":"standard","meta":{"content-type":"","footnotes":""},"categories":[16],"tags":[],"class_list":["post-7866","post","type-post","status-publish","format-standard","has-post-thumbnail","hentry","category-noticias"],"_links":{"self":[{"href":"https:\/\/tvbrazilusa.com\/pt\/wp-json\/wp\/v2\/posts\/7866","targetHints":{"allow":["GET"]}}],"collection":[{"href":"https:\/\/tvbrazilusa.com\/pt\/wp-json\/wp\/v2\/posts"}],"about":[{"href":"https:\/\/tvbrazilusa.com\/pt\/wp-json\/wp\/v2\/types\/post"}],"author":[{"embeddable":true,"href":"https:\/\/tvbrazilusa.com\/pt\/wp-json\/wp\/v2\/users\/1"}],"replies":[{"embeddable":true,"href":"https:\/\/tvbrazilusa.com\/pt\/wp-json\/wp\/v2\/comments?post=7866"}],"version-history":[{"count":1,"href":"https:\/\/tvbrazilusa.com\/pt\/wp-json\/wp\/v2\/posts\/7866\/revisions"}],"predecessor-version":[{"id":7868,"href":"https:\/\/tvbrazilusa.com\/pt\/wp-json\/wp\/v2\/posts\/7866\/revisions\/7868"}],"wp:featuredmedia":[{"embeddable":true,"href":"https:\/\/tvbrazilusa.com\/pt\/wp-json\/wp\/v2\/media\/7867"}],"wp:attachment":[{"href":"https:\/\/tvbrazilusa.com\/pt\/wp-json\/wp\/v2\/media?parent=7866"}],"wp:term":[{"taxonomy":"category","embeddable":true,"href":"https:\/\/tvbrazilusa.com\/pt\/wp-json\/wp\/v2\/categories?post=7866"},{"taxonomy":"post_tag","embeddable":true,"href":"https:\/\/tvbrazilusa.com\/pt\/wp-json\/wp\/v2\/tags?post=7866"}],"curies":[{"name":"wp","href":"https:\/\/api.w.org\/{rel}","templated":true}]}}