{"id":7872,"date":"2024-07-24T19:51:02","date_gmt":"2024-07-24T19:51:02","guid":{"rendered":"https:\/\/tvbrazilusa.com\/2024\/07\/24\/promotores-pedem-pena-de-prisao-de-varios-anos-para-ex-ceo-da-jea-jacksonville-today\/"},"modified":"2024-07-24T19:57:58","modified_gmt":"2024-07-24T19:57:58","slug":"promotores-pedem-pena-de-prisao-de-varios-anos-para-ex-ceo-da-jea-jacksonville-today","status":"publish","type":"post","link":"https:\/\/tvbrazilusa.com\/pt\/2024\/07\/24\/promotores-pedem-pena-de-prisao-de-varios-anos-para-ex-ceo-da-jea-jacksonville-today\/","title":{"rendered":"Promotores pedem pena de pris\u00e3o de v\u00e1rios anos para ex-CEO da JEA &#8211; Jacksonville Today"},"content":{"rendered":"<p> <script async src=\"https:\/\/pagead2.googlesyndication.com\/pagead\/js\/adsbygoogle.js?client=ca-pub-8864793242727901\"\r\n     crossorigin=\"anonymous\"><\/script><br \/>\n<\/p>\n<div>\n<p id=\"h682161-p1\">O ex-CEO da JEA, Aaron Zahn, condenado em um tribunal federal em 14 de mar\u00e7o por conspira\u00e7\u00e3o para desviar e roubar fundos municipais e fraude eletr\u00f4nica, deve ser sentenciado em 30 de julho.<\/p>\n<p id=\"h682161-p2\">Em 23 de julho, o Minist\u00e9rio P\u00fablico dos EUA e os advogados de defesa de Zahn protocolaram memorandos no tribunal declarando suas respectivas posi\u00e7\u00f5es sobre a senten\u00e7a que o tribunal deveria considerar.<\/p>\n<p id=\"h682161-p3\">O governo recomenda uma \u201cpena de pris\u00e3o de v\u00e1rios anos\u201d com base nas acusa\u00e7\u00f5es.<\/p>\n<p><em><a href=\"https:\/\/www.jaxdailyrecord.com\/news\/2024\/jul\/24\/government-seeking-multi-year-term-of-incarceration-for-former-jea-ceo\/\">Leia o resto desta hist\u00f3ria<\/a> no Jacksonville Daily Record, um <\/em>Jacksonville Hoje<em> parceiro de not\u00edcias.<\/em><\/p>\n<\/div>\n<p><br \/>\n<br \/><a href=\"https:\/\/jaxtoday.org\/2024\/07\/24\/prosecutors-seek-multiyear-prison-term-for-former-jea-ceo\/\">Source link <\/a><\/p>","protected":false},"excerpt":{"rendered":"<p>O ex-CEO da JEA, Aaron Zahn, condenado em um tribunal federal em 14 de mar\u00e7o por conspira\u00e7\u00e3o para desviar e roubar fundos municipais e fraude eletr\u00f4nica, deve ser sentenciado em&hellip;<\/p>","protected":false},"author":1,"featured_media":7873,"comment_status":"closed","ping_status":"open","sticky":false,"template":"","format":"standard","meta":{"content-type":"","footnotes":""},"categories":[1],"tags":[1630,1631,678,1380],"class_list":["post-7872","post","type-post","status-publish","format-standard","has-post-thumbnail","hentry","category-uncategorized","tag-arao-zahn","tag-conspiracao","tag-fraude","tag-jea"],"_links":{"self":[{"href":"https:\/\/tvbrazilusa.com\/pt\/wp-json\/wp\/v2\/posts\/7872","targetHints":{"allow":["GET"]}}],"collection":[{"href":"https:\/\/tvbrazilusa.com\/pt\/wp-json\/wp\/v2\/posts"}],"about":[{"href":"https:\/\/tvbrazilusa.com\/pt\/wp-json\/wp\/v2\/types\/post"}],"author":[{"embeddable":true,"href":"https:\/\/tvbrazilusa.com\/pt\/wp-json\/wp\/v2\/users\/1"}],"replies":[{"embeddable":true,"href":"https:\/\/tvbrazilusa.com\/pt\/wp-json\/wp\/v2\/comments?post=7872"}],"version-history":[{"count":1,"href":"https:\/\/tvbrazilusa.com\/pt\/wp-json\/wp\/v2\/posts\/7872\/revisions"}],"predecessor-version":[{"id":7874,"href":"https:\/\/tvbrazilusa.com\/pt\/wp-json\/wp\/v2\/posts\/7872\/revisions\/7874"}],"wp:featuredmedia":[{"embeddable":true,"href":"https:\/\/tvbrazilusa.com\/pt\/wp-json\/wp\/v2\/media\/7873"}],"wp:attachment":[{"href":"https:\/\/tvbrazilusa.com\/pt\/wp-json\/wp\/v2\/media?parent=7872"}],"wp:term":[{"taxonomy":"category","embeddable":true,"href":"https:\/\/tvbrazilusa.com\/pt\/wp-json\/wp\/v2\/categories?post=7872"},{"taxonomy":"post_tag","embeddable":true,"href":"https:\/\/tvbrazilusa.com\/pt\/wp-json\/wp\/v2\/tags?post=7872"}],"curies":[{"name":"wp","href":"https:\/\/api.w.org\/{rel}","templated":true}]}}