{"id":78783,"date":"2024-12-18T22:51:37","date_gmt":"2024-12-18T22:51:37","guid":{"rendered":"https:\/\/tvbrazilusa.com\/2024\/12\/18\/o-dia-mais-escuro-do-ano-se-aproxima-rapidamente-quando-comecaremos-a-ver-mais-sol-em-connecticut\/"},"modified":"2024-12-18T22:56:43","modified_gmt":"2024-12-18T22:56:43","slug":"o-dia-mais-escuro-do-ano-se-aproxima-rapidamente-quando-comecaremos-a-ver-mais-sol-em-connecticut","status":"publish","type":"post","link":"https:\/\/tvbrazilusa.com\/pt\/2024\/12\/18\/o-dia-mais-escuro-do-ano-se-aproxima-rapidamente-quando-comecaremos-a-ver-mais-sol-em-connecticut\/","title":{"rendered":"O dia mais escuro do ano se aproxima rapidamente: quando come\u00e7aremos a ver mais sol em Connecticut"},"content":{"rendered":"<script async src=\"https:\/\/pagead2.googlesyndication.com\/pagead\/js\/adsbygoogle.js?client=ca-pub-8864793242727901\"\r\n     crossorigin=\"anonymous\"><\/script>\n<p>(AP) \u2014 O solst\u00edcio de inverno \u00e9 s\u00e1bado, trazendo o dia mais curto e a noite mais longa do ano para o Hemisf\u00e9rio Norte \u2014 condi\u00e7\u00f5es ideais para luzes festivas e <a href=\"https:\/\/apnews.com\/article\/weighted-blankets-better-sleep-c84dae91049c7b9906e9de9408274c46\">cobertores quentes.<\/a><\/p>\n<p>Para quem prefere mais luz solar, pode tentar ir para o Hemisf\u00e9rio Sul, onde \u00e9 ver\u00e3o. Ou seja paciente: a partir de domingo, os dias ficar\u00e3o um pouco mais longos no Hemisf\u00e9rio Norte todos os dias at\u00e9 o final de junho.<\/p>\n<p>Essas mudan\u00e7as anuais na luz solar \u00e0 medida que a Terra gira em torno do Sol s\u00e3o bem conhecidas pelos humanos h\u00e1 s\u00e9culos. Monumentos como <a href=\"https:\/\/apnews.com\/video\/spirituality-planets-united-kingdom-london-6fb0d43d191e4155bb9788e683c5b0f9\">Stonehenge na Inglaterra<\/a> e o Torreon em <a href=\"https:\/\/www.youtube.com\/watch?v=ByRyktf7cto\">Machu Picchu no Peru<\/a> foram projetados em parte para se alinharem com os solst\u00edcios.<\/p>\n<div class=\"nlp-ignore-block article-content rich-text\">\n<aside class=\"promo-link\">\n\t<a href=\"https:\/\/thehill.com\/homenews\/nexstar_media_wire\/5041369-trump-wants-to-end-daylight-saving-time-weve-tried-before-heres-what-happened\/\" class=\"promo-link__link\" target=\"\"_blank\"\"><\/p>\n<p>\t\tTrump quer acabar com o hor\u00e1rio de ver\u00e3o: j\u00e1 tentamos antes \u2013 eis o que aconteceu\t<\/a><br \/>\n<\/aside>\n<\/div>\n<p>Aqui est\u00e1 o que voc\u00ea deve saber sobre como a marcha da Terra em torno do Sol divide o ano.<\/p>\n<h4 class=\"wp-block-heading\">Qual \u00e9 o solst\u00edcio?<\/h4>\n<p>\u00c0 medida que a Terra gira em torno do Sol, ela o faz em \u00e2ngulo. Durante a maior parte do ano, o eixo da Terra est\u00e1 inclinado em dire\u00e7\u00e3o ou para longe do sol. Isso significa que o calor e a luz do Sol incidem de forma desigual nas metades norte e sul do planeta.<\/p>\n<p>Os solst\u00edcios marcam os per\u00edodos do ano em que a Terra est\u00e1 em sua inclina\u00e7\u00e3o mais extrema em dire\u00e7\u00e3o ou afastamento do sol. Isto significa que os hemisf\u00e9rios recebem quantidades muito diferentes de luz solar \u2013 e os dias e as noites s\u00e3o mais desiguais.<\/p>\n<p>Durante o solst\u00edcio de inverno do Hemisf\u00e9rio Norte, a metade superior da Terra \u00e9 inclinada para longe do sol, criando o dia mais curto e a noite mais longa do ano. O solst\u00edcio de inverno cai entre 20 e 23 de dezembro.<\/p>\n<div class=\"nlp-ignore-block article-content rich-text\">\n<aside class=\"promo-link\">\n\t<a href=\"https:\/\/thehill.com\/homenews\/nexstar_media_wire\/5036154-social-security-retirement-age-set-to-change-in-2025\/\" class=\"promo-link__link\" target=\"\"_blank\"\"><\/p>\n<p>\t\tIdade de reforma da Seguran\u00e7a Social dever\u00e1 mudar em 2025\t<\/a><br \/>\n<\/aside>\n<\/div>\n<p>Enquanto isso, no solst\u00edcio de ver\u00e3o, o Hemisf\u00e9rio Norte est\u00e1 voltado para o Sol, resultando no dia mais longo e na noite mais curta do ano. Este solst\u00edcio cai entre 20 e 22 de junho.<\/p>\n<h4 class=\"wp-block-heading\">O que \u00e9 o equin\u00f3cio?<\/h4>\n<p>Durante os equin\u00f3cios de primavera e outono, o eixo da Terra e sua \u00f3rbita se alinham para que ambos os hemisf\u00e9rios recebam uma quantidade igual de luz solar.<\/p>\n<p>A palavra equin\u00f3cio vem de duas palavras latinas que significam igual e noite. Isso porque no equin\u00f3cio, o dia e a noite duram quase a mesma quantidade de tempo \u2013 embora possa haver alguns minutos extras, dependendo de onde voc\u00ea est\u00e1 no planeta.<\/p>\n<div class=\"nlp-ignore-block article-content rich-text\">\n<aside class=\"promo-link\">\n\t<a href=\"https:\/\/thehill.com\/homenews\/nexstar_media_wire\/4956940-what-if-we-didnt-fall-back-when-daylight-saving-time-ends\" class=\"promo-link__link\" target=\"\"_blank\"\"><\/p>\n<p>\t\tE se n\u00e3o recu\u00e1ssemos quando o hor\u00e1rio de ver\u00e3o terminasse?\t<\/a><br \/>\n<\/aside>\n<\/div>\n<p>O equin\u00f3cio de primavera &#8211; ou vernal &#8211; do Hemisf\u00e9rio Norte pode ocorrer entre 19 e 21 de mar\u00e7o, dependendo do ano. Seu equin\u00f3cio de outono \u2013 ou outono \u2013 pode ocorrer entre 21 e 24 de setembro.<\/p>\n<h4 class=\"wp-block-heading\">Qual \u00e9 a diferen\u00e7a entre esta\u00e7\u00f5es meteorol\u00f3gicas e astron\u00f4micas?<\/h4>\n<p>Estas s\u00e3o apenas duas maneiras diferentes de dividir o ano.<\/p>\n<p>As esta\u00e7\u00f5es meteorol\u00f3gicas s\u00e3o definidas pelo clima. Eles dividem o ano em esta\u00e7\u00f5es de tr\u00eas meses com base nos ciclos anuais de temperatura. Nesse calend\u00e1rio, a primavera come\u00e7a em 1\u00ba de mar\u00e7o, o ver\u00e3o em 1\u00ba de junho, o outono em 1\u00ba de setembro e o inverno em 1\u00ba de dezembro.<\/p>\n<p>As esta\u00e7\u00f5es astron\u00f4micas dependem de como a Terra se move ao redor do sol.<\/p>\n<p>Os solst\u00edcios d\u00e3o in\u00edcio ao ver\u00e3o e ao inverno. Os equin\u00f3cios marcam o in\u00edcio da primavera e do outono.<\/p>\n<p><br \/>\n<br \/><a href=\"https:\/\/www.wtnh.com\/news\/connecticut\/darkest-day-of-the-year-fast-approaching-when-well-start-to-see-more-sun-in-connecticut\/\">Source link <\/a><\/p>","protected":false},"excerpt":{"rendered":"<p>(AP) \u2014 O solst\u00edcio de inverno \u00e9 s\u00e1bado, trazendo o dia mais curto e a noite mais longa do ano para o Hemisf\u00e9rio Norte \u2014 condi\u00e7\u00f5es ideais para luzes festivas&hellip;<\/p>","protected":false},"author":1,"featured_media":78784,"comment_status":"closed","ping_status":"open","sticky":false,"template":"","format":"standard","meta":{"content-type":"","footnotes":""},"categories":[1],"tags":[],"class_list":["post-78783","post","type-post","status-publish","format-standard","has-post-thumbnail","hentry","category-uncategorized"],"_links":{"self":[{"href":"https:\/\/tvbrazilusa.com\/pt\/wp-json\/wp\/v2\/posts\/78783","targetHints":{"allow":["GET"]}}],"collection":[{"href":"https:\/\/tvbrazilusa.com\/pt\/wp-json\/wp\/v2\/posts"}],"about":[{"href":"https:\/\/tvbrazilusa.com\/pt\/wp-json\/wp\/v2\/types\/post"}],"author":[{"embeddable":true,"href":"https:\/\/tvbrazilusa.com\/pt\/wp-json\/wp\/v2\/users\/1"}],"replies":[{"embeddable":true,"href":"https:\/\/tvbrazilusa.com\/pt\/wp-json\/wp\/v2\/comments?post=78783"}],"version-history":[{"count":1,"href":"https:\/\/tvbrazilusa.com\/pt\/wp-json\/wp\/v2\/posts\/78783\/revisions"}],"predecessor-version":[{"id":78785,"href":"https:\/\/tvbrazilusa.com\/pt\/wp-json\/wp\/v2\/posts\/78783\/revisions\/78785"}],"wp:featuredmedia":[{"embeddable":true,"href":"https:\/\/tvbrazilusa.com\/pt\/wp-json\/wp\/v2\/media\/78784"}],"wp:attachment":[{"href":"https:\/\/tvbrazilusa.com\/pt\/wp-json\/wp\/v2\/media?parent=78783"}],"wp:term":[{"taxonomy":"category","embeddable":true,"href":"https:\/\/tvbrazilusa.com\/pt\/wp-json\/wp\/v2\/categories?post=78783"},{"taxonomy":"post_tag","embeddable":true,"href":"https:\/\/tvbrazilusa.com\/pt\/wp-json\/wp\/v2\/tags?post=78783"}],"curies":[{"name":"wp","href":"https:\/\/api.w.org\/{rel}","templated":true}]}}