{"id":78786,"date":"2024-12-18T23:00:47","date_gmt":"2024-12-18T23:00:47","guid":{"rendered":"https:\/\/tvbrazilusa.com\/2024\/12\/18\/assembleia-legislativa-do-rs-concede-maior-honraria-ao-fundador-do-mst\/"},"modified":"2024-12-18T23:00:48","modified_gmt":"2024-12-18T23:00:48","slug":"assembleia-legislativa-do-rs-concede-maior-honraria-ao-fundador-do-mst","status":"publish","type":"post","link":"https:\/\/tvbrazilusa.com\/pt\/2024\/12\/18\/assembleia-legislativa-do-rs-concede-maior-honraria-ao-fundador-do-mst\/","title":{"rendered":"Assembleia Legislativa do RS concede maior honraria ao fundador do MST"},"content":{"rendered":"<p> <script async src=\"https:\/\/pagead2.googlesyndication.com\/pagead\/js\/adsbygoogle.js?client=ca-pub-8864793242727901\"\r\n     crossorigin=\"anonymous\"><\/script><br \/>\n<\/p>\n<div id=\"taboola-read-more\" style=\"display:block; width:100%\">\n<p>Jo\u00e3o Pedro St\u00e9dile, uma das principais lideran\u00e7as do Movimento dos Trabalhadores Rurais Sem Terra (MST), foi homenageado na segunda-feira 16, com a Medalha do M\u00e9rito Farroupilha. Essa \u00e9 a mais alta distin\u00e7\u00e3o da Assembleia Legislativa do Rio Grande do Sul. A proposta partiu do deputado Ad\u00e3o Pretto Filho (PT), em comemora\u00e7\u00e3o aos 40 anos do MST. A aprova\u00e7\u00e3o un\u00e2nime da Mesa Diretora ocorreu em fevereiro deste ano.\n<\/p>\n<p>A cerim\u00f4nia aconteceu no Sal\u00e3o J\u00falio de Castilhos e contou com discursos emocionados. Ad\u00e3o Pretto Filho iniciou as falas ao saudar St\u00e9dile como \u201ccompanheiro de luta, de causa e de sonhos\u201d. St\u00e9dile, por sua vez, dedicou a honraria a todos que trabalham pela reforma agr\u00e1ria.<\/p>\n<p>Ele rememorou momentos marcantes do movimento, como os confrontos na Encruzilhada Natalino, em 1981, e a invas\u00e3o da Fazenda Annoni, em 1985. Tamb\u00e9m destacou o papel do MST na forma\u00e7\u00e3o de m\u00e9dicos em Cuba. Ele enfatizou que, entre os mil brasileiros formados, 580 s\u00e3o oriundos do movimento.\n<\/p>\n<p>O deputado Pepe Vargas (PT) representou a Mesa Diretora e destacou a pluralidade do Parlamento e a relev\u00e2ncia dos movimentos sociais.\n<\/p>\n<p>\u201cAqui est\u00e3o representadas as principais for\u00e7as pol\u00edtico-ideol\u00f3gicas do Estado, \u00e9 uma Casa plural, que tem tradi\u00e7\u00e3o de ser democr\u00e1tica\u201d, disse Vargas.\n<\/p>\n<p>A cerim\u00f4nia reuniu mais de 200 pessoas, entre parlamentares, membros do MST e familiares. Entidades tamb\u00e9m manifestaram apoio. Durante o evento, uma carta assinada pela Associa\u00e7\u00e3o de Ju\u00edzes e Ju\u00edzas para a Democracia (AJD) \u2013 N\u00facleo Paulo Bisol foi lida. Al\u00e9m disso, foram lidas declara\u00e7\u00f5es de outras organiza\u00e7\u00f5es ligadas aos direitos humanos, \u00e0 sa\u00fade e ao meio ambiente.\n<\/p>\n<p>Simpatizantes do MST acompanharam a solenidade por um tel\u00e3o<br \/>Simpatizantes acompanharam a solenidade por um tel\u00e3o na Pra\u00e7a da Matriz. Com bandeiras e faixas vermelhas, celebraram a homenagem e ouviram um discurso adicional de St\u00e9dile. Ele utilizou um carro de som. Durante sua fala, anunciou a produ\u00e7\u00e3o de milhares de r\u00e9plicas da medalha para distribui\u00e7\u00e3o entre os integrantes do movimento.\n<\/p>\n<p>Apesar das comemora\u00e7\u00f5es, a homenagem gerou pol\u00eamicas. O deputado Capit\u00e3o Martim (Republicanos) organizou um abaixo-assinado contra a iniciativa. O abaixo-assinado obteve mais de 25 mil assinaturas.\n<\/p>\n<p>Os opositores consideraram a distin\u00e7\u00e3o inadequada a um l\u00edder que promove invas\u00f5es de terras. No entanto, a Mesa Diretora manteve a decis\u00e3o. A Mesa Diretora validou a decis\u00e3o por unanimidade, seguindo as normas internas, que impedem a suspens\u00e3o de uma entrega j\u00e1 aprovada.\n<\/p>\n<p>Nascido em Lagoa Vermelha, St\u00e9dile formou-se economista pela PUC-RS e concluiu p\u00f3s-gradua\u00e7\u00e3o no M\u00e9xico. Ativista desde jovem, ajudou a fundar o MST, em 1984. Ele permanece atuante em organiza\u00e7\u00f5es, como a Via Campesina e a Assembleia Internacional dos Povos.\n<\/p>\n<p>Fonte: Revista Oeste              <\/p>\n<\/div>\n<p><br \/>\n<br \/><a href=\"https:\/\/diariodobrasilnoticias.com.br\/noticia\/assembleia-legislativa-do-rs-concede-maior-honraria-ao-fundador-do-mst-676334aa5a552\">Source link <\/a><\/p>","protected":false},"excerpt":{"rendered":"<p>Jo\u00e3o Pedro St\u00e9dile, uma das principais lideran\u00e7as do Movimento dos Trabalhadores Rurais Sem Terra (MST), foi homenageado na segunda-feira 16, com a Medalha do M\u00e9rito Farroupilha. Essa \u00e9 a mais&hellip;<\/p>","protected":false},"author":1,"featured_media":78787,"comment_status":"closed","ping_status":"open","sticky":false,"template":"","format":"standard","meta":{"content-type":"","footnotes":""},"categories":[16],"tags":[123,2448,5313,1267],"class_list":["post-78786","post","type-post","status-publish","format-standard","has-post-thumbnail","hentry","category-noticias","tag-brasil","tag-diario","tag-noticia","tag-noticias"],"_links":{"self":[{"href":"https:\/\/tvbrazilusa.com\/pt\/wp-json\/wp\/v2\/posts\/78786","targetHints":{"allow":["GET"]}}],"collection":[{"href":"https:\/\/tvbrazilusa.com\/pt\/wp-json\/wp\/v2\/posts"}],"about":[{"href":"https:\/\/tvbrazilusa.com\/pt\/wp-json\/wp\/v2\/types\/post"}],"author":[{"embeddable":true,"href":"https:\/\/tvbrazilusa.com\/pt\/wp-json\/wp\/v2\/users\/1"}],"replies":[{"embeddable":true,"href":"https:\/\/tvbrazilusa.com\/pt\/wp-json\/wp\/v2\/comments?post=78786"}],"version-history":[{"count":1,"href":"https:\/\/tvbrazilusa.com\/pt\/wp-json\/wp\/v2\/posts\/78786\/revisions"}],"predecessor-version":[{"id":78788,"href":"https:\/\/tvbrazilusa.com\/pt\/wp-json\/wp\/v2\/posts\/78786\/revisions\/78788"}],"wp:featuredmedia":[{"embeddable":true,"href":"https:\/\/tvbrazilusa.com\/pt\/wp-json\/wp\/v2\/media\/78787"}],"wp:attachment":[{"href":"https:\/\/tvbrazilusa.com\/pt\/wp-json\/wp\/v2\/media?parent=78786"}],"wp:term":[{"taxonomy":"category","embeddable":true,"href":"https:\/\/tvbrazilusa.com\/pt\/wp-json\/wp\/v2\/categories?post=78786"},{"taxonomy":"post_tag","embeddable":true,"href":"https:\/\/tvbrazilusa.com\/pt\/wp-json\/wp\/v2\/tags?post=78786"}],"curies":[{"name":"wp","href":"https:\/\/api.w.org\/{rel}","templated":true}]}}