{"id":78792,"date":"2024-12-18T23:01:17","date_gmt":"2024-12-18T23:01:17","guid":{"rendered":"https:\/\/tvbrazilusa.com\/2024\/12\/18\/o-que-jerod-mayo-disse-sobre-seu-trabalho-supostamente-seguro\/"},"modified":"2024-12-18T23:06:16","modified_gmt":"2024-12-18T23:06:16","slug":"o-que-jerod-mayo-disse-sobre-seu-trabalho-supostamente-seguro","status":"publish","type":"post","link":"https:\/\/tvbrazilusa.com\/pt\/2024\/12\/18\/o-que-jerod-mayo-disse-sobre-seu-trabalho-supostamente-seguro\/","title":{"rendered":"O que Jerod Mayo disse sobre seu trabalho supostamente seguro"},"content":{"rendered":"<p> <script async src=\"https:\/\/pagead2.googlesyndication.com\/pagead\/js\/adsbygoogle.js?client=ca-pub-8864793242727901\"\r\n     crossorigin=\"anonymous\"><\/script><br \/>\n<\/p>\n<div id=\"\">\n<header class=\"m-article-header m-article-header--standard\">\n\t\t\t\t\t\t\t\t\t\t\t\t<span id=\"article-header-primary-term\"><br \/>\n\t\t\t\t\t\t\t\t<a class=\"a-term a-term--primary\" href=\"https:\/\/www.boston.com\/tag\/new-england-patriots\/\"><\/p>\n<p>\t\t\t\t\t\t\t\tPatriotas\t\t\t\t\t\t\t\t<\/a><br \/>\n\t\t\t\t\t\t\t<\/span><\/p>\n<h2 class=\"m-article-header__sub-headline\">Mayo disse que n\u00e3o pode controlar o que acontece no final do ano.<\/h2>\n<figure class=\"a-photo m-article-header__photo\"><figcaption class=\"a-photo__caption\">\n<p>\tJerod Mayo. <em> John Tlumacki\/Equipe da Globo<\/em>\t<\/figcaption><\/figure>\n<\/header>\n<div class=\"m-block t-amp__list-container m-article-list-container m-article-list-container--frame-border a-border-frame  a-list-header__headline--red m-article-list--alternative--default  m-article-list--floated\">\n<ul class=\"t-amp__list a-list--no-style m-article-list m-article-list--recirculation m-article-list--has-images\">\n<li class=\"m-article-list__item m-article-list__item--featured\">\n\t\t\t<a class=\"m-article-list__link-wrapper\" href=\"https:\/\/www.boston.com\/sports\/new-england-patriots\/2024\/12\/18\/bill-belichick-holy-cross-christo-kelly-unc-commitment-quotes\/?p1=article_recirc_inline_feature\" data-p1=\"article_recirc_inline_feature\"><br \/>\n\t\t\t\t<img fetchpriority=\"high\" decoding=\"async\" width=\"768\" height=\"432\" src=\"https:\/\/bdc2020.o0bc.com\/wp-content\/uploads\/2024\/12\/VY3V5ITD2N4Z65EGBBA75IOOO4-6762f72fb4772-768x432.jpg\" class=\"t-amp__list-image m-article-list__image m-article-list__image--full\" alt=\"\" aria-hidden=\"true\" srcset=\"https:\/\/bdc2020.o0bc.com\/wp-content\/uploads\/2024\/12\/VY3V5ITD2N4Z65EGBBA75IOOO4-6762f72fb4772-768x432.jpg?width=200 200w, https:\/\/bdc2020.o0bc.com\/wp-content\/uploads\/2024\/12\/VY3V5ITD2N4Z65EGBBA75IOOO4-6762f72fb4772-768x432.jpg?width=300 300w, https:\/\/bdc2020.o0bc.com\/wp-content\/uploads\/2024\/12\/VY3V5ITD2N4Z65EGBBA75IOOO4-6762f72fb4772-768x432.jpg?width=400 400w, https:\/\/bdc2020.o0bc.com\/wp-content\/uploads\/2024\/12\/VY3V5ITD2N4Z65EGBBA75IOOO4-6762f72fb4772-768x432.jpg?width=500 500w, https:\/\/bdc2020.o0bc.com\/wp-content\/uploads\/2024\/12\/VY3V5ITD2N4Z65EGBBA75IOOO4-6762f72fb4772-768x432.jpg?width=600 600w, https:\/\/bdc2020.o0bc.com\/wp-content\/uploads\/2024\/12\/VY3V5ITD2N4Z65EGBBA75IOOO4-6762f72fb4772-768x432.jpg?width=700 700w, https:\/\/bdc2020.o0bc.com\/wp-content\/uploads\/2024\/12\/VY3V5ITD2N4Z65EGBBA75IOOO4-6762f72fb4772-768x432.jpg?width=800 800w, https:\/\/bdc2020.o0bc.com\/wp-content\/uploads\/2024\/12\/VY3V5ITD2N4Z65EGBBA75IOOO4-6762f72fb4772-768x432.jpg?width=900 900w\" sizes=\"(max-width: 768px) 100vw, 768px\"\/>\t\t\t\t\t<\/p>\n<p><h4 class=\"m-article-list__headline t-amp__list-headline\">\n\t\t\t\t\t\t\t<span class=\"m-article-list__link a-link a-link--inline a-link--text-link a-link--text-link-dark\"><\/p>\n<p>\t\t\t\t\t\t\tBill Belichick consegue seu primeiro compromisso de transfer\u00eancia da UNC, um atacante do Holy Cross\t\t\t\t\t\t\t<\/span><br \/>\n\t\t\t\t\t\t<\/h4>\n<\/p>\n<p>\t\t\t\t<\/a>\n\t\t\t<\/li>\n<li class=\"m-article-list__item\">\n\t\t\t\t\t<a class=\"m-article-list__link-wrapper\" href=\"https:\/\/www.boston.com\/sports\/morning-sports-update\/2024\/12\/18\/bill-belichick-unc-prediction-2025-chris-long\/?p1=article_recirc_inline_feed\" data-p1=\"article_recirc_inline_feed\"><\/p>\n<p><h4 class=\"m-article-list__headline\">\n\t\t\t\t\t\t\t\t\t<span class=\"m-article-list__link a-link a-link--inline a-link--text-link a-link--text-link-dark\"><\/p>\n<p>\t\t\t\t\t\t\t\t\tO ex-patriota Chris Long fez uma previs\u00e3o ousada sobre a primeira temporada de Bill Belichick na UNC\t\t\t\t\t\t\t\t\t<\/span><br \/>\n\t\t\t\t\t\t\t\t<\/h4>\n<\/p>\n<p>\t\t\t\t\t\t<\/a>\n\t\t\t\t\t<\/li>\n<\/ul>\n<\/div>\n<p>Propriet\u00e1rio dos Patriotas <a href=\"http:\/\/boston.com\/tag\/robert-kraft\">Roberto Kraft<\/a> n\u00e3o disse muito publicamente sobre o futuro de Jerod Mayo e as quest\u00f5es sobre a seguran\u00e7a no emprego do treinador do primeiro ano continuam a surgir ap\u00f3s outra perda e<a href=\"https:\/\/www.boston.com\/sports\/new-england-patriots\/2024\/12\/16\/jerod-mayo-nfl-patriots-new-england-future-job-security-fired-robert-kraft\/\"> gafe na coletiva de imprensa. <\/a><\/p>\n<p>Mas nos bastidores, de acordo com <a href=\"https:\/\/www.nytimes.com\/athletic\/5993794\/2024\/12\/14\/nfl-news-belichick-jets-kyle-shanahan-49ers\/?source=user_shared_article\">Dianna Russini, do Atl\u00e9tico, <\/a>Kraft disse que est\u00e1 empenhado em dar a Mayo o tempo necess\u00e1rio para se desenvolver como treinador. <\/p>\n<p>\u201cEmbora n\u00e3o tenha havido um voto p\u00fablico de confian\u00e7a no t\u00e9cnico da fam\u00edlia Kraft, a lideran\u00e7a dos Patriots est\u00e1 ao lado de Mayo\u201d, escreveu Russini. \u201cNo momento em que as discuss\u00f5es sobre os pr\u00f3ximos ciclos de contrata\u00e7\u00e3o da NFL esquentam, o propriet\u00e1rio do time, Robert Kraft, garantiu em particular \u00e0s pessoas pr\u00f3ximas a ele que est\u00e1 comprometido em dar ao seu treinador principal do primeiro ano o tempo e os recursos necess\u00e1rios para crescer na fun\u00e7\u00e3o.\u201d <\/p>\n<p>Mayo foi questionado sobre o relat\u00f3rio na quarta-feira, antes do treino. <\/p>\n<p>\u201cN\u00e3o tenho certeza de onde veio essa hist\u00f3ria\u201d, disse Mayo. \u201cOlha, eu tenho v\u00e1rias conversas diariamente com os propriet\u00e1rios, e eles sempre me apoiaram.\u201d <\/p>\n<p>Mayo disse que n\u00e3o recebeu garantia de que voltar\u00e1 no pr\u00f3ximo ano. <\/p>\n<p>\u201cN\u00e3o, de novo, para mim esta semana, meu foco est\u00e1 neste jogo, os Bills aqui, hoje\u201d, disse Mayo. \u201cCoisas que acontecem no final da temporada, n\u00e3o posso controlar essas coisas, ent\u00e3o \u00e9 tudo sobre os Bills.\u201d<\/p>\n<p>Kraft deixou registrado que escolheu Mayo para ser o sucessor de Bill Belichick anos atr\u00e1s. Diante disso, ele teria que se sentir muito forte para demitir Mayo depois de apenas uma temporada. Mayo foi duas vezes Pro Bowler e passou toda a sua carreira de jogador na franquia. O relacionamento durou muito al\u00e9m da \u00e9poca de Mayo como jogador. <\/p>\n<p>Mas foi uma temporada terr\u00edvel. Os Patriots est\u00e3o 3-11 e a caminho de garantir outra escolha entre os 5 primeiros no Draft da NFL. A Nova Inglaterra tem o segundo ataque com menor pontua\u00e7\u00e3o da liga. A defesa tamb\u00e9m est\u00e1 no ter\u00e7o inferior do campeonato em pontos e jardas permitidas. <\/p>\n<p>Apesar das dificuldades, os Patriots t\u00eam tr\u00eas jogos restantes e Mayo est\u00e1 a uma vit\u00f3ria de empatar o total de vit\u00f3rias de Belichick (4) na temporada passada. Esse recorde, juntamente com uma s\u00e9rie de outras raz\u00f5es, desempenhou um papel importante na demiss\u00e3o do homem que \u00e9 indiscutivelmente o maior treinador da hist\u00f3ria do futebol.<\/p>\n<p>Mayo disse que seus coment\u00e1rios n\u00e3o foram uma tentativa de acabar com as especula\u00e7\u00f5es sobre seu futuro. <\/p>\n<p>\u201cBem, n\u00e3o estou tentando esmagar nada\u201d, disse Mayo. \u201cEstou tentando que voc\u00ea saiba onde est\u00e1 meu foco, e \u00e9 nos Bills. Eu entendo a pergunta.<\/p>\n<p>Dois dos pr\u00f3ximos tr\u00eas jogos dos Patriots ser\u00e3o contra os Bills. A Nova Inglaterra dividiu a s\u00e9rie com Buffalo no ano passado. A forma como esses Patriots terminam o ano depende muito de como eles lidam com Josh Allen. <\/p>\n<p>\u201cComo sempre, na quarta-feira falamos em mudar de p\u00e1gina\u201d, disse Mayo. \u201cEssa foi a mensagem para os jogadores. Tudo o que fazemos, tudo o que falamos, nosso foco deveria estar no Buffalo Bills. Falando em Bills, come\u00e7a pelo quarterback. Ele est\u00e1 jogando em um n\u00edvel inacredit\u00e1vel agora.\u201d <\/p>\n<div class=\"o-author-single has-avatar\">\n<header class=\"m-author-card\">\n<div class=\"a-image a-image--square m-author-card__image\">\n\t\t<img decoding=\"async\" class=\"\" src=\"https:\/\/www.boston.com\/wp-content\/uploads\/2024\/10\/cropped-Screen-Shot-2024-01-26-at-4.59.30-PM-6706db53ae1d7-6706dcbabfba0-242x242.png\" alt=\"Imagem do perfil de Khari A. Thompson\"\/>\t<\/div>\n<div class=\"m-author-card__text\">\n<h3 class=\"m-author-card__title\"><a href=\"https:\/\/www.boston.com\/author\/kharia-thompson\">Khari A. Thompson<\/a><\/h3>\n<p><span class=\"m-author-card__subtitle\">Rep\u00f3rter Esportivo<\/span>\t<\/div>\n<\/header>\n<section class=\"author-info\">\n<div class=\"m-author__section\">\n<p>Khari Thompson cobre esportes profissionais para Boston.com. Antes de ingressar no time em 2022, Khari cobriu futebol universit\u00e1rio para o The Clarion Ledger em Jackson, Mississipi.<\/p>\n<\/div>\n<\/section>\n<\/div>\n<div class=\"m-block m-generic-cta\t m-generic-cta--post-content\t m-generic-cta--dark\t m-generic-cta--homepage\t m-generic-cta--email-signup\t\t m-generic-cta-block-style--default \tt-amp__generic-cta\"><\/p>\n<div class=\"m-generic-cta__wrap\">\n<div class=\"m-generic-cta__content\">\n<h3 class=\"m-generic-cta__title\">Inscreva-se para receber atualiza\u00e7\u00f5es do Patriots\ud83c\udfc8<\/h3>\n<p class=\"m-generic-cta__subtitle\">Receba as \u00faltimas not\u00edcias e an\u00e1lises em sua caixa de entrada durante a temporada de futebol.<\/p>\n<\/p><\/div>\n<\/p><\/div>\n<\/div><\/div>\n<p><script>\n\t\tvar consent=\"grant\";\n\t\t\/* The above code is parsing the JSON data from the local storage and storing it in a variable. *\/\n\t\t\t\t\tconst onetrustStorageConsent = JSON.parse(localStorage.getItem( 'consent_one_trust_bdc' ) );\n\t\t\tif ( ( onetrustStorageConsent !== null ) ) {\n\t\t\t\t\/* Checking to see if the user has consented to the use of cookies.\n\t\t\t\t* If they have not, it is deleting the cookie.\n\t\t\t\t* This will comment for now, until further notice.\n\t\t\t\t*\/\n\t\t\t\t\/\/if ( onetrustStorageConsent.C0002 === false ) {\n\t\t\t\t\/\/\tdocument.cookie=\"_fbp=;expires=Thu, 01 Jan 2010 00:00:00 UTC; path=\/; domain=.boston.com\";\n\t\t\t\t\/\/}\n\t\t\t\t\/* Checking if the user has given consent for the cookie C0002.\n\t\t\t\t* If the user has given consent, the variable consent will be set to 'grant'.\n\t\t\t\t* If the user has not given consent,the variable consent will be set to 'revoke'.\n\t\t\t\t* Documentation https:\/\/developers.facebook.com\/docs\/meta-pixel\/implementation\/gdpr\n\t\t\t\t*\/\n\t\t\t\tif ( onetrustStorageConsent.C0002 !== true ) {\n\t\t\t\t\tconsent=\"revoke\";\n\t\t\t\t}\n\t\t\t}\n\t\t\t\t!function(f,b,e,v,n,t,s)\n\t\t{if(f.fbq)return;n=f.fbq=function(){n.callMethod?\n\t\tn.callMethod.apply(n,arguments):n.queue.push(arguments)};\n\t\tif(!f._fbq)f._fbq=n;n.push=n;n.loaded=!0;n.version='2.0';\n\t\tn.queue=[];t=b.createElement(e);t.async=!0;\n\t\tt.src=v;s=b.getElementsByTagName(e)[0];\n\t\ts.parentNode.insertBefore(t,s)}(window, document,'script',\n\t\t'https:\/\/connect.facebook.net\/en_US\/fbevents.js');\n\t\tfbq('consent', consent);\n\t\tfbq('init', '989222871864976');\n\t\tfbq('track', 'PageView');\n\t<\/script><script type=\"module\">\n\t\tvar consent=\"grant\";\n\t\t\/* The above code is parsing the JSON data from the local storage and storing it in a variable. *\/\n\t\t\tconst onetrustStorageConsent = JSON.parse(localStorage.getItem( 'consent_one_trust_bdc' ) );\n\t\t\t\/* Checking to see if the user has consented to the use of cookies.\n\t\t\t* If they have not, it is deleting the cookie.\n\t\t\t* This will comment for now, until further notice.\n\t\t\t*\/\n\t\t\t\/\/if ( onetrustStorageConsent.C0002 === false ) {\n\t\t\t\/\/\tdocument.cookie=\"_fbp=;expires=Thu, 01 Jan 2010 00:00:00 UTC; path=\/; domain=.boston.com\";\n\t\t\t\/\/}\n\t\t\t\/* Checking if the user has given consent for the cookie C0002.\n\t\t\t* If the user has given consent, the variable consent will be set to 'grant'.\n\t\t\t* If the user has not given consent,the variable consent will be set to 'revoke'.\n\t\t\t* Documentation https:\/\/developers.facebook.com\/docs\/meta-pixel\/implementation\/gdpr\n\t\t\t*\/\n\t\t\tif ( ( onetrustStorageConsent !== null ) && (onetrustStorageConsent.C0002 !== true ) ) {\n\t\t\t\tconsent=\"revoke\";\n\t\t\t}\n\t\t\t\t!function(f,b,e,v,n,t,s){if(f.fbq)return;n=f.fbq=function()\n\t\t{n.callMethod? n.callMethod.apply(n,arguments):n.queue.push(arguments)}\n\t\t;if(!f._fbq)f._fbq=n;\n\t\tn.push=n;n.loaded=!0;n.version='2.0';n.queue=[];t=b.createElement(e);t.async=!0;\n\t\tt.src=v;s=b.getElementsByTagName(e)[0];s.parentNode.insertBefore(t,s)}(window,\n\t\tdocument,'script','https:\/\/connect.facebook.net\/en_US\/fbevents.js');\n\t\tfbq('consent', consent);\n\t\tfbq('init', '813236348753005');\n\t\tfbq('track', \"PageView\");\n\t<\/script><br \/>\n<br \/><br \/>\n<br \/><a href=\"https:\/\/www.boston.com\/sports\/new-england-patriots\/2024\/12\/18\/what-jerod-mayo-said-about-his-job-reportedly-being-safe\/\">Source link <\/a><\/p>","protected":false},"excerpt":{"rendered":"<p>Patriotas Mayo disse que n\u00e3o pode controlar o que acontece no final do ano. Jerod Mayo. John Tlumacki\/Equipe da Globo Bill Belichick consegue seu primeiro compromisso de transfer\u00eancia da UNC,&hellip;<\/p>","protected":false},"author":1,"featured_media":78793,"comment_status":"closed","ping_status":"open","sticky":false,"template":"","format":"standard","meta":{"content-type":"","footnotes":""},"categories":[1],"tags":[],"class_list":["post-78792","post","type-post","status-publish","format-standard","has-post-thumbnail","hentry","category-uncategorized"],"_links":{"self":[{"href":"https:\/\/tvbrazilusa.com\/pt\/wp-json\/wp\/v2\/posts\/78792","targetHints":{"allow":["GET"]}}],"collection":[{"href":"https:\/\/tvbrazilusa.com\/pt\/wp-json\/wp\/v2\/posts"}],"about":[{"href":"https:\/\/tvbrazilusa.com\/pt\/wp-json\/wp\/v2\/types\/post"}],"author":[{"embeddable":true,"href":"https:\/\/tvbrazilusa.com\/pt\/wp-json\/wp\/v2\/users\/1"}],"replies":[{"embeddable":true,"href":"https:\/\/tvbrazilusa.com\/pt\/wp-json\/wp\/v2\/comments?post=78792"}],"version-history":[{"count":1,"href":"https:\/\/tvbrazilusa.com\/pt\/wp-json\/wp\/v2\/posts\/78792\/revisions"}],"predecessor-version":[{"id":78794,"href":"https:\/\/tvbrazilusa.com\/pt\/wp-json\/wp\/v2\/posts\/78792\/revisions\/78794"}],"wp:featuredmedia":[{"embeddable":true,"href":"https:\/\/tvbrazilusa.com\/pt\/wp-json\/wp\/v2\/media\/78793"}],"wp:attachment":[{"href":"https:\/\/tvbrazilusa.com\/pt\/wp-json\/wp\/v2\/media?parent=78792"}],"wp:term":[{"taxonomy":"category","embeddable":true,"href":"https:\/\/tvbrazilusa.com\/pt\/wp-json\/wp\/v2\/categories?post=78792"},{"taxonomy":"post_tag","embeddable":true,"href":"https:\/\/tvbrazilusa.com\/pt\/wp-json\/wp\/v2\/tags?post=78792"}],"curies":[{"name":"wp","href":"https:\/\/api.w.org\/{rel}","templated":true}]}}