{"id":78795,"date":"2024-12-18T23:13:10","date_gmt":"2024-12-18T23:13:10","guid":{"rendered":"https:\/\/tvbrazilusa.com\/2024\/12\/18\/extra-urgente-tre-cassa-mandato-de-deputado-do-pl\/"},"modified":"2024-12-18T23:13:12","modified_gmt":"2024-12-18T23:13:12","slug":"extra-urgente-tre-cassa-mandato-de-deputado-do-pl","status":"publish","type":"post","link":"https:\/\/tvbrazilusa.com\/pt\/2024\/12\/18\/extra-urgente-tre-cassa-mandato-de-deputado-do-pl\/","title":{"rendered":"EXTRA URGENTE: TRE cassa mandato de deputado do PL"},"content":{"rendered":"<p> <script async src=\"https:\/\/pagead2.googlesyndication.com\/pagead\/js\/adsbygoogle.js?client=ca-pub-8864793242727901\"\r\n     crossorigin=\"anonymous\"><\/script><br \/>\n<\/p>\n<div id=\"taboola-read-more\" style=\"display:block; width:100%\">\n<p>O Pleno do Tribunal Regional Eleitoral de Sergipe anulou, nesta quarta-feira (18), os cerca de 137 mil votos obtidos no estado pelo PL para a C\u00e2mara Federal nas elei\u00e7\u00f5es de 2022. Com a decis\u00e3o, o deputado \u00cdcaro de Valmir perde o mandato. O TRE vai promover a retotaliza\u00e7\u00e3o dos votos do pleito para a C\u00e2mara. O PL ainda pode recorrer contra a decis\u00e3o ao Tribunal Superior Eleitoral.\n<\/p>\n<p>Por maioria, os magistrados do TRE entenderam que o partido n\u00e3o cumpriu a cota m\u00ednima de 30% de candidaturas femininas e conclu\u00edram que a candidatura de Stephany Ara\u00fajo Teixeira era \u201claranja\u201d. Ela n\u00e3o participou de nenhum ato de campanha e s\u00f3 renunciou a candidatura quando n\u00e3o havia mais tempo legal para ser substitu\u00edda. O presidente do Tribunal, desembargador Di\u00f3genes Barreto, votou pela cassa\u00e7\u00e3o dos votos, afirmando que o PL sempre resistiu em cumprir a cota de g\u00eanero.<\/p>\n<p>H\u00e1 jurisprud\u00eancia contra a fraude\n<\/p>\n<p>O Tribunal Superior Eleitoral tem jurisprud\u00eancia consolidada quando o tema \u00e9 fraude \u00e0 cota de g\u00eanero nas elei\u00e7\u00f5es. Em quase todos os casos, s\u00e3o utilizadas candidaturas femininas fict\u00edcias para concorrer ao cargo de vereador. Como o partido n\u00e3o consegue atingir o m\u00ednimo exigido por lei para ser ocupado por cada g\u00eanero, comete a fraude para ter o Demonstrativo de Regularidade de Atos Partid\u00e1rios (Drap) deferido e, assim, poder concorrer nas elei\u00e7\u00f5es.\n<\/p>\n<p>Segundo a Lei das Elei\u00e7\u00f5es (artigo 10, par\u00e1grafo 3\u00ba, da Lei n\u00ba 9.504\/1997), cada partido, federa\u00e7\u00e3o ou coliga\u00e7\u00e3o poder\u00e1 solicitar o registro de uma candidata ou um candidato ao cargo de prefeito e respectivo vice. J\u00e1 para as c\u00e2maras municipais, o n\u00famero de candidatas e candidatos registrados ser\u00e1 de at\u00e9 100% do n\u00famero de lugares a preencher, acrescido de mais um. Dentro do n\u00famero resultante, a legenda ou federa\u00e7\u00e3o dever\u00e1 preencher o m\u00ednimo de 30% e o m\u00e1ximo de 70% para candidaturas de cada g\u00eanero.\n<\/p>\n<p>As decis\u00f5es do TSE, ao julgar casos de comprovada fraude \u00e0 cota de g\u00eanero, seguem um padr\u00e3o. Ap\u00f3s o julgamento e a confirma\u00e7\u00e3o do crime, as legendas s\u00e3o punidas com a anula\u00e7\u00e3o dos votos recebidos para o cargo naquele pleito. Tamb\u00e9m \u00e9 determinada a cassa\u00e7\u00e3o do Drap e dos diplomas das candidaturas a ele vinculados. Em consequ\u00eancia, \u00e9 necess\u00e1rio o rec\u00e1lculo dos quocientes eleitoral e partid\u00e1rio (por se tratar de elei\u00e7\u00e3o pelo sistema proporcional). Al\u00e9m disso, em alguns casos, \u00e9 declarada a inelegibilidade das pessoas envolvidas na fraude.\n<\/p>\n<p>Fonte: Destaque Not\u00edcias              <\/p>\n<\/div>\n<p><br \/>\n<br \/><a href=\"https:\/\/diariodobrasilnoticias.com.br\/noticia\/extra-urgente-tre-cassa-mandato-de-deputado-do-pl-6763339fe59cd\">Source link <\/a><\/p>","protected":false},"excerpt":{"rendered":"<p>O Pleno do Tribunal Regional Eleitoral de Sergipe anulou, nesta quarta-feira (18), os cerca de 137 mil votos obtidos no estado pelo PL para a C\u00e2mara Federal nas elei\u00e7\u00f5es de&hellip;<\/p>","protected":false},"author":1,"featured_media":78796,"comment_status":"closed","ping_status":"open","sticky":false,"template":"","format":"standard","meta":{"content-type":"","footnotes":""},"categories":[16],"tags":[123,2448,5313,1267],"class_list":["post-78795","post","type-post","status-publish","format-standard","has-post-thumbnail","hentry","category-noticias","tag-brasil","tag-diario","tag-noticia","tag-noticias"],"_links":{"self":[{"href":"https:\/\/tvbrazilusa.com\/pt\/wp-json\/wp\/v2\/posts\/78795","targetHints":{"allow":["GET"]}}],"collection":[{"href":"https:\/\/tvbrazilusa.com\/pt\/wp-json\/wp\/v2\/posts"}],"about":[{"href":"https:\/\/tvbrazilusa.com\/pt\/wp-json\/wp\/v2\/types\/post"}],"author":[{"embeddable":true,"href":"https:\/\/tvbrazilusa.com\/pt\/wp-json\/wp\/v2\/users\/1"}],"replies":[{"embeddable":true,"href":"https:\/\/tvbrazilusa.com\/pt\/wp-json\/wp\/v2\/comments?post=78795"}],"version-history":[{"count":1,"href":"https:\/\/tvbrazilusa.com\/pt\/wp-json\/wp\/v2\/posts\/78795\/revisions"}],"predecessor-version":[{"id":78797,"href":"https:\/\/tvbrazilusa.com\/pt\/wp-json\/wp\/v2\/posts\/78795\/revisions\/78797"}],"wp:featuredmedia":[{"embeddable":true,"href":"https:\/\/tvbrazilusa.com\/pt\/wp-json\/wp\/v2\/media\/78796"}],"wp:attachment":[{"href":"https:\/\/tvbrazilusa.com\/pt\/wp-json\/wp\/v2\/media?parent=78795"}],"wp:term":[{"taxonomy":"category","embeddable":true,"href":"https:\/\/tvbrazilusa.com\/pt\/wp-json\/wp\/v2\/categories?post=78795"},{"taxonomy":"post_tag","embeddable":true,"href":"https:\/\/tvbrazilusa.com\/pt\/wp-json\/wp\/v2\/tags?post=78795"}],"curies":[{"name":"wp","href":"https:\/\/api.w.org\/{rel}","templated":true}]}}