{"id":78798,"date":"2024-12-18T23:10:38","date_gmt":"2024-12-18T23:10:38","guid":{"rendered":"https:\/\/tvbrazilusa.com\/2024\/12\/18\/o-irmao-de-aaron-hernandez-se-declara-culpado-de-ameacar-atirar-na-uconn\/"},"modified":"2024-12-18T23:18:31","modified_gmt":"2024-12-18T23:18:31","slug":"o-irmao-de-aaron-hernandez-se-declara-culpado-de-ameacar-atirar-na-uconn","status":"publish","type":"post","link":"https:\/\/tvbrazilusa.com\/pt\/2024\/12\/18\/o-irmao-de-aaron-hernandez-se-declara-culpado-de-ameacar-atirar-na-uconn\/","title":{"rendered":"O irm\u00e3o de Aaron Hernandez se declara culpado de amea\u00e7ar atirar na UConn"},"content":{"rendered":"<p> <script async src=\"https:\/\/pagead2.googlesyndication.com\/pagead\/js\/adsbygoogle.js?client=ca-pub-8864793242727901\"\r\n     crossorigin=\"anonymous\"><\/script><br \/>\n<\/p>\n<div id=\"\">\n<header class=\"m-article-header m-article-header--standard\">\n\t\t\t\t\t\t\t\t\t\t\t\t<span id=\"article-header-primary-term\"><br \/>\n\t\t\t\t\t\t\t\t<a class=\"a-term a-term--primary\" href=\"https:\/\/www.boston.com\/tag\/crime\/\"><\/p>\n<p>\t\t\t\t\t\t\t\tCrime\t\t\t\t\t\t\t\t<\/a><br \/>\n\t\t\t\t\t\t\t<\/span><\/p>\n<h2 class=\"m-article-header__sub-headline\">Os promotores federais disseram que Hernandez amea\u00e7ou um tiroteio no campus principal da UConn em Storrs em julho de 2023 enquanto enviava uma mensagem para outra pessoa no Facebook.<\/h2>\n<figure class=\"a-photo m-article-header__photo\"><figcaption class=\"a-photo__caption\">\n<p>\tARQUIVO &#8211; Dennis Hernandez, irm\u00e3o do falecido tight end do New England Patriots Aaron Hernandez, est\u00e1 com sua defensora p\u00fablica Sandra Crowell durante sua acusa\u00e7\u00e3o, 1\u00ba de agosto de 2023, no Tribunal Superior de Connecticut em New Britain, Connecticut.<em> Douglas Healey\/New York Post via AP, Pool, Arquivo<\/em>\t<\/figcaption><\/figure>\n<div class=\"m-article-header__meta\">\n<div class=\"m-article-header__byline\">\n<p class=\"m-article-header__author\">\n<p>\t\t\t\t\t\t\t\tPor DAVE COLLINS, Associated Press\t\t\t\t\t\t\t<\/p>\n<p>\t\t\t\t\t\t\t\t\t\t\t\t\t\t\t<time class=\"m-article-header__date\"><\/p>\n<p>\t\t\t\t\t\t\t\t\t18 de dezembro de 2024 | 18h10\t\t\t\t\t\t\t\t<\/time><\/p><\/div>\n<\/p><\/div>\n<\/header>\n<p>HARTFORD, Connecticut (AP) \u2013 Dennis Hernandez, o irm\u00e3o problem\u00e1tico do <a href=\"https:\/\/www.boston.com\/tag\/aaron-hernandez\/\">falecido tight end do New England Patriots, Aaron Hernandez<\/a>se declarou culpado na quarta-feira de amea\u00e7ar realizar um tiroteio na Universidade de Connecticut e matar tr\u00eas pessoas fora do estado, incluindo um juiz, em 2023, disseram promotores federais.<\/p>\n<p>Hernandez, 38 anos, que se chamava \u201cDJ\u201d enquanto jogava futebol na UConn em meados dos anos 2000, compareceu ao tribunal federal em Hartford e se declarou culpado de transmitir comunica\u00e7\u00f5es interestaduais contendo amea\u00e7a de les\u00e3o, o que acarreta at\u00e9 cinco anos de pris\u00e3o. A senten\u00e7a foi marcada para 6 de fevereiro.<\/p>\n<p>Seu defensor p\u00fablico n\u00e3o retornou imediatamente um e-mail solicitando coment\u00e1rios na quarta-feira. Uma mulher que atendeu o n\u00famero de telefone de sua m\u00e3e, Terri Hernandez, n\u00e3o quis comentar.<\/p>\n<p>Terri Hernandez disse \u00e0 pol\u00edcia na \u00e9poca de sua pris\u00e3o em Bristol, no ano passado, que ele tinha problemas de sa\u00fade mental agravados, incluindo transtorno bipolar e esquizofrenia. Dennis Hernandez ficou chocado com uma arma de choque e foi levado sob cust\u00f3dia depois de sair da casa de sua irm\u00e3 com os bra\u00e7os levantados, gritando \u201catire em mim\u201d e amea\u00e7ando machucar os policiais, disse a pol\u00edcia.<\/p>\n<p>Os promotores federais disseram que Hernandez amea\u00e7ou um tiroteio no campus principal da UConn em Storrs em julho de 2023 enquanto enviava uma mensagem para outra pessoa no Facebook.<\/p>\n<p>\u201cEu recomendaria ficar longe de l\u00e1 porque, quando eu for, vou derrubar tudo\u201d, escreveu Hernandez, segundo documentos judiciais. \u201cE n\u00e3o d\u00ea a m\u00ednima para quem for pego no fogo cruzado. J\u00e1 morri h\u00e1 anos e agora \u00e9 a vez de outras pessoas. Estou preparado para dar a minha vida. \u2026 Nem todos os tiroteios s\u00e3o ruins, estou percebendo. Alguns s\u00e3o necess\u00e1rios para que a mudan\u00e7a aconte\u00e7a.\u201d<\/p>\n<p>Os documentos judiciais disseram que Hernandez estava com dificuldades financeiras, estava frustrado ao ver outras pessoas sendo contratadas como treinadores de futebol e sentia-se em d\u00edvida com a UConn. Ele jogou como quarterback e wide receiver pelos Huskies.<\/p>\n<p>A pol\u00edcia disse que Hernandez dirigiu at\u00e9 o campus da UConn e at\u00e9 a Brown University em Providence, Rhode Island, onde j\u00e1 atuou como treinador de zagueiros, para \u201cmapear as escolas\u201d para um tiroteio.<\/p>\n<p>Tamb\u00e9m em julho de 2023, os promotores disseram que Hernandez fez v\u00e1rias postagens no Facebook amea\u00e7ando ferir ou matar tr\u00eas pessoas que moram fora de Connecticut, incluindo um juiz do tribunal estadual.<\/p>\n<p>Hernandez tem acusa\u00e7\u00f5es pendentes no tribunal estadual de Connecticut relacionadas a um incidente fora da sede da ESPN em Bristol. Ele foi preso em mar\u00e7o de 2023 sob acusa\u00e7\u00e3o de viola\u00e7\u00e3o da paz por contraven\u00e7\u00e3o, depois que a pol\u00edcia disse que ele jogou um saco contendo um tijolo e um bilhete por cima de uma cerca e na propriedade da ESPN antes de sair.<\/p>\n<p>\u201cPara todos os meios de comunica\u00e7\u00e3o, j\u00e1 \u00e9 hora de voc\u00eas perceberem o efeito que a m\u00eddia tem sobre todos os membros da fam\u00edlia. Como voc\u00ea \u00e9 um l\u00edder mundial, talvez pudesse liderar a forma como a m\u00eddia e as mensagens s\u00e3o entregues, tijolo por tijolo. Limpe isso! Atenciosamente, Dennis J. Hernandez\u201d, dizia a nota, segundo a pol\u00edcia.<\/p>\n<p>As autoridades disseram que Hernandez estava zangado com pessoas que ele acreditava estarem lucrando com a morte de seu irm\u00e3o mais novo. Aaron Hernandez se suicidou em 2017 enquanto cumpria pena de homic\u00eddio.<\/p>\n<div class=\"m-block m-generic-cta\t m-generic-cta--post-content\t m-generic-cta--dark\t m-generic-cta--homepage\t m-generic-cta--email-signup\t\t m-generic-cta-block-style--default \tt-amp__generic-cta\"><\/p>\n<div class=\"m-generic-cta__wrap\">\n<div class=\"m-generic-cta__content\">\n<h3 class=\"m-generic-cta__title\">Boston.com hoje<\/h3>\n<p class=\"m-generic-cta__subtitle\">Inscreva-se para receber as \u00faltimas manchetes em sua caixa de entrada todas as manh\u00e3s.<\/p>\n<\/p><\/div>\n<\/p><\/div>\n<\/div><\/div>\n<p><script>\n\t\tvar consent=\"grant\";\n\t\t\/* The above code is parsing the JSON data from the local storage and storing it in a variable. *\/\n\t\t\t\t\tconst onetrustStorageConsent = JSON.parse(localStorage.getItem( 'consent_one_trust_bdc' ) );\n\t\t\tif ( ( onetrustStorageConsent !== null ) ) {\n\t\t\t\t\/* Checking to see if the user has consented to the use of cookies.\n\t\t\t\t* If they have not, it is deleting the cookie.\n\t\t\t\t* This will comment for now, until further notice.\n\t\t\t\t*\/\n\t\t\t\t\/\/if ( onetrustStorageConsent.C0002 === false ) {\n\t\t\t\t\/\/\tdocument.cookie=\"_fbp=;expires=Thu, 01 Jan 2010 00:00:00 UTC; path=\/; domain=.boston.com\";\n\t\t\t\t\/\/}\n\t\t\t\t\/* Checking if the user has given consent for the cookie C0002.\n\t\t\t\t* If the user has given consent, the variable consent will be set to 'grant'.\n\t\t\t\t* If the user has not given consent,the variable consent will be set to 'revoke'.\n\t\t\t\t* Documentation https:\/\/developers.facebook.com\/docs\/meta-pixel\/implementation\/gdpr\n\t\t\t\t*\/\n\t\t\t\tif ( onetrustStorageConsent.C0002 !== true ) {\n\t\t\t\t\tconsent=\"revoke\";\n\t\t\t\t}\n\t\t\t}\n\t\t\t\t!function(f,b,e,v,n,t,s)\n\t\t{if(f.fbq)return;n=f.fbq=function(){n.callMethod?\n\t\tn.callMethod.apply(n,arguments):n.queue.push(arguments)};\n\t\tif(!f._fbq)f._fbq=n;n.push=n;n.loaded=!0;n.version='2.0';\n\t\tn.queue=[];t=b.createElement(e);t.async=!0;\n\t\tt.src=v;s=b.getElementsByTagName(e)[0];\n\t\ts.parentNode.insertBefore(t,s)}(window, document,'script',\n\t\t'https:\/\/connect.facebook.net\/en_US\/fbevents.js');\n\t\tfbq('consent', consent);\n\t\tfbq('init', '989222871864976');\n\t\tfbq('track', 'PageView');\n\t<\/script><script type=\"module\">\n\t\tvar consent=\"grant\";\n\t\t\/* The above code is parsing the JSON data from the local storage and storing it in a variable. *\/\n\t\t\tconst onetrustStorageConsent = JSON.parse(localStorage.getItem( 'consent_one_trust_bdc' ) );\n\t\t\t\/* Checking to see if the user has consented to the use of cookies.\n\t\t\t* If they have not, it is deleting the cookie.\n\t\t\t* This will comment for now, until further notice.\n\t\t\t*\/\n\t\t\t\/\/if ( onetrustStorageConsent.C0002 === false ) {\n\t\t\t\/\/\tdocument.cookie=\"_fbp=;expires=Thu, 01 Jan 2010 00:00:00 UTC; path=\/; domain=.boston.com\";\n\t\t\t\/\/}\n\t\t\t\/* Checking if the user has given consent for the cookie C0002.\n\t\t\t* If the user has given consent, the variable consent will be set to 'grant'.\n\t\t\t* If the user has not given consent,the variable consent will be set to 'revoke'.\n\t\t\t* Documentation https:\/\/developers.facebook.com\/docs\/meta-pixel\/implementation\/gdpr\n\t\t\t*\/\n\t\t\tif ( ( onetrustStorageConsent !== null ) && (onetrustStorageConsent.C0002 !== true ) ) {\n\t\t\t\tconsent=\"revoke\";\n\t\t\t}\n\t\t\t\t!function(f,b,e,v,n,t,s){if(f.fbq)return;n=f.fbq=function()\n\t\t{n.callMethod? n.callMethod.apply(n,arguments):n.queue.push(arguments)}\n\t\t;if(!f._fbq)f._fbq=n;\n\t\tn.push=n;n.loaded=!0;n.version='2.0';n.queue=[];t=b.createElement(e);t.async=!0;\n\t\tt.src=v;s=b.getElementsByTagName(e)[0];s.parentNode.insertBefore(t,s)}(window,\n\t\tdocument,'script','https:\/\/connect.facebook.net\/en_US\/fbevents.js');\n\t\tfbq('consent', consent);\n\t\tfbq('init', '813236348753005');\n\t\tfbq('track', \"PageView\");\n\t<\/script><br \/>\n<br \/><br \/>\n<br \/><a href=\"https:\/\/www.boston.com\/news\/crime\/2024\/12\/18\/aaron-hernandezs-brother-pleads-guilty-to-threatening-a-shooting-at-uconn\/\">Source link <\/a><\/p>","protected":false},"excerpt":{"rendered":"<p>Crime Os promotores federais disseram que Hernandez amea\u00e7ou um tiroteio no campus principal da UConn em Storrs em julho de 2023 enquanto enviava uma mensagem para outra pessoa no Facebook.&hellip;<\/p>","protected":false},"author":1,"featured_media":78799,"comment_status":"closed","ping_status":"open","sticky":false,"template":"","format":"standard","meta":{"content-type":"","footnotes":""},"categories":[1],"tags":[],"class_list":["post-78798","post","type-post","status-publish","format-standard","has-post-thumbnail","hentry","category-uncategorized"],"_links":{"self":[{"href":"https:\/\/tvbrazilusa.com\/pt\/wp-json\/wp\/v2\/posts\/78798","targetHints":{"allow":["GET"]}}],"collection":[{"href":"https:\/\/tvbrazilusa.com\/pt\/wp-json\/wp\/v2\/posts"}],"about":[{"href":"https:\/\/tvbrazilusa.com\/pt\/wp-json\/wp\/v2\/types\/post"}],"author":[{"embeddable":true,"href":"https:\/\/tvbrazilusa.com\/pt\/wp-json\/wp\/v2\/users\/1"}],"replies":[{"embeddable":true,"href":"https:\/\/tvbrazilusa.com\/pt\/wp-json\/wp\/v2\/comments?post=78798"}],"version-history":[{"count":1,"href":"https:\/\/tvbrazilusa.com\/pt\/wp-json\/wp\/v2\/posts\/78798\/revisions"}],"predecessor-version":[{"id":78800,"href":"https:\/\/tvbrazilusa.com\/pt\/wp-json\/wp\/v2\/posts\/78798\/revisions\/78800"}],"wp:featuredmedia":[{"embeddable":true,"href":"https:\/\/tvbrazilusa.com\/pt\/wp-json\/wp\/v2\/media\/78799"}],"wp:attachment":[{"href":"https:\/\/tvbrazilusa.com\/pt\/wp-json\/wp\/v2\/media?parent=78798"}],"wp:term":[{"taxonomy":"category","embeddable":true,"href":"https:\/\/tvbrazilusa.com\/pt\/wp-json\/wp\/v2\/categories?post=78798"},{"taxonomy":"post_tag","embeddable":true,"href":"https:\/\/tvbrazilusa.com\/pt\/wp-json\/wp\/v2\/tags?post=78798"}],"curies":[{"name":"wp","href":"https:\/\/api.w.org\/{rel}","templated":true}]}}