{"id":78804,"date":"2024-12-18T23:28:21","date_gmt":"2024-12-18T23:28:21","guid":{"rendered":"https:\/\/tvbrazilusa.com\/2024\/12\/18\/lula-gasta-mais-que-na-pandemia-veja-numeros\/"},"modified":"2024-12-18T23:28:22","modified_gmt":"2024-12-18T23:28:22","slug":"lula-gasta-mais-que-na-pandemia-veja-numeros","status":"publish","type":"post","link":"https:\/\/tvbrazilusa.com\/pt\/2024\/12\/18\/lula-gasta-mais-que-na-pandemia-veja-numeros\/","title":{"rendered":"Lula gasta mais que na pandemia; VEJA N\u00daMEROS"},"content":{"rendered":"<p> <script async src=\"https:\/\/pagead2.googlesyndication.com\/pagead\/js\/adsbygoogle.js?client=ca-pub-8864793242727901\"\r\n     crossorigin=\"anonymous\"><\/script><br \/>\n<\/p>\n<div id=\"taboola-read-more\" style=\"display:block; width:100%\">\n<p>O governo Luiz In\u00e1cio Lula da Silva (PT) tem deficit nominal quase igual ao registrado na situa\u00e7\u00e3o mais cr\u00edtica da pandemia de covid-19. O impacto econ\u00f4mico provocado pelas enchentes no Rio Grande do Sul deve piorar a trajet\u00f3ria dos gastos p\u00fablicos. Os programas sociais e a suspens\u00e3o no pagamento da d\u00edvida do Estado v\u00e3o aumentar a d\u00edvida bruta do governo, que em mar\u00e7o foi de 75,7% do PIB (Produto Interno Bruto).\n<\/p>\n<p>O resultado nominal considera o saldo das receitas e despesas da Uni\u00e3o e inclui o pagamento dos juros da d\u00edvida bruta. O Congresso aprovou uma medida apresentada pelo governo para excluir os gastos com o Rio Grande do Sul do c\u00e1lculo das principais regras fiscais, por exemplo do marco fiscal sancionado em agosto de 2023. Portanto, as despesas com o RS n\u00e3o ser\u00e3o contabilizadas na meta de resultado prim\u00e1rio, que exclui o pagamento dos juros da d\u00edvida.<\/p>\n<p>O Brasil gastou R$ 745,7 bilh\u00f5es com os juros da d\u00edvida no acumulado de 12 meses at\u00e9 mar\u00e7o. Os dados de deficit s\u00e3o do setor p\u00fablico consolidado \u2013formado por Uni\u00e3o, Estados, munic\u00edpios e estatais.\n<\/p>\n<p>A expans\u00e3o de gastos fora das regras fiscais vai aumentar a d\u00edvida p\u00fablica. No Boletim Focus, do Banco Central, os analistas do mercado financeiro aumentaram a proje\u00e7\u00e3o de 79,75% (estimativa da semana anterior) para 80% do PIB. Com a sinaliza\u00e7\u00e3o do Copom (Comit\u00ea de Pol\u00edtica Monet\u00e1ria) em cortar a Selic em 0,25 ponto percentual, ser\u00e1 mais caro custear os juros da d\u00edvida.\n<\/p>\n<p>A mediana das estimativas tamb\u00e9m piorou para os anos seguintes:\n<\/p>\n<p>2025: de 76% para 76,15% do PIB;<br \/>2026: de 77,5% para 78% do PIB;<br \/>2027: de 75% para 76% do PIB.<br \/>Dados do Banco Central mostram que o deficit nominal do Brasil foi de R$ 998,6 bilh\u00f5es no acumulado de 12 meses at\u00e9 mar\u00e7o. O patamar de resultado nominal mais baixo (infogr\u00e1fico abaixo) foi em janeiro de 2021, quando atingiu R$ 1,016 trilh\u00e3o.\n<\/p>\n<p>Fonte: Poder 360              <\/p>\n<\/div>\n<p><br \/>\n<br \/><a href=\"https:\/\/diariodobrasilnoticias.com.br\/noticia\/lula-gasta-mais-que-na-pandemia-veja-numeros-6763362ef2817\">Source link <\/a><\/p>","protected":false},"excerpt":{"rendered":"<p>O governo Luiz In\u00e1cio Lula da Silva (PT) tem deficit nominal quase igual ao registrado na situa\u00e7\u00e3o mais cr\u00edtica da pandemia de covid-19. O impacto econ\u00f4mico provocado pelas enchentes no&hellip;<\/p>","protected":false},"author":1,"featured_media":78805,"comment_status":"closed","ping_status":"open","sticky":false,"template":"","format":"standard","meta":{"content-type":"","footnotes":""},"categories":[16],"tags":[123,2448,5313,1267],"class_list":["post-78804","post","type-post","status-publish","format-standard","has-post-thumbnail","hentry","category-noticias","tag-brasil","tag-diario","tag-noticia","tag-noticias"],"_links":{"self":[{"href":"https:\/\/tvbrazilusa.com\/pt\/wp-json\/wp\/v2\/posts\/78804","targetHints":{"allow":["GET"]}}],"collection":[{"href":"https:\/\/tvbrazilusa.com\/pt\/wp-json\/wp\/v2\/posts"}],"about":[{"href":"https:\/\/tvbrazilusa.com\/pt\/wp-json\/wp\/v2\/types\/post"}],"author":[{"embeddable":true,"href":"https:\/\/tvbrazilusa.com\/pt\/wp-json\/wp\/v2\/users\/1"}],"replies":[{"embeddable":true,"href":"https:\/\/tvbrazilusa.com\/pt\/wp-json\/wp\/v2\/comments?post=78804"}],"version-history":[{"count":1,"href":"https:\/\/tvbrazilusa.com\/pt\/wp-json\/wp\/v2\/posts\/78804\/revisions"}],"predecessor-version":[{"id":78806,"href":"https:\/\/tvbrazilusa.com\/pt\/wp-json\/wp\/v2\/posts\/78804\/revisions\/78806"}],"wp:featuredmedia":[{"embeddable":true,"href":"https:\/\/tvbrazilusa.com\/pt\/wp-json\/wp\/v2\/media\/78805"}],"wp:attachment":[{"href":"https:\/\/tvbrazilusa.com\/pt\/wp-json\/wp\/v2\/media?parent=78804"}],"wp:term":[{"taxonomy":"category","embeddable":true,"href":"https:\/\/tvbrazilusa.com\/pt\/wp-json\/wp\/v2\/categories?post=78804"},{"taxonomy":"post_tag","embeddable":true,"href":"https:\/\/tvbrazilusa.com\/pt\/wp-json\/wp\/v2\/tags?post=78804"}],"curies":[{"name":"wp","href":"https:\/\/api.w.org\/{rel}","templated":true}]}}