{"id":78810,"date":"2024-12-18T23:41:56","date_gmt":"2024-12-18T23:41:56","guid":{"rendered":"https:\/\/tvbrazilusa.com\/2024\/12\/18\/alckmin-se-encontra-com-ex-ministra-de-bolsonaro-no-planalto\/"},"modified":"2024-12-18T23:41:57","modified_gmt":"2024-12-18T23:41:57","slug":"alckmin-se-encontra-com-ex-ministra-de-bolsonaro-no-planalto","status":"publish","type":"post","link":"https:\/\/tvbrazilusa.com\/pt\/2024\/12\/18\/alckmin-se-encontra-com-ex-ministra-de-bolsonaro-no-planalto\/","title":{"rendered":"Alckmin se encontra com ex-ministra de Bolsonaro no Planalto"},"content":{"rendered":"<p> <script async src=\"https:\/\/pagead2.googlesyndication.com\/pagead\/js\/adsbygoogle.js?client=ca-pub-8864793242727901\"\r\n     crossorigin=\"anonymous\"><\/script><br \/>\n<\/p>\n<div id=\"taboola-read-more\" style=\"display:block; width:100%\">\n<p>Vice-presidente e ministro da Ind\u00fastria e Com\u00e9rcio, Geraldo Alckmin recebeu a ex-ministra da Agricultura de Jair Bolsonaro e atual senadora Tereza Cristina (PP-MS).\n<\/p>\n<p>O encontro aconteceu na manh\u00e3 desta quarta-feira (18\/12), no gabinete de Alckmin no Pal\u00e1cio do Planalto, e foi registrado tanto pelo vice quanto pela ex-ministra.<\/p>\n<p>Nas redes sociais, Tereza Cristina publicou fotos com o vice-presidente de Lula e afirmou que o encontro tratou da moderniza\u00e7\u00e3o e sustentabilidade do agroneg\u00f3cio.\n<\/p>\n<p>A senadora estava acompanhada de uma s\u00e9rie de representantes de institui\u00e7\u00f5es ligadas ao agroneg\u00f3cio. Entre eles, Jorge Michelc, presidente da Aprosoja\/MS.\n<\/p>\n<p>Veja quem participou da reuni\u00e3o, al\u00e9m de Alckmin e Tereza Cristina:\n<\/p>\n<p>Alexandre Nepomuceno, Chefe Geral da Embrapa Soja;<br \/>Paulo Bertolini, Presidente da Abramilho;<br \/>Andr\u00e9 Dobashi, Presidente da Comiss\u00e3o Nacional de Cereais, Fibras e Oleaginosas da CNA<br \/>Jorge Michelc, Presidente da Aprosoja\/MS;<br \/>Wallas Ferreira, Diretor da Associa\u00e7\u00e3o Nacional dos Exportadores de Cereais \u2013 ANEC;<br \/>Claudia Trevisan, Diretora Executiva do Conselho Empresarial Brasil-China;<br \/>Geraldo Berger, Vice-Presidente e Chefe de Ci\u00eancia Regulat\u00f3ria Bayer;<br \/>Larissa Wachholz, Consultoria Vallya Agro;<br \/>Gustavo Guimar\u00e3es, Chefe da Assessoria Especial de Assuntos Parlamentares e Federativos \u2013 VPR\/MDIC;<br \/>Embaixador Celso de Tarso, Chefe da Assessoria Diplom\u00e1tica da Vice-Presid\u00eancia;<br \/>Tatiana Lacerda Prazeres, Secret\u00e1ria de Com\u00e9rcio Exterior \u2013 MDIC;<br \/>Helo\u00edsa Pereira, Secret\u00e1ria-Executiva Substituta de Com\u00e9rcio Exterior \u2013 MDIC.\n<\/p>\n<p>Fonte: Metr\u00f3poles              <\/p>\n<\/div>\n<p><br \/>\n<br \/><a href=\"https:\/\/diariodobrasilnoticias.com.br\/noticia\/alckmin-se-encontra-com-ex-ministra-de-bolsonaro-no-planalto-676337288617f\">Source link <\/a><\/p>","protected":false},"excerpt":{"rendered":"<p>Vice-presidente e ministro da Ind\u00fastria e Com\u00e9rcio, Geraldo Alckmin recebeu a ex-ministra da Agricultura de Jair Bolsonaro e atual senadora Tereza Cristina (PP-MS). O encontro aconteceu na manh\u00e3 desta quarta-feira&hellip;<\/p>","protected":false},"author":1,"featured_media":78811,"comment_status":"closed","ping_status":"open","sticky":false,"template":"","format":"standard","meta":{"content-type":"","footnotes":""},"categories":[16],"tags":[123,2448,5313,1267],"class_list":["post-78810","post","type-post","status-publish","format-standard","has-post-thumbnail","hentry","category-noticias","tag-brasil","tag-diario","tag-noticia","tag-noticias"],"_links":{"self":[{"href":"https:\/\/tvbrazilusa.com\/pt\/wp-json\/wp\/v2\/posts\/78810","targetHints":{"allow":["GET"]}}],"collection":[{"href":"https:\/\/tvbrazilusa.com\/pt\/wp-json\/wp\/v2\/posts"}],"about":[{"href":"https:\/\/tvbrazilusa.com\/pt\/wp-json\/wp\/v2\/types\/post"}],"author":[{"embeddable":true,"href":"https:\/\/tvbrazilusa.com\/pt\/wp-json\/wp\/v2\/users\/1"}],"replies":[{"embeddable":true,"href":"https:\/\/tvbrazilusa.com\/pt\/wp-json\/wp\/v2\/comments?post=78810"}],"version-history":[{"count":1,"href":"https:\/\/tvbrazilusa.com\/pt\/wp-json\/wp\/v2\/posts\/78810\/revisions"}],"predecessor-version":[{"id":78812,"href":"https:\/\/tvbrazilusa.com\/pt\/wp-json\/wp\/v2\/posts\/78810\/revisions\/78812"}],"wp:featuredmedia":[{"embeddable":true,"href":"https:\/\/tvbrazilusa.com\/pt\/wp-json\/wp\/v2\/media\/78811"}],"wp:attachment":[{"href":"https:\/\/tvbrazilusa.com\/pt\/wp-json\/wp\/v2\/media?parent=78810"}],"wp:term":[{"taxonomy":"category","embeddable":true,"href":"https:\/\/tvbrazilusa.com\/pt\/wp-json\/wp\/v2\/categories?post=78810"},{"taxonomy":"post_tag","embeddable":true,"href":"https:\/\/tvbrazilusa.com\/pt\/wp-json\/wp\/v2\/tags?post=78810"}],"curies":[{"name":"wp","href":"https:\/\/api.w.org\/{rel}","templated":true}]}}