{"id":78827,"date":"2024-12-19T00:02:03","date_gmt":"2024-12-19T00:02:03","guid":{"rendered":"https:\/\/tvbrazilusa.com\/2024\/12\/19\/revelado-o-projeto-do-parque-metropolitano-aqui-esta-o-que-inclui-jacksonville-hoje\/"},"modified":"2024-12-19T00:09:19","modified_gmt":"2024-12-19T00:09:19","slug":"revelado-o-projeto-do-parque-metropolitano-aqui-esta-o-que-inclui-jacksonville-hoje","status":"publish","type":"post","link":"https:\/\/tvbrazilusa.com\/pt\/2024\/12\/19\/revelado-o-projeto-do-parque-metropolitano-aqui-esta-o-que-inclui-jacksonville-hoje\/","title":{"rendered":"Revelado o projeto do Parque Metropolitano; aqui est\u00e1 o que inclui | Jacksonville hoje"},"content":{"rendered":"<p> <script async src=\"https:\/\/pagead2.googlesyndication.com\/pagead\/js\/adsbygoogle.js?client=ca-pub-8864793242727901\"\r\n     crossorigin=\"anonymous\"><\/script><br \/>\n<\/p>\n<div>\n<p>A vers\u00e3o final do <a href=\"https:\/\/revitalizingmetropolitanpark.com\/\" rel=\"nofollow noopener\" target=\"_blank\">redesenho proposto<\/a> do Parque Metropolitano do Centro ainda tem muitas \u00e1rvores, uma marca registrada do ic\u00f4nico local \u00e0 beira-rio.<\/p>\n<p>A reformula\u00e7\u00e3o tamb\u00e9m traz uma vers\u00e3o atualizada do grande gramado central onde o Jacksonville Jazz Festival recebeu centenas de f\u00e3s no passado. Sua altura seria elevada alguns metros para melhor drenagem e prote\u00e7\u00e3o contra inunda\u00e7\u00f5es.<\/p>\n<p>A proposta final acrescenta ainda \u00e1reas de food truck, um segundo e menor palco de shows, playgrounds e um cais comunit\u00e1rio. H\u00e1 estacionamento sombreado ao longo do Gator Bowl Boulevard, al\u00e9m de uma \u00e1rea de piquenique sob as \u00e1rvores ao longo da colina oeste.<\/p>\n<p>O projeto, revelado em reuni\u00e3o na prefeitura na quarta-feira, foi criado depois que dezenas de pessoas comentaram sobre <a href=\"https:\/\/jaxtoday.org\/2024\/06\/25\/heres-what-theyre-considering-for-metropolitan-park\/\">tr\u00eas poss\u00edveis reformula\u00e7\u00f5es<\/a> do parque ribeirinho arborizado durante uma reuni\u00e3o da prefeitura em junho.<\/p>\n<p>A proposta final combina as partes mais apreciadas dos tr\u00eas conceitos com base no que as pessoas disseram que queriam, disse Scott Jordan, l\u00edder da equipe de design do projeto Civitas of Denver, o escrit\u00f3rio de arquitetura que fez o design.<\/p>\n<p>\u201cTentamos combinar as melhores caracter\u00edsticas de cada um\u201d, disse Jordan. \u201cO que ouvimos da comunidade foi que eles queriam que fosse natural; eles queriam muitos lugares para se reunir e sair; e obviamente os eventos s\u00e3o uma grande parte do que o Met Park sempre foi para a comunidade, e queria que continuasse assim. Acho que este plano realmente re\u00fane todas essas ideias.\u201d<\/p>\n<figure class=\"wp-block-image size-large\"><figcaption class=\"wp-element-caption\">A proposta final do Parque Metropolitano inclui gramado central para apresenta\u00e7\u00f5es, palco menor sombreado, parques aqu\u00e1ticos e l\u00fadicos, estacionamento sombreado e cal\u00e7ad\u00e3o \u00e0 beira do rio. | Dan Scanlan, Jacksonville hoje<\/figcaption><\/figure>\n<p>Randy Wyse observou as exibi\u00e7\u00f5es do redesenho durante a reuni\u00e3o da prefeitura na quarta-feira. Ele disse que gosta de como tem espa\u00e7o para realizar todos os tipos de eventos e permanece natural.<\/p>\n<p>\u201cA capacidade de realizar eventos l\u00e1 atr\u00e1s como fizemos h\u00e1 muitos anos \u00e9 fant\u00e1stica. Espero que isso aconte\u00e7a r\u00e1pido\u201d, disse Wyse, chefe da pol\u00edcia municipal e do fundo de seguros dos bombeiros. \u201cNo meio de uma \u00e1rea que em breve ser\u00e1 movimentada com o est\u00e1dio e o hotel Four Seasons e todas as coisas que est\u00e3o sendo desenvolvidas l\u00e1, acho que ser\u00e1 uma grande \u00e1rea de o\u00e1sis que as pessoas poder\u00e3o desfrutar.\u201d<\/p>\n<p>Tracy Arpen, ex-presidente do Greenscape de Jacksonville, estava l\u00e1 quando as \u00e1rvores do parque foram plantadas, d\u00e9cadas atr\u00e1s. Ela achou que o redesenho proposto \u00e9 uma melhoria em rela\u00e7\u00e3o aos planos iniciais.<\/p>\n<p>\u201cEstou feliz que eles estejam salvando muito mais \u00e1rvores do que inicialmente proposto\u201d, disse Arpen, que acompanhou o projeto do parque em reuni\u00f5es anteriores na prefeitura. \u201cMas tenho uma preocupa\u00e7\u00e3o sobre qual ser\u00e1 o efeito de colocar 2 p\u00e9s de preenchimento para aumentar a altura da \u00e1rea de atua\u00e7\u00e3o nas \u00e1rvores existentes. E estou preocupado porque o cal\u00e7ad\u00e3o \u00e9 bastante estreito e \u00e9 mostrado sem grades.\u201d<\/p>\n<h3 class=\"wp-block-heading\">Hist\u00f3ria do Parque Metropolitano<\/h3>\n<p>O espa\u00e7o do parque foi constru\u00eddo na d\u00e9cada de 1980 como local de festivais e concertos. Fica ao lado do hotel Four Seasons em constru\u00e7\u00e3o no Gator Bowl Boulevard, mas tem sido subutilizado nos \u00faltimos anos. <\/p>\n<p>O Festival de Jazz mudou-se para o parque em 1982 e permaneceu at\u00e9 2008, quando mudou para outros locais. O festival <a href=\"https:\/\/jaxtoday.org\/2024\/03\/15\/jacksonville-jazz-fest-announces-lineup-at-new-site\/\">voltou ao Parque Metropolitano<\/a> este ano, e o parque recentemente abrigou festivais de m\u00fasica e outros eventos, embora o palco tenha sido removido em 2016.<\/p>\n<figure class=\"wp-block-image size-large\"><img loading=\"lazy\" color=\"7f7762\" transparency=\"false\" style=\"--dominant-color: #7f7762;\" decoding=\"async\" width=\"1024\" height=\"576\" src=\"https:\/\/jaxtoday.org\/wp-content\/uploads\/2024\/12\/20241218_101700-1024x576.jpg\" alt=\"\" class=\"not-transparent wp-image-84287\" srcset=\"https:\/\/jaxtoday.org\/wp-content\/uploads\/2024\/12\/20241218_101700-1024x576.jpg 1024w, https:\/\/jaxtoday.org\/wp-content\/uploads\/2024\/12\/20241218_101700-300x169.jpg 300w, https:\/\/jaxtoday.org\/wp-content\/uploads\/2024\/12\/20241218_101700-768x432.jpg 768w, https:\/\/jaxtoday.org\/wp-content\/uploads\/2024\/12\/20241218_101700-1536x864.jpg 1536w, https:\/\/jaxtoday.org\/wp-content\/uploads\/2024\/12\/20241218_101700-2048x1152.jpg 2048w, https:\/\/jaxtoday.org\/wp-content\/uploads\/2024\/12\/20241218_101700-800x450.jpg 800w, https:\/\/jaxtoday.org\/wp-content\/uploads\/2024\/12\/20241218_101700-1200x675.jpg 1200w, https:\/\/jaxtoday.org\/wp-content\/uploads\/2024\/12\/20241218_101700-427x240.jpg 427w, https:\/\/jaxtoday.org\/wp-content\/uploads\/2024\/12\/20241218_101700-100x56.jpg 100w, https:\/\/jaxtoday.org\/wp-content\/uploads\/2024\/12\/20241218_101700-1650x928.jpg 1650w\" sizes=\"auto, (max-width: 1024px) 100vw, 1024px\"\/><figcaption class=\"wp-element-caption\">Metropolitan Park como est\u00e1 agora, olhando de onde ficava o palco. Os guindastes ao fundo est\u00e3o sendo usados \u200b\u200bpara construir o hotel Four Seasons. | Dan Scanlan, Jacksonville hoje<\/figcaption><\/figure>\n<p>Uma equipe de revitaliza\u00e7\u00e3o do parque foi formada para iniciar a reformula\u00e7\u00e3o, e uma reuni\u00e3o na prefeitura foi realizada em abril para que as pessoas pudessem fazer sugest\u00f5es iniciais.<\/p>\n<p>Tr\u00eas projetos conceituais foram elaborados a partir de coment\u00e1rios feitos em abril e apresentados em uma reuni\u00e3o na prefeitura em junho. Todos apresentavam \u00e1reas gramadas para eventos, muita sombra, passeios pela natureza e \u00e1reas de lazer.<\/p>\n<p>A proposta final do projeto tem uma ampla faixa de pedestres atrav\u00e9s do Gator Bowl Boulevard para chegar ao Lot J do EverBank Stadium. <\/p>\n<figure class=\"wp-block-image size-full\"><img loading=\"lazy\" color=\"bdb197\" transparency=\"false\" style=\"--dominant-color: #bdb197;\" decoding=\"async\" width=\"861\" height=\"484\" src=\"https:\/\/jaxtoday.org\/wp-content\/uploads\/2024\/12\/Boardwalk.jpg\" alt=\"\" class=\"not-transparent wp-image-84341\" srcset=\"https:\/\/jaxtoday.org\/wp-content\/uploads\/2024\/12\/Boardwalk.jpg 861w, https:\/\/jaxtoday.org\/wp-content\/uploads\/2024\/12\/Boardwalk-300x169.jpg 300w, https:\/\/jaxtoday.org\/wp-content\/uploads\/2024\/12\/Boardwalk-768x432.jpg 768w, https:\/\/jaxtoday.org\/wp-content\/uploads\/2024\/12\/Boardwalk-800x450.jpg 800w, https:\/\/jaxtoday.org\/wp-content\/uploads\/2024\/12\/Boardwalk-427x240.jpg 427w, https:\/\/jaxtoday.org\/wp-content\/uploads\/2024\/12\/Boardwalk-100x56.jpg 100w\" sizes=\"auto, (max-width: 861px) 100vw, 861px\"\/><figcaption class=\"wp-element-caption\">O projeto do cal\u00e7ad\u00e3o \u00e0 beira-rio mostra uma \u00e1rea de ancoragem \u00e0 direita. | Dan Scanlan, Jacksonville hoje<\/figcaption><\/figure>\n<p>O redesenho resultaria na remo\u00e7\u00e3o de apenas oito \u00e1rvores, restando 64 \u00e1rvores grandes e outras 14 realocadas.<\/p>\n<p>\u201cIsso foi uma coisa que ouvimos em alto e bom som \u2013 a parte bonita do Met Park \u00e9 que \u00e9 um parque bem arborizado e arborizado, e eles querem manter isso\u201d, disse Jordan. \u201cE estamos adicionando mais algumas centenas de \u00e1rvores \u00e0 experi\u00eancia maior do parque.\u201d<\/p>\n<h3 class=\"wp-block-heading\">Desenvolvimento ribeirinho<\/h3>\n<p>Lori Boyer, chefe da Downtown Investment Authority, estava entre os que analisaram a proposta final. Ela descreveu o Four Seasons, o pr\u00e9dio de escrit\u00f3rios ao lado e um Parque Metropolitano melhorado como parte de um plano para desenvolver a zona ribeirinha para neg\u00f3cios e relaxamento.<\/p>\n<p>\u201cVoc\u00ea tem este o\u00e1sis, ent\u00e3o voc\u00ea tem desenvolvimento\u201d, disse Boyer. \u201cIsso ajuda esses empreendimentos privados a terem sucesso, e os investimentos p\u00fablicos no est\u00e1dio e outras coisas s\u00e3o embelezados por ter este tipo de espa\u00e7o de parque pr\u00f3ximo a eles.\u201d<\/p>\n<figure class=\"wp-block-image size-large\"><img loading=\"lazy\" color=\"c9cd90\" transparency=\"false\" style=\"--dominant-color: #c9cd90;\" decoding=\"async\" width=\"1024\" height=\"576\" src=\"https:\/\/jaxtoday.org\/wp-content\/uploads\/2024\/12\/20241218_153745-1024x576.jpg\" alt=\"\" class=\"not-transparent wp-image-84315\" srcset=\"https:\/\/jaxtoday.org\/wp-content\/uploads\/2024\/12\/20241218_153745-1024x576.jpg 1024w, https:\/\/jaxtoday.org\/wp-content\/uploads\/2024\/12\/20241218_153745-300x169.jpg 300w, https:\/\/jaxtoday.org\/wp-content\/uploads\/2024\/12\/20241218_153745-768x432.jpg 768w, https:\/\/jaxtoday.org\/wp-content\/uploads\/2024\/12\/20241218_153745-1536x864.jpg 1536w, https:\/\/jaxtoday.org\/wp-content\/uploads\/2024\/12\/20241218_153745-2048x1152.jpg 2048w, https:\/\/jaxtoday.org\/wp-content\/uploads\/2024\/12\/20241218_153745-800x450.jpg 800w, https:\/\/jaxtoday.org\/wp-content\/uploads\/2024\/12\/20241218_153745-1200x675.jpg 1200w, https:\/\/jaxtoday.org\/wp-content\/uploads\/2024\/12\/20241218_153745-427x240.jpg 427w, https:\/\/jaxtoday.org\/wp-content\/uploads\/2024\/12\/20241218_153745-100x56.jpg 100w, https:\/\/jaxtoday.org\/wp-content\/uploads\/2024\/12\/20241218_153745-1650x928.jpg 1650w\" sizes=\"auto, (max-width: 1024px) 100vw, 1024px\"\/><figcaption class=\"wp-element-caption\">As pessoas que analisassem a proposta final do Parque Metropolitano poderiam marc\u00e1-la com bandeiras vermelhas para as partes que n\u00e3o gostaram, verdes para as coisas de que gostaram e fl\u00e2mulas brancas para as coisas que mudariam. | Dan Scanlan, Jacksonville hoje<\/figcaption><\/figure>\n<p>Pode levar cerca de 12 meses para a equipe de Jordan apresentar um projeto detalhado de engenharia e paisagismo para revis\u00e3o da cidade, disse ele. Depois caberia \u00e0 prefeitura aprovar e licitar para constru\u00e7\u00e3o.<\/p>\n<p>Nenhuma data foi definida para isso ainda, mas o plano de melhoria de capital da cidade inclui mais de US$ 13 milh\u00f5es para a reforma, que \u201ccaberia dentro do or\u00e7amento\u201d, disse Jordan.<\/p>\n<hr class=\"wp-block-separator has-alpha-channel-opacity\"\/>\n<\/div>\n<p><br \/>\n<br \/><a href=\"https:\/\/jaxtoday.org\/2024\/12\/18\/metropolitan-park-final-design-2\/\">Source link <\/a><\/p>","protected":false},"excerpt":{"rendered":"<p>A vers\u00e3o final do redesenho proposto do Parque Metropolitano do Centro ainda tem muitas \u00e1rvores, uma marca registrada do ic\u00f4nico local \u00e0 beira-rio. A reformula\u00e7\u00e3o tamb\u00e9m traz uma vers\u00e3o atualizada&hellip;<\/p>","protected":false},"author":1,"featured_media":78828,"comment_status":"closed","ping_status":"open","sticky":false,"template":"","format":"standard","meta":{"content-type":"","footnotes":""},"categories":[1],"tags":[],"class_list":["post-78827","post","type-post","status-publish","format-standard","has-post-thumbnail","hentry","category-uncategorized"],"_links":{"self":[{"href":"https:\/\/tvbrazilusa.com\/pt\/wp-json\/wp\/v2\/posts\/78827","targetHints":{"allow":["GET"]}}],"collection":[{"href":"https:\/\/tvbrazilusa.com\/pt\/wp-json\/wp\/v2\/posts"}],"about":[{"href":"https:\/\/tvbrazilusa.com\/pt\/wp-json\/wp\/v2\/types\/post"}],"author":[{"embeddable":true,"href":"https:\/\/tvbrazilusa.com\/pt\/wp-json\/wp\/v2\/users\/1"}],"replies":[{"embeddable":true,"href":"https:\/\/tvbrazilusa.com\/pt\/wp-json\/wp\/v2\/comments?post=78827"}],"version-history":[{"count":1,"href":"https:\/\/tvbrazilusa.com\/pt\/wp-json\/wp\/v2\/posts\/78827\/revisions"}],"predecessor-version":[{"id":78829,"href":"https:\/\/tvbrazilusa.com\/pt\/wp-json\/wp\/v2\/posts\/78827\/revisions\/78829"}],"wp:featuredmedia":[{"embeddable":true,"href":"https:\/\/tvbrazilusa.com\/pt\/wp-json\/wp\/v2\/media\/78828"}],"wp:attachment":[{"href":"https:\/\/tvbrazilusa.com\/pt\/wp-json\/wp\/v2\/media?parent=78827"}],"wp:term":[{"taxonomy":"category","embeddable":true,"href":"https:\/\/tvbrazilusa.com\/pt\/wp-json\/wp\/v2\/categories?post=78827"},{"taxonomy":"post_tag","embeddable":true,"href":"https:\/\/tvbrazilusa.com\/pt\/wp-json\/wp\/v2\/tags?post=78827"}],"curies":[{"name":"wp","href":"https:\/\/api.w.org\/{rel}","templated":true}]}}