{"id":78833,"date":"2024-12-19T00:17:44","date_gmt":"2024-12-19T00:17:44","guid":{"rendered":"https:\/\/tvbrazilusa.com\/2024\/12\/19\/mourao-afirma-que-a-prisao-de-braga-netto-teve-um-argumento-fraco\/"},"modified":"2024-12-19T00:17:45","modified_gmt":"2024-12-19T00:17:45","slug":"mourao-afirma-que-a-prisao-de-braga-netto-teve-um-argumento-fraco","status":"publish","type":"post","link":"https:\/\/tvbrazilusa.com\/pt\/2024\/12\/19\/mourao-afirma-que-a-prisao-de-braga-netto-teve-um-argumento-fraco\/","title":{"rendered":"Mour\u00e3o afirma que a pris\u00e3o de Braga Netto teve um &#8216;argumento fraco&#8217;"},"content":{"rendered":"<p> <script async src=\"https:\/\/pagead2.googlesyndication.com\/pagead\/js\/adsbygoogle.js?client=ca-pub-8864793242727901\"\r\n     crossorigin=\"anonymous\"><\/script><br \/>\n<\/p>\n<div id=\"taboola-read-more\" style=\"display:block; width:100%\">\n<p>\u00c0 CNN, o senador Hamilton Mour\u00e3o (Republicanos-RS) disse, nesta quarta-feira (18), que a pris\u00e3o do general Walter Braga Netto pela Pol\u00edcia Federal (PF) teve um \u201cargumento fraco\u201d.\n<\/p>\n<p>\u201cO general Braga Netto \u00e9 recolhido \u00e0 pris\u00e3o sob o argumento de estar causando obstru\u00e7\u00e3o \u00e0 Justi\u00e7a por no ano passado ter tentado manter contato com os pais do tenente-coronel Cid. Na minha vis\u00e3o, \u00e9 um argumento muito fraco para colocar o Braga Netto nesse momento na pris\u00e3o\u201d, disse Mour\u00e3o ao Bastidores CNN (segunda a sexta-feira \u00e0s 12h).<\/p>\n<p>Em depoimento no dia 5 de fevereiro de 2024, o tenente-coronel Mauro Cid confirmou que Braga Netto e \u201coutros intermedi\u00e1rios\u201d procuraram seu pai, o general Mauro Lourena Cid, por telefone para saber informa\u00e7\u00f5es sobre a colabora\u00e7\u00e3o premiada firmada pelo ex-ajudante de ordens.\n<\/p>\n<p>Visita<br \/>O ex-vice-presidente afirmou ainda que deseja visitar Braga Netto na pris\u00e3o. Segundo ele, os dois s\u00e3o amigos de longa data e deve visit\u00e1-lo para \u201couvi-lo e dar for\u00e7a\u201d.\n<\/p>\n<p>Ambos s\u00e3o generais de quatro estrelas reformados do Ex\u00e9rcito.\n<\/p>\n<p>\u201cBraga Netto \u00e9 meu amigo a mais de 40 anos, fomos parceiro de voleibol juntos e nessa hora voc\u00ea n\u00e3o deixa um amigo abandonado. \u00c9 uma quest\u00e3o de camaradagem e respeito m\u00fatuo\u201d, disse o ex-vice-presidente.\n<\/p>\n<p>As visitas a Braga Netto s\u00e3o autorizadas somente mediante autoriza\u00e7\u00e3o expressa do gabinete do ministro Alexandre de Moraes, do Supremo Tribunal Federal (STF). Para isso, Mour\u00e3o entrou com um pedido na Corte.\n<\/p>\n<p>Pris\u00e3o<br \/>Braga Netto foi preso preventivamente no \u00faltimo s\u00e1bado (14) em Bras\u00edlia, onde os agentes da PF cumpriram busca e apreens\u00e3o.\n<\/p>\n<p>O general foi alvo de uma opera\u00e7\u00e3o referente ao inqu\u00e9rito que apurou a tentativa de golpe de Estado, para impedir a posse do presidente Luiz In\u00e1cio Lula da Silva (PT) em 2022.\n<\/p>\n<p>O militar \u00e9 suspeito de tentar obter dados da dela\u00e7\u00e3o premiada do tenente-coronel Mauro Cid, ex-ajudante de ordens de Jair Bolsonaro.\n<\/p>\n<p>Em manifesta\u00e7\u00e3o favor\u00e1vel \u00e0 pris\u00e3o preventiva, a Procuradoria-Geral da Rep\u00fablica (PGR) justifica que a medida evita interfer\u00eancia nas apura\u00e7\u00f5es do caso.\n<\/p>\n<p>Braga Netto, atualmente na reserva do Ex\u00e9rcito, foi ministro da Casa Civil e da Defesa no governo Bolsonaro.\n<\/p>\n<p>Fonte: CNN Brasil              <\/p>\n<\/div>\n<p><br \/>\n<br \/><a href=\"https:\/\/diariodobrasilnoticias.com.br\/noticia\/-mourao-afirma-que-a-prisao-de-braga-netto-teve-um-argumento-fraco-676341f878b70\">Source link <\/a><\/p>","protected":false},"excerpt":{"rendered":"<p>\u00c0 CNN, o senador Hamilton Mour\u00e3o (Republicanos-RS) disse, nesta quarta-feira (18), que a pris\u00e3o do general Walter Braga Netto pela Pol\u00edcia Federal (PF) teve um \u201cargumento fraco\u201d. \u201cO general Braga&hellip;<\/p>","protected":false},"author":1,"featured_media":78834,"comment_status":"closed","ping_status":"open","sticky":false,"template":"","format":"standard","meta":{"content-type":"","footnotes":""},"categories":[16],"tags":[123,2448,5313,1267],"class_list":["post-78833","post","type-post","status-publish","format-standard","has-post-thumbnail","hentry","category-noticias","tag-brasil","tag-diario","tag-noticia","tag-noticias"],"_links":{"self":[{"href":"https:\/\/tvbrazilusa.com\/pt\/wp-json\/wp\/v2\/posts\/78833","targetHints":{"allow":["GET"]}}],"collection":[{"href":"https:\/\/tvbrazilusa.com\/pt\/wp-json\/wp\/v2\/posts"}],"about":[{"href":"https:\/\/tvbrazilusa.com\/pt\/wp-json\/wp\/v2\/types\/post"}],"author":[{"embeddable":true,"href":"https:\/\/tvbrazilusa.com\/pt\/wp-json\/wp\/v2\/users\/1"}],"replies":[{"embeddable":true,"href":"https:\/\/tvbrazilusa.com\/pt\/wp-json\/wp\/v2\/comments?post=78833"}],"version-history":[{"count":1,"href":"https:\/\/tvbrazilusa.com\/pt\/wp-json\/wp\/v2\/posts\/78833\/revisions"}],"predecessor-version":[{"id":78835,"href":"https:\/\/tvbrazilusa.com\/pt\/wp-json\/wp\/v2\/posts\/78833\/revisions\/78835"}],"wp:featuredmedia":[{"embeddable":true,"href":"https:\/\/tvbrazilusa.com\/pt\/wp-json\/wp\/v2\/media\/78834"}],"wp:attachment":[{"href":"https:\/\/tvbrazilusa.com\/pt\/wp-json\/wp\/v2\/media?parent=78833"}],"wp:term":[{"taxonomy":"category","embeddable":true,"href":"https:\/\/tvbrazilusa.com\/pt\/wp-json\/wp\/v2\/categories?post=78833"},{"taxonomy":"post_tag","embeddable":true,"href":"https:\/\/tvbrazilusa.com\/pt\/wp-json\/wp\/v2\/tags?post=78833"}],"curies":[{"name":"wp","href":"https:\/\/api.w.org\/{rel}","templated":true}]}}